{"id":2733,"date":"2025-02-08T19:05:00","date_gmt":"2025-02-08T18:05:00","guid":{"rendered":"https:\/\/gratistidning.com.hemsida.eu\/boden\/?p=2733"},"modified":"2025-02-08T19:05:00","modified_gmt":"2025-02-08T18:05:00","slug":"dromforhallanden-nar-north-rally-boden-bjod-spektakular-arspremiar-i-rally-sm","status":"publish","type":"post","link":"https:\/\/gratistidning.com\/boden\/blog\/2025\/02\/08\/dromforhallanden-nar-north-rally-boden-bjod-spektakular-arspremiar-i-rally-sm\/","title":{"rendered":"Dr\u00f6mf\u00f6rh\u00e5llanden n\u00e4r North Rally Boden bj\u00f6d spektakul\u00e4r \u00e5rspremi\u00e4r i Rally-SM"},"content":{"rendered":"<p><em>Dennis R\u00e5dstr\u00f6m & Sunniva Rudi vann Internationella 4WD. Foto: Niklas Falk\/Svensk Bilsport.<\/em><\/p>\n<h4>I fantastiska f\u00f6ruts\u00e4ttningar, med str\u00e5lande sol och lagom m\u00e5nga minusgrader, avgjordes den andra dagen av North Rally Boden. Det blev j\u00e4mna kamper i samtliga klasser n\u00e4r den f\u00f6rsta SM-delt\u00e4vlingen f\u00f6r s\u00e4songen avgjordes.<\/h4>\n<p>Dennis R\u00e5dstr\u00f6m och Sunniva Rudi kopplade greppet om ledningen i Internationella 4WD redan under fredagskv\u00e4llen. P\u00e5 l\u00f6rdagens inledande str\u00e4ckor ut\u00f6kade V\u00e4rml\u00e4ningen ledningen till 28 sekunder \u00f6ver Isak Reiersen. Skoda-f\u00f6raren Reiersen kapade R\u00e5dstr\u00f6ms ledning successivt under eftermiddagen, och i m\u00e5l skiljde det bara 8 sekunder mellan de b\u00e5da Torsbys\u00f6nerna.<\/p>\n<p>R\u00e5dstr\u00f6m och Rudi vann klassen i North Rally Boden, och tog d\u00e4rmed seger i sin debut i deras nya Toyota GR Yaris Rally2 p\u00e5 d\u00e4ck fr\u00e5n Hankook.<\/p>\n<p><em>\u2013 Vi fick en lucka ig\u00e5r p\u00e5 fredagskv\u00e4llen, som vi hanterade v\u00e4l. Vi beh\u00f6ll lugnet. \u00c4ven om det kanske blev lite v\u00e4l tight mot slutet. En riktigt bra start p\u00e5 s\u00e4songen,<\/em>\u00a0s\u00e4ger Dennis R\u00e5dstr\u00f6m.<\/p>\n<p>Tidigare v\u00e4rldsm\u00e4staren Pontus Tidemand slutade trea bakom R\u00e5dstr\u00f6m och Reiersen, och v\u00e4nder nu fokus mot VM-t\u00e4vlingen Rally Sweden i Ume\u00e5. D\u00e4r b\u00e5de Tidemand och Reiersen ska t\u00e4vla i WRC2-klassen f\u00f6r teamet JC Raceteknik.<\/p>\n<p>\u00d6rebros Mattias Monelius ledde klassen Nationella 4WD inf\u00f6r l\u00f6rdagen, men redan p\u00e5 dagens f\u00f6rsta str\u00e4cka fastnade han i en sn\u00f6vall och tvingades bryta. Ledningen \u00f6vertogs av unga Sk\u00e5ningen Adam Grahn i sin Ford Fiesta Rally3, en ledning han och kartl\u00e4saren Maja Bengtsson h\u00f6ll in i m\u00e5l. De tog segern endast 0,8 sekunder f\u00f6re Peter Johansson fr\u00e5n S\u00e4ter.<\/p>\n<p><em>\u2013 Vi ville ta hem segern, och det gjorde vi. V\u00e5r f\u00f6rsta SM-seger. Det blev en riktigt bra genomk\u00f6rare inf\u00f6r VM n\u00e4sta vecka, s\u00e5 det k\u00e4nns sk\u00f6nt,\u00a0<\/em>summerar Adam Grahn.<\/p>\n<p>\u00c4ven Adam Grahn v\u00e4nder nu fokus mot Rally Sweden i Ume\u00e5, d\u00e4r han och Maja ska g\u00f6ra sin VM-debut.<\/p>\n<p>Patrik Flodin vann den tv\u00e5hjulsdrivna klassen i sin comeback i klassen, efter tv\u00e5 raka SM-guld i Internationella 4WD. Tillsammans med kartl\u00e4saren G\u00f6ran Bergsten tog dom fulla po\u00e4ng i sin Volvo 940, 47 sekunder f\u00f6re teamkollegan Patrik Hallberg i GK Door Team Sweden, Hallberg vann \u00e4ven Junior-SM.<\/p>\n<p><em>\u2013 Det kan inte bli b\u00e4ttre. En fantastisk comeback i klassen. Stort tack till mina kompisar som k\u00f6pte tillbaka bilen \u00e5t oss, och till teamet, sponsorerna, och alla som g\u00f6r detta m\u00f6jligt,<\/em>\u00a0s\u00e4ger Patrik Flodin.<\/p>\n<p>Blekingef\u00f6raren Jonas \u00c5kesson slutade trea i sin debut i Drive VXO:s BMW 1M.<\/p>\n<p>I Standardklassen vann Anders Banger fr\u00e5n Ljusdal f\u00f6re junioren Noah Gr\u00f6nberg. I Riksm\u00e4sterskapet i standard togs hem av Alexander Pettersson.<\/p>\n<p><em>\u2013 Jag stod upp och k\u00f6rde p\u00e5 str\u00e4cka \u00e5tta, efter att vi tappade f\u00f6r mycket tid p\u00e5 str\u00e4cka sju. D\u00e4r fick vi visa ungdomarna. Det var en riktig Banger-attack,\u00a0<\/em>s\u00e4ger Anders Banger.<\/p>\n<p><strong>K\u00e4lla: Svensk Bilsport\/Rally SM<\/strong><\/p>\n","protected":false},"excerpt":{"rendered":"<p>Dennis R\u00e5dstr\u00f6m &#038; Sunniva Rudi vann Internationella 4WD. Foto: Niklas Falk\/Svensk Bilsport. I fantastiska f\u00f6ruts\u00e4ttningar, med str\u00e5lande sol och lagom m\u00e5nga minusgrader, avgjordes den andra dagen av North Rally Boden. Det blev j\u00e4mna kamper i samtliga klasser n\u00e4r den f\u00f6rsta SM-delt\u00e4vlingen f\u00f6r s\u00e4songen avgjordes. Dennis R\u00e5dstr\u00f6m och Sunniva Rudi kopplade greppet om ledningen i Internationella [&hellip;]<\/p>\n","protected":false},"author":15,"featured_media":2734,"comment_status":"closed","ping_status":"closed","sticky":false,"template":"","format":"standard","meta":{"_acf_changed":false,"footnotes":"","_links_to":"","_links_to_target":""},"categories":[13],"tags":[],"class_list":{"0":"post-2733","1":"post","2":"type-post","3":"status-publish","4":"format-standard","5":"has-post-thumbnail","7":"category-sport"},"featured_image_src":"https:\/\/gratistidning.com\/boden\/wp-content\/uploads\/sites\/7\/2025\/02\/news-rallysm-low-1024x682.jpg","blog_images":{"medium":"https:\/\/gratistidning.com\/boden\/wp-content\/uploads\/sites\/7\/2025\/02\/news-rallysm-low-300x200.jpg","large":"https:\/\/gratistidning.com\/boden\/wp-content\/uploads\/sites\/7\/2025\/02\/news-rallysm-low-1024x682.jpg"},"acf":[],"ams_acf":[],"publishpress_future_action":{"enabled":false,"date":"2026-05-05 21:16:27","action":"change-status","newStatus":"draft","terms":[],"taxonomy":"category","extraData":[]},"publishpress_future_workflow_manual_trigger":{"enabledWorkflows":[]},"_links":{"self":[{"href":"https:\/\/gratistidning.com\/boden\/wp-json\/wp\/v2\/posts\/2733","targetHints":{"allow":["GET"]}}],"collection":[{"href":"https:\/\/gratistidning.com\/boden\/wp-json\/wp\/v2\/posts"}],"about":[{"href":"https:\/\/gratistidning.com\/boden\/wp-json\/wp\/v2\/types\/post"}],"author":[{"embeddable":true,"href":"https:\/\/gratistidning.com\/boden\/wp-json\/wp\/v2\/users\/15"}],"replies":[{"embeddable":true,"href":"https:\/\/gratistidning.com\/boden\/wp-json\/wp\/v2\/comments?post=2733"}],"version-history":[{"count":1,"href":"https:\/\/gratistidning.com\/boden\/wp-json\/wp\/v2\/posts\/2733\/revisions"}],"predecessor-version":[{"id":2735,"href":"https:\/\/gratistidning.com\/boden\/wp-json\/wp\/v2\/posts\/2733\/revisions\/2735"}],"wp:featuredmedia":[{"embeddable":true,"href":"https:\/\/gratistidning.com\/boden\/wp-json\/wp\/v2\/media\/2734"}],"wp:attachment":[{"href":"https:\/\/gratistidning.com\/boden\/wp-json\/wp\/v2\/media?parent=2733"}],"wp:term":[{"taxonomy":"category","embeddable":true,"href":"https:\/\/gratistidning.com\/boden\/wp-json\/wp\/v2\/categories?post=2733"},{"taxonomy":"post_tag","embeddable":true,"href":"https:\/\/gratistidning.com\/boden\/wp-json\/wp\/v2\/tags?post=2733"}],"curies":[{"name":"wp","href":"https:\/\/api.w.org\/{rel}","templated":true}]}}