{"id":2040,"date":"2025-09-25T14:00:00","date_gmt":"2025-09-25T12:00:00","guid":{"rendered":"https:\/\/gratistidning.com.hemsida.eu\/business\/blog\/2025\/09\/25\/michael-palo-direktor-affarsomrade-jarnmalm-lamnar-lkab-for-nya-utmaningar-2\/"},"modified":"2025-09-25T14:00:00","modified_gmt":"2025-09-25T12:00:00","slug":"michael-palo-direktor-affarsomrade-jarnmalm-lamnar-lkab-for-nya-utmaningar-2","status":"publish","type":"post","link":"https:\/\/gratistidning.com\/business\/blog\/2025\/09\/25\/michael-palo-direktor-affarsomrade-jarnmalm-lamnar-lkab-for-nya-utmaningar-2\/","title":{"rendered":"Michael Palo, direkt\u00f6r aff\u00e4rsomr\u00e5de J\u00e4rnmalm, l\u00e4mnar LKAB f\u00f6r nya utmaningar"},"content":{"rendered":"<div>\n<div class=\"td-post-featured-image\"><a href=\"https:\/\/gratistidning.com.hemsida.eu\/gallivare\/wp-content\/uploads\/sites\/21\/2025\/09\/LKAB_18_10_23-16.webp.webp\" data-caption=\"\"><\/a><\/div>\n<div id=\"\">\n<h3 class=\"heading h3 teaser-list-item__title\">Maria Ryytty har tilldelats prestigefyllt europeiskt ledarskapspris<\/h3>\n<p class=\"teaser-list-item__description\">Maria Ryytty, chef f\u00f6r Strategiskt underh\u00e5ll p\u00e5 aff\u00e4rsomr\u00e5de j\u00e4rnmalm, har tilldelats det prestigefyllda European Maintenance Manager Award f\u00f6r 2024.<\/p>\n<\/div>\n<p>\u2014\u2014\u2014\u2014\u2014\u2014\u2014\u2014\u2014\u2014\u2014\u2014\u2014\u2014\u2014\u2014\u2014\u2014\u2014\u2013<br \/><a href=\"https:\/\/lkab.com\/nyheter\/michael-palo-direktor-affarsomrade-jarnmalm-lamnar-lkab-for-nya-utmaningar\/\" target=\"_blank\">Klicka h\u00e4r \u2013 l\u00e4nk till originalinl\u00e4gget<\/a><\/p>\n<p>K\u00e4lla: LKAB<br \/>\u2014\u2014\u2014\u2014\u2014\u2014\u2014\u2014\u2014\u2014\u2014\u2014\u2014\u2014\u2014\u2014\u2014\u2014\u2014\u2013<\/p>\n<footer class=\"author-bio-section\">\n<div class=\"author-flex\">\n<div class=\"author-image\"><img decoding=\"async\" src=\"http:\/\/2.gravatar.com\/avatar\/?s=32&d=mystery&r=g&forcedefault=1\"\/><\/div>\n<\/p><\/div>\n<\/footer><\/div>\n<p>&#8212;&#8212;&#8212;&#8212;&#8212;&#8212;&#8212;&#8212;&#8212;&#8212;&#8212;&#8212;&#8212;&#8212;&#8212;&#8212;&#8212;&#8212;&#8212;&#8211;<br \/>\n<a href=\"https:\/\/gratistidning.com.hemsida.eu\/gallivare\/blog\/2025\/09\/25\/michael-palo-direktor-affarsomrade-jarnmalm-lamnar-lkab-for-nya-utmaningar\/\" target=\"_blank\">Klicka h\u00e4r &#8211; l\u00e4nk till inl\u00e4gget.<\/a><br \/>\n<br \/>\nK\u00e4lla: \u00c4lvsbyn Gratistidning &#8211; N\u00e4ringsliv<br \/>\n&#8212;&#8212;&#8212;&#8212;&#8212;&#8212;&#8212;&#8212;&#8212;&#8212;&#8212;&#8212;&#8212;&#8212;&#8212;&#8212;&#8212;&#8212;&#8212;&#8211;<\/p>\n","protected":false},"excerpt":{"rendered":"<p>Maria Ryytty har tilldelats prestigefyllt europeiskt ledarskapspris Maria Ryytty, chef f\u00f6r Strategiskt underh\u00e5ll p\u00e5 aff\u00e4rsomr\u00e5de j\u00e4rnmalm, har tilldelats det prestigefyllda European Maintenance Manager Award f\u00f6r 2024. \u2014\u2014\u2014\u2014\u2014\u2014\u2014\u2014\u2014\u2014\u2014\u2014\u2014\u2014\u2014\u2014\u2014\u2014\u2014\u2013Klicka h\u00e4r \u2013 l\u00e4nk till originalinl\u00e4gget K\u00e4lla: LKAB\u2014\u2014\u2014\u2014\u2014\u2014\u2014\u2014\u2014\u2014\u2014\u2014\u2014\u2014\u2014\u2014\u2014\u2014\u2014\u2013 &#8212;&#8212;&#8212;&#8212;&#8212;&#8212;&#8212;&#8212;&#8212;&#8212;&#8212;&#8212;&#8212;&#8212;&#8212;&#8212;&#8212;&#8212;&#8212;&#8211; Klicka h\u00e4r &#8211; l\u00e4nk till inl\u00e4gget. K\u00e4lla: \u00c4lvsbyn Gratistidning &#8211; N\u00e4ringsliv &#8212;&#8212;&#8212;&#8212;&#8212;&#8212;&#8212;&#8212;&#8212;&#8212;&#8212;&#8212;&#8212;&#8212;&#8212;&#8212;&#8212;&#8212;&#8212;&#8211;<\/p>\n","protected":false},"author":42,"featured_media":2039,"comment_status":"","ping_status":"","sticky":false,"template":"","format":"standard","meta":{"_acf_changed":false,"footnotes":"","_links_to":"","_links_to_target":""},"categories":[4,52],"tags":[],"class_list":{"0":"post-2040","1":"post","2":"type-post","3":"status-publish","4":"format-standard","5":"has-post-thumbnail","7":"category-business-news","8":"category-gallivare"},"featured_image_src":"https:\/\/gratistidning.com\/business\/wp-content\/uploads\/sites\/16\/2025\/09\/LKAB_18_10_23-16.webp-696x557.webp.webp","blog_images":{"medium":"https:\/\/gratistidning.com\/business\/wp-content\/uploads\/sites\/16\/2025\/09\/LKAB_18_10_23-16.webp-696x557.webp-300x240.webp","large":"https:\/\/gratistidning.com\/business\/wp-content\/uploads\/sites\/16\/2025\/09\/LKAB_18_10_23-16.webp-696x557.webp.webp"},"acf":[],"ams_acf":[],"publishpress_future_action":{"enabled":false,"date":"2026-05-07 05:04:41","action":"change-status","newStatus":"draft","terms":[],"taxonomy":"category","extraData":[]},"publishpress_future_workflow_manual_trigger":{"enabledWorkflows":[]},"_links":{"self":[{"href":"https:\/\/gratistidning.com\/business\/wp-json\/wp\/v2\/posts\/2040","targetHints":{"allow":["GET"]}}],"collection":[{"href":"https:\/\/gratistidning.com\/business\/wp-json\/wp\/v2\/posts"}],"about":[{"href":"https:\/\/gratistidning.com\/business\/wp-json\/wp\/v2\/types\/post"}],"author":[{"embeddable":true,"href":"https:\/\/gratistidning.com\/business\/wp-json\/wp\/v2\/users\/42"}],"replies":[{"embeddable":true,"href":"https:\/\/gratistidning.com\/business\/wp-json\/wp\/v2\/comments?post=2040"}],"version-history":[{"count":0,"href":"https:\/\/gratistidning.com\/business\/wp-json\/wp\/v2\/posts\/2040\/revisions"}],"wp:featuredmedia":[{"embeddable":true,"href":"https:\/\/gratistidning.com\/business\/wp-json\/wp\/v2\/media\/2039"}],"wp:attachment":[{"href":"https:\/\/gratistidning.com\/business\/wp-json\/wp\/v2\/media?parent=2040"}],"wp:term":[{"taxonomy":"category","embeddable":true,"href":"https:\/\/gratistidning.com\/business\/wp-json\/wp\/v2\/categories?post=2040"},{"taxonomy":"post_tag","embeddable":true,"href":"https:\/\/gratistidning.com\/business\/wp-json\/wp\/v2\/tags?post=2040"}],"curies":[{"name":"wp","href":"https:\/\/api.w.org\/{rel}","templated":true}]}}