{"id":2069,"date":"2025-09-30T16:23:00","date_gmt":"2025-09-30T14:23:00","guid":{"rendered":"https:\/\/gratistidning.com.hemsida.eu\/business\/blog\/2025\/09\/30\/careium-satsar-i-lulea-med-trygghet-och-valfardsteknik-i-framkant\/"},"modified":"2025-09-30T16:23:00","modified_gmt":"2025-09-30T14:23:00","slug":"careium-satsar-i-lulea-med-trygghet-och-valfardsteknik-i-framkant","status":"publish","type":"post","link":"https:\/\/gratistidning.com\/business\/blog\/2025\/09\/30\/careium-satsar-i-lulea-med-trygghet-och-valfardsteknik-i-framkant\/","title":{"rendered":"Careium satsar i Lule\u00e5 \u2013 med trygghet och v\u00e4lf\u00e4rdsteknik i framkant"},"content":{"rendered":"<div>\n<div class=\"main-article-image\">\n\t\t\t\t\t\t\t\t\t\t\t\t\t\t\t<\/div>\n<p>2025-09-30<\/p>\n<p><strong>Med fokus p\u00e5 trygghet och v\u00e4lf\u00e4rdsteknik har v\u00e5r nya lokalhyresg\u00e4st Careium etablerat sig i Lule\u00e5. Sedan maj 2025 finns de i tr\u00e4huset p\u00e5 Lulsundsgatan 16, i 893 kvadratmeter anpassade lokaler med b\u00e5de larmcentral, support och produktutveckling.<\/strong><\/p>\n<p>Careium \u00e4r ett svenskt bolag med huvudkontor i Malm\u00f6 och en av Europas ledande akt\u00f6rer inom digitala trygghetsl\u00f6sningar. F\u00f6retaget utvecklar v\u00e4lf\u00e4rdsteknik som g\u00f6r det m\u00f6jligt f\u00f6r \u00e4ldre och personer med s\u00e4rskilda behov att bo kvar hemma l\u00e4ngre \u2013 med \u00f6kad trygghet.<br \/>\u2013 V\u00e5r larmcentral tar emot samtal fr\u00e5n kunder \u00f6ver hela Sverige. Det kan handla om allt fr\u00e5n enklare hj\u00e4lpbehov till akuta situationer d\u00e4r vi larmar ambulans, brandk\u00e5r eller polis, s\u00e4ger Anna Jakobsson, team leader.<\/p>\n<p><img loading=\"lazy\" decoding=\"async\" class=\"aligncenter wp-image-6361 size-size_100 lazyload\" alt=\"\" width=\"1000\" height=\"667\" src=\"https:\/\/galaren.se\/wp-content\/uploads\/2025\/09\/kontorslandskap-careiums-lokaler-lulea-1000x667.jpg\" srcset=\"https:\/\/galaren.se\/wp-content\/uploads\/2025\/09\/kontorslandskap-careiums-lokaler-lulea-1000x667.jpg 1000w, https:\/\/galaren.se\/wp-content\/uploads\/2025\/09\/kontorslandskap-careiums-lokaler-lulea-300x200.jpg 300w, https:\/\/galaren.se\/wp-content\/uploads\/2025\/09\/kontorslandskap-careiums-lokaler-lulea-1024x683.jpg 1024w, https:\/\/galaren.se\/wp-content\/uploads\/2025\/09\/kontorslandskap-careiums-lokaler-lulea-768x512.jpg 768w, https:\/\/galaren.se\/wp-content\/uploads\/2025\/09\/kontorslandskap-careiums-lokaler-lulea-1536x1024.jpg 1536w, https:\/\/galaren.se\/wp-content\/uploads\/2025\/09\/kontorslandskap-careiums-lokaler-lulea-500x333.jpg 500w, https:\/\/galaren.se\/wp-content\/uploads\/2025\/09\/kontorslandskap-careiums-lokaler-lulea-1320x880.jpg 1320w, https:\/\/galaren.se\/wp-content\/uploads\/2025\/09\/kontorslandskap-careiums-lokaler-lulea.jpg 1920w\" data-sizes=\"auto\" data-eio-rwidth=\"1000\" data-eio-rheight=\"667\"\/><img loading=\"lazy\" decoding=\"async\" class=\"aligncenter wp-image-6361 size-size_100\" src=\"https:\/\/galaren.se\/wp-content\/uploads\/2025\/09\/kontorslandskap-careiums-lokaler-lulea-1000x667.jpg\" alt=\"\" width=\"1000\" height=\"667\" srcset=\"https:\/\/galaren.se\/wp-content\/uploads\/2025\/09\/kontorslandskap-careiums-lokaler-lulea-1000x667.jpg 1000w, https:\/\/galaren.se\/wp-content\/uploads\/2025\/09\/kontorslandskap-careiums-lokaler-lulea-300x200.jpg 300w, https:\/\/galaren.se\/wp-content\/uploads\/2025\/09\/kontorslandskap-careiums-lokaler-lulea-1024x683.jpg 1024w, https:\/\/galaren.se\/wp-content\/uploads\/2025\/09\/kontorslandskap-careiums-lokaler-lulea-768x512.jpg 768w, https:\/\/galaren.se\/wp-content\/uploads\/2025\/09\/kontorslandskap-careiums-lokaler-lulea-1536x1024.jpg 1536w, https:\/\/galaren.se\/wp-content\/uploads\/2025\/09\/kontorslandskap-careiums-lokaler-lulea-500x333.jpg 500w, https:\/\/galaren.se\/wp-content\/uploads\/2025\/09\/kontorslandskap-careiums-lokaler-lulea-1320x880.jpg 1320w, https:\/\/galaren.se\/wp-content\/uploads\/2025\/09\/kontorslandskap-careiums-lokaler-lulea.jpg 1920w\" sizes=\"auto, (max-width: 1000px) 100vw, 1000px\" data-eio=\"l\"\/><em>Kontorslandskapet i Careiums lokaler p\u00e5 Lulsundsgatan 16 i Lule\u00e5.<\/em><\/p>\n<p>Careiums produktutbud omfattar allt fr\u00e5n klassiska trygghetslarm till tillbeh\u00f6r som brand- och r\u00f6relselarm samt mobila larm med GPS. En GPS-enhet kan b\u00e4ras som klocka, ett smycke eller i b\u00e4ltet och g\u00f6r det m\u00f6jligt f\u00f6r en person med exempelvis demenssjukdom att snabbt f\u00e5 hj\u00e4lp om de g\u00e5r vilse.<br \/>\u2013 Trycker kunden p\u00e5 larmet kan de prata direkt med oss, vi ser var de befinner sig och kan skicka dit hemtj\u00e4nsten. Vi erbjuder \u00e4ven l\u00f6sningar med geofencing och en app d\u00e4r anh\u00f6riga kan kopplas in i larmkedjan, s\u00e4ger Emma Tunehed, engineering manager.<\/p>\n<p><em><img loading=\"lazy\" decoding=\"async\" class=\"alignnone size-size_50_l wp-image-6359 lazyload\" alt=\"\" width=\"500\" height=\"606\" src=\"https:\/\/galaren.se\/wp-content\/uploads\/2025\/09\/smycke-larm-gps-careium-e1759241379776-500x606.jpg\" srcset=\"https:\/\/galaren.se\/wp-content\/uploads\/2025\/09\/smycke-larm-gps-careium-e1759241379776-500x606.jpg 500w, https:\/\/galaren.se\/wp-content\/uploads\/2025\/09\/smycke-larm-gps-careium-e1759241379776-247x300.jpg 247w, https:\/\/galaren.se\/wp-content\/uploads\/2025\/09\/smycke-larm-gps-careium-e1759241379776-844x1024.jpg 844w, https:\/\/galaren.se\/wp-content\/uploads\/2025\/09\/smycke-larm-gps-careium-e1759241379776-768x931.jpg 768w, https:\/\/galaren.se\/wp-content\/uploads\/2025\/09\/smycke-larm-gps-careium-e1759241379776-1000x1213.jpg 1000w, https:\/\/galaren.se\/wp-content\/uploads\/2025\/09\/smycke-larm-gps-careium-e1759241379776.jpg 1053w\" data-sizes=\"auto\" data-eio-rwidth=\"500\" data-eio-rheight=\"606\"\/><img loading=\"lazy\" decoding=\"async\" class=\"alignnone size-size_50_l wp-image-6359\" src=\"https:\/\/galaren.se\/wp-content\/uploads\/2025\/09\/smycke-larm-gps-careium-e1759241379776-500x606.jpg\" alt=\"\" width=\"500\" height=\"606\" srcset=\"https:\/\/galaren.se\/wp-content\/uploads\/2025\/09\/smycke-larm-gps-careium-e1759241379776-500x606.jpg 500w, https:\/\/galaren.se\/wp-content\/uploads\/2025\/09\/smycke-larm-gps-careium-e1759241379776-247x300.jpg 247w, https:\/\/galaren.se\/wp-content\/uploads\/2025\/09\/smycke-larm-gps-careium-e1759241379776-844x1024.jpg 844w, https:\/\/galaren.se\/wp-content\/uploads\/2025\/09\/smycke-larm-gps-careium-e1759241379776-768x931.jpg 768w, https:\/\/galaren.se\/wp-content\/uploads\/2025\/09\/smycke-larm-gps-careium-e1759241379776-1000x1213.jpg 1000w, https:\/\/galaren.se\/wp-content\/uploads\/2025\/09\/smycke-larm-gps-careium-e1759241379776.jpg 1053w\" sizes=\"auto, (max-width: 500px) 100vw, 500px\" data-eio=\"l\"\/><img loading=\"lazy\" decoding=\"async\" class=\"alignnone size-size_50_r wp-image-6365 lazyload\" alt=\"\" width=\"500\" height=\"600\" src=\"https:\/\/galaren.se\/wp-content\/uploads\/2025\/09\/klocka-larm-gps-careium-e1759241554573-500x600.jpg\" srcset=\"https:\/\/galaren.se\/wp-content\/uploads\/2025\/09\/klocka-larm-gps-careium-e1759241554573-500x600.jpg 500w, https:\/\/galaren.se\/wp-content\/uploads\/2025\/09\/klocka-larm-gps-careium-e1759241554573-250x300.jpg 250w, https:\/\/galaren.se\/wp-content\/uploads\/2025\/09\/klocka-larm-gps-careium-e1759241554573-853x1024.jpg 853w, https:\/\/galaren.se\/wp-content\/uploads\/2025\/09\/klocka-larm-gps-careium-e1759241554573-768x922.jpg 768w, https:\/\/galaren.se\/wp-content\/uploads\/2025\/09\/klocka-larm-gps-careium-e1759241554573-1000x1200.jpg 1000w, https:\/\/galaren.se\/wp-content\/uploads\/2025\/09\/klocka-larm-gps-careium-e1759241554573.jpg 1277w\" data-sizes=\"auto\" data-eio-rwidth=\"500\" data-eio-rheight=\"600\"\/><img loading=\"lazy\" decoding=\"async\" class=\"alignnone size-size_50_r wp-image-6365\" src=\"https:\/\/galaren.se\/wp-content\/uploads\/2025\/09\/klocka-larm-gps-careium-e1759241554573-500x600.jpg\" alt=\"\" width=\"500\" height=\"600\" srcset=\"https:\/\/galaren.se\/wp-content\/uploads\/2025\/09\/klocka-larm-gps-careium-e1759241554573-500x600.jpg 500w, https:\/\/galaren.se\/wp-content\/uploads\/2025\/09\/klocka-larm-gps-careium-e1759241554573-250x300.jpg 250w, https:\/\/galaren.se\/wp-content\/uploads\/2025\/09\/klocka-larm-gps-careium-e1759241554573-853x1024.jpg 853w, https:\/\/galaren.se\/wp-content\/uploads\/2025\/09\/klocka-larm-gps-careium-e1759241554573-768x922.jpg 768w, https:\/\/galaren.se\/wp-content\/uploads\/2025\/09\/klocka-larm-gps-careium-e1759241554573-1000x1200.jpg 1000w, https:\/\/galaren.se\/wp-content\/uploads\/2025\/09\/klocka-larm-gps-careium-e1759241554573.jpg 1277w\" sizes=\"auto, (max-width: 500px) 100vw, 500px\" data-eio=\"l\"\/>Exempel p\u00e5 Careiums produkter \u2013 smycken och klockor med inbyggda mobila larm med GPS.<\/em><\/p>\n<p>En viktig del av verksamheten \u00e4r ocks\u00e5 i-care center \u2013 Careiums egenutvecklade larmprogram.<br \/>\u2013 Med i-care center kan vi skr\u00e4ddarsy systemet helt efter v\u00e5ra behov. Tidigare anv\u00e4nde vi en extern l\u00f6sning som vi inte kunde p\u00e5verka, men nu kan vi bygga programmet s\u00e5 att det blir flexibelt och effektivt. Det \u00e4r avg\u00f6rande i larmhantering, d\u00e4r varje samtal beh\u00f6ver g\u00e5 snabbt f\u00f6r att undvika k\u00f6er, s\u00e4ger Anna Jakobsson.<\/p>\n<h4>Moderna och hemtrevliga lokaler i Lule\u00e5<\/h4>\n<p>Tidigare hade Careium en larmcentral i Kalix, men i v\u00e5ras gick flyttlasset till Lule\u00e5. F\u00f6rklaringen \u00e4r enkel \u2013 kompetensf\u00f6rs\u00f6rjningen.<br \/>\u2013 H\u00e4r finns universitetet, sjuksk\u00f6terskeutbildningen och ett st\u00f6rre upptagningsomr\u00e5de. Det g\u00f6r det l\u00e4ttare att rekrytera b\u00e5de undersk\u00f6terskor till larmcentralen och ingenj\u00f6rer till utvecklingssidan. Behovet \u00e4r stort och vi kommer att v\u00e4xa. N\u00e4r alla rekryteringar \u00e4r p\u00e5 plats \u00e4r vi runt 50 personer i Lule\u00e5, s\u00e4ger Emma Tunehed.<\/p>\n<p><img loading=\"lazy\" decoding=\"async\" class=\"alignnone size-size_100 wp-image-6362 lazyload\" alt=\"\" width=\"1000\" height=\"667\" src=\"https:\/\/galaren.se\/wp-content\/uploads\/2025\/09\/fika-matsal-careium-1000x667.jpg\" srcset=\"https:\/\/galaren.se\/wp-content\/uploads\/2025\/09\/fika-matsal-careium-1000x667.jpg 1000w, https:\/\/galaren.se\/wp-content\/uploads\/2025\/09\/fika-matsal-careium-300x200.jpg 300w, https:\/\/galaren.se\/wp-content\/uploads\/2025\/09\/fika-matsal-careium-1024x683.jpg 1024w, https:\/\/galaren.se\/wp-content\/uploads\/2025\/09\/fika-matsal-careium-768x512.jpg 768w, https:\/\/galaren.se\/wp-content\/uploads\/2025\/09\/fika-matsal-careium-1536x1024.jpg 1536w, https:\/\/galaren.se\/wp-content\/uploads\/2025\/09\/fika-matsal-careium-500x333.jpg 500w, https:\/\/galaren.se\/wp-content\/uploads\/2025\/09\/fika-matsal-careium-1320x880.jpg 1320w, https:\/\/galaren.se\/wp-content\/uploads\/2025\/09\/fika-matsal-careium.jpg 1920w\" data-sizes=\"auto\" data-eio-rwidth=\"1000\" data-eio-rheight=\"667\"\/><img loading=\"lazy\" decoding=\"async\" class=\"alignnone size-size_100 wp-image-6362\" src=\"https:\/\/galaren.se\/wp-content\/uploads\/2025\/09\/fika-matsal-careium-1000x667.jpg\" alt=\"\" width=\"1000\" height=\"667\" srcset=\"https:\/\/galaren.se\/wp-content\/uploads\/2025\/09\/fika-matsal-careium-1000x667.jpg 1000w, https:\/\/galaren.se\/wp-content\/uploads\/2025\/09\/fika-matsal-careium-300x200.jpg 300w, https:\/\/galaren.se\/wp-content\/uploads\/2025\/09\/fika-matsal-careium-1024x683.jpg 1024w, https:\/\/galaren.se\/wp-content\/uploads\/2025\/09\/fika-matsal-careium-768x512.jpg 768w, https:\/\/galaren.se\/wp-content\/uploads\/2025\/09\/fika-matsal-careium-1536x1024.jpg 1536w, https:\/\/galaren.se\/wp-content\/uploads\/2025\/09\/fika-matsal-careium-500x333.jpg 500w, https:\/\/galaren.se\/wp-content\/uploads\/2025\/09\/fika-matsal-careium-1320x880.jpg 1320w, https:\/\/galaren.se\/wp-content\/uploads\/2025\/09\/fika-matsal-careium.jpg 1920w\" sizes=\"auto, (max-width: 1000px) 100vw, 1000px\" data-eio=\"l\"\/><br \/><em>Ytor f\u00f6r fika, mat och umg\u00e4nge h\u00f6gst upp i huset.<\/em><\/p>\n<p>I de nya lokalerna finns gott om utrymme f\u00f6r larmcentral, \u00f6ppna kontorslandskap, vilrum, cellkontor, konferensrum, testlabb \u2013 och till och med relax och bastu. Lokalerna har anpassats efter verksamheten med nya ytskikt, omm\u00e5lade v\u00e4ggar, glaspartier och nya v\u00e4ggar som ger en b\u00e4ttre planl\u00f6sning. Larmcentralen har byggts in f\u00f6r att garantera sekretess, med tv\u00e5 d\u00f6rrar som avgr\u00e4nsar utrymmet fr\u00e5n \u00f6vriga kontoret.<br \/>\u2013 Eftersom larmoperat\u00f6rerna har korta raster var det viktigt f\u00f6r oss att ha n\u00e4ra till service, butiker och kollektivtrafik. Samtidigt uppskattar vi att lokalen k\u00e4nns modern men \u00e4nd\u00e5 hemtrevlig och att det \u00e4r gott om parkeringsplatser, s\u00e4ger Anna Jakobsson.<\/p>\n<p><img loading=\"lazy\" decoding=\"async\" class=\"alignnone size-size_100 wp-image-6364 lazyload\" alt=\"\" width=\"1000\" height=\"667\" src=\"https:\/\/galaren.se\/wp-content\/uploads\/2025\/09\/motesrum-careium-lulea-1000x667.jpg\" srcset=\"https:\/\/galaren.se\/wp-content\/uploads\/2025\/09\/motesrum-careium-lulea-1000x667.jpg 1000w, https:\/\/galaren.se\/wp-content\/uploads\/2025\/09\/motesrum-careium-lulea-300x200.jpg 300w, https:\/\/galaren.se\/wp-content\/uploads\/2025\/09\/motesrum-careium-lulea-1024x683.jpg 1024w, https:\/\/galaren.se\/wp-content\/uploads\/2025\/09\/motesrum-careium-lulea-768x512.jpg 768w, https:\/\/galaren.se\/wp-content\/uploads\/2025\/09\/motesrum-careium-lulea-1536x1024.jpg 1536w, https:\/\/galaren.se\/wp-content\/uploads\/2025\/09\/motesrum-careium-lulea-500x333.jpg 500w, https:\/\/galaren.se\/wp-content\/uploads\/2025\/09\/motesrum-careium-lulea-1320x880.jpg 1320w, https:\/\/galaren.se\/wp-content\/uploads\/2025\/09\/motesrum-careium-lulea.jpg 1920w\" data-sizes=\"auto\" data-eio-rwidth=\"1000\" data-eio-rheight=\"667\"\/><img loading=\"lazy\" decoding=\"async\" class=\"alignnone size-size_100 wp-image-6364\" src=\"https:\/\/galaren.se\/wp-content\/uploads\/2025\/09\/motesrum-careium-lulea-1000x667.jpg\" alt=\"\" width=\"1000\" height=\"667\" srcset=\"https:\/\/galaren.se\/wp-content\/uploads\/2025\/09\/motesrum-careium-lulea-1000x667.jpg 1000w, https:\/\/galaren.se\/wp-content\/uploads\/2025\/09\/motesrum-careium-lulea-300x200.jpg 300w, https:\/\/galaren.se\/wp-content\/uploads\/2025\/09\/motesrum-careium-lulea-1024x683.jpg 1024w, https:\/\/galaren.se\/wp-content\/uploads\/2025\/09\/motesrum-careium-lulea-768x512.jpg 768w, https:\/\/galaren.se\/wp-content\/uploads\/2025\/09\/motesrum-careium-lulea-1536x1024.jpg 1536w, https:\/\/galaren.se\/wp-content\/uploads\/2025\/09\/motesrum-careium-lulea-500x333.jpg 500w, https:\/\/galaren.se\/wp-content\/uploads\/2025\/09\/motesrum-careium-lulea-1320x880.jpg 1320w, https:\/\/galaren.se\/wp-content\/uploads\/2025\/09\/motesrum-careium-lulea.jpg 1920w\" sizes=\"auto, (max-width: 1000px) 100vw, 1000px\" data-eio=\"l\"\/><br \/><em>Ett av m\u00f6tesrummen i de nya lokalerna.<\/em><\/p>\n<p><img loading=\"lazy\" decoding=\"async\" class=\"alignnone size-size_50_l wp-image-6358 lazyload\" alt=\"\" width=\"500\" height=\"333\" src=\"https:\/\/galaren.se\/wp-content\/uploads\/2025\/09\/careiums-lokaler-lulea-500x333.jpg\" srcset=\"https:\/\/galaren.se\/wp-content\/uploads\/2025\/09\/careiums-lokaler-lulea-500x333.jpg 500w, https:\/\/galaren.se\/wp-content\/uploads\/2025\/09\/careiums-lokaler-lulea-300x200.jpg 300w, https:\/\/galaren.se\/wp-content\/uploads\/2025\/09\/careiums-lokaler-lulea-1024x683.jpg 1024w, https:\/\/galaren.se\/wp-content\/uploads\/2025\/09\/careiums-lokaler-lulea-768x512.jpg 768w, https:\/\/galaren.se\/wp-content\/uploads\/2025\/09\/careiums-lokaler-lulea-1536x1024.jpg 1536w, https:\/\/galaren.se\/wp-content\/uploads\/2025\/09\/careiums-lokaler-lulea-1000x667.jpg 1000w, https:\/\/galaren.se\/wp-content\/uploads\/2025\/09\/careiums-lokaler-lulea-1320x880.jpg 1320w, https:\/\/galaren.se\/wp-content\/uploads\/2025\/09\/careiums-lokaler-lulea.jpg 1920w\" data-sizes=\"auto\" data-eio-rwidth=\"500\" data-eio-rheight=\"333\"\/><img loading=\"lazy\" decoding=\"async\" class=\"alignnone size-size_50_l wp-image-6358\" src=\"https:\/\/galaren.se\/wp-content\/uploads\/2025\/09\/careiums-lokaler-lulea-500x333.jpg\" alt=\"\" width=\"500\" height=\"333\" srcset=\"https:\/\/galaren.se\/wp-content\/uploads\/2025\/09\/careiums-lokaler-lulea-500x333.jpg 500w, https:\/\/galaren.se\/wp-content\/uploads\/2025\/09\/careiums-lokaler-lulea-300x200.jpg 300w, https:\/\/galaren.se\/wp-content\/uploads\/2025\/09\/careiums-lokaler-lulea-1024x683.jpg 1024w, https:\/\/galaren.se\/wp-content\/uploads\/2025\/09\/careiums-lokaler-lulea-768x512.jpg 768w, https:\/\/galaren.se\/wp-content\/uploads\/2025\/09\/careiums-lokaler-lulea-1536x1024.jpg 1536w, https:\/\/galaren.se\/wp-content\/uploads\/2025\/09\/careiums-lokaler-lulea-1000x667.jpg 1000w, https:\/\/galaren.se\/wp-content\/uploads\/2025\/09\/careiums-lokaler-lulea-1320x880.jpg 1320w, https:\/\/galaren.se\/wp-content\/uploads\/2025\/09\/careiums-lokaler-lulea.jpg 1920w\" sizes=\"auto, (max-width: 500px) 100vw, 500px\" data-eio=\"l\"\/><img loading=\"lazy\" decoding=\"async\" class=\"alignnone size-size_50_r wp-image-6360 lazyload\" alt=\"\" width=\"500\" height=\"336\" src=\"https:\/\/galaren.se\/wp-content\/uploads\/2025\/09\/fikahorna-careium-lulea-500x336.jpg\" srcset=\"https:\/\/galaren.se\/wp-content\/uploads\/2025\/09\/fikahorna-careium-lulea-500x336.jpg 500w, https:\/\/galaren.se\/wp-content\/uploads\/2025\/09\/fikahorna-careium-lulea-300x202.jpg 300w, https:\/\/galaren.se\/wp-content\/uploads\/2025\/09\/fikahorna-careium-lulea-1024x689.jpg 1024w, https:\/\/galaren.se\/wp-content\/uploads\/2025\/09\/fikahorna-careium-lulea-768x517.jpg 768w, https:\/\/galaren.se\/wp-content\/uploads\/2025\/09\/fikahorna-careium-lulea-1536x1034.jpg 1536w, https:\/\/galaren.se\/wp-content\/uploads\/2025\/09\/fikahorna-careium-lulea-1000x673.jpg 1000w, https:\/\/galaren.se\/wp-content\/uploads\/2025\/09\/fikahorna-careium-lulea-1320x888.jpg 1320w, https:\/\/galaren.se\/wp-content\/uploads\/2025\/09\/fikahorna-careium-lulea.jpg 1920w\" data-sizes=\"auto\" data-eio-rwidth=\"500\" data-eio-rheight=\"336\"\/><img loading=\"lazy\" decoding=\"async\" class=\"alignnone size-size_50_r wp-image-6360\" src=\"https:\/\/galaren.se\/wp-content\/uploads\/2025\/09\/fikahorna-careium-lulea-500x336.jpg\" alt=\"\" width=\"500\" height=\"336\" srcset=\"https:\/\/galaren.se\/wp-content\/uploads\/2025\/09\/fikahorna-careium-lulea-500x336.jpg 500w, https:\/\/galaren.se\/wp-content\/uploads\/2025\/09\/fikahorna-careium-lulea-300x202.jpg 300w, https:\/\/galaren.se\/wp-content\/uploads\/2025\/09\/fikahorna-careium-lulea-1024x689.jpg 1024w, https:\/\/galaren.se\/wp-content\/uploads\/2025\/09\/fikahorna-careium-lulea-768x517.jpg 768w, https:\/\/galaren.se\/wp-content\/uploads\/2025\/09\/fikahorna-careium-lulea-1536x1034.jpg 1536w, https:\/\/galaren.se\/wp-content\/uploads\/2025\/09\/fikahorna-careium-lulea-1000x673.jpg 1000w, https:\/\/galaren.se\/wp-content\/uploads\/2025\/09\/fikahorna-careium-lulea-1320x888.jpg 1320w, https:\/\/galaren.se\/wp-content\/uploads\/2025\/09\/fikahorna-careium-lulea.jpg 1920w\" sizes=\"auto, (max-width: 500px) 100vw, 500px\" data-eio=\"l\"\/><em>En modern och hemtrevlig k\u00e4nsla karakt\u00e4riserar Careiums nya kontor i Lule\u00e5.<\/em><\/p>\n<h4>Arbetsplats med mening<\/h4>\n<p>Careium s\u00f6ker nu fler medarbetare till b\u00e5de larmcentralen och utvecklingssidan. Som larmoperat\u00f6r kr\u00e4vs i regel undersk\u00f6terskeutbildning, men \u00e4ven timvikarier utan v\u00e5rdbakgrund kan bli aktuella.<br \/>\u2013 Att jobba p\u00e5 Careium \u00e4r sp\u00e4nnande och omv\u00e4xlande, ingen dag \u00e4r den andra lik och man f\u00e5r hela tiden utvecklas i takt med verksamheten. Samtidigt blir man en del av ett familj\u00e4rt team och f\u00e5r bidra till n\u00e5got meningsfullt \u2013 att skapa trygghet i m\u00e4nniskors vardag, s\u00e4ger Emma Tunehed.<\/p>\n<p>F\u00f6r den som s\u00f6ker sig till utvecklingssidan v\u00e4ntar ocks\u00e5 m\u00f6jligheter. H\u00e4r arbetar teamen med b\u00e5de h\u00e5rdvara och mjukvara, i n\u00e4ra samarbete med kollegor i Malm\u00f6 och Spanien.<br \/>\u2013 Vi har en l\u00e4rande kultur d\u00e4r man kan v\u00e4xa inom f\u00f6retaget. Det \u00e4r vanligt att man b\u00f6rjar sin resa inom ett omr\u00e5de och sedan utvecklas vidare mot nya roller och ansvarsomr\u00e5den. M\u00f6jligheterna \u00e4r stora, s\u00e4ger Emma Tunehed.<\/p>\n<p><img loading=\"lazy\" decoding=\"async\" class=\"alignnone size-size_100 wp-image-6366 lazyload\" alt=\"\" width=\"1000\" height=\"665\" src=\"https:\/\/galaren.se\/wp-content\/uploads\/2025\/09\/careiums-kontor-lulsundsgatan-lulea-1000x665.jpg\" srcset=\"https:\/\/galaren.se\/wp-content\/uploads\/2025\/09\/careiums-kontor-lulsundsgatan-lulea-1000x665.jpg 1000w, https:\/\/galaren.se\/wp-content\/uploads\/2025\/09\/careiums-kontor-lulsundsgatan-lulea-300x200.jpg 300w, https:\/\/galaren.se\/wp-content\/uploads\/2025\/09\/careiums-kontor-lulsundsgatan-lulea-1024x681.jpg 1024w, https:\/\/galaren.se\/wp-content\/uploads\/2025\/09\/careiums-kontor-lulsundsgatan-lulea-768x511.jpg 768w, https:\/\/galaren.se\/wp-content\/uploads\/2025\/09\/careiums-kontor-lulsundsgatan-lulea-1536x1022.jpg 1536w, https:\/\/galaren.se\/wp-content\/uploads\/2025\/09\/careiums-kontor-lulsundsgatan-lulea-500x333.jpg 500w, https:\/\/galaren.se\/wp-content\/uploads\/2025\/09\/careiums-kontor-lulsundsgatan-lulea-1320x878.jpg 1320w, https:\/\/galaren.se\/wp-content\/uploads\/2025\/09\/careiums-kontor-lulsundsgatan-lulea.jpg 1920w\" data-sizes=\"auto\" data-eio-rwidth=\"1000\" data-eio-rheight=\"665\"\/><img loading=\"lazy\" decoding=\"async\" class=\"alignnone size-size_100 wp-image-6366\" src=\"https:\/\/galaren.se\/wp-content\/uploads\/2025\/09\/careiums-kontor-lulsundsgatan-lulea-1000x665.jpg\" alt=\"\" width=\"1000\" height=\"665\" srcset=\"https:\/\/galaren.se\/wp-content\/uploads\/2025\/09\/careiums-kontor-lulsundsgatan-lulea-1000x665.jpg 1000w, https:\/\/galaren.se\/wp-content\/uploads\/2025\/09\/careiums-kontor-lulsundsgatan-lulea-300x200.jpg 300w, https:\/\/galaren.se\/wp-content\/uploads\/2025\/09\/careiums-kontor-lulsundsgatan-lulea-1024x681.jpg 1024w, https:\/\/galaren.se\/wp-content\/uploads\/2025\/09\/careiums-kontor-lulsundsgatan-lulea-768x511.jpg 768w, https:\/\/galaren.se\/wp-content\/uploads\/2025\/09\/careiums-kontor-lulsundsgatan-lulea-1536x1022.jpg 1536w, https:\/\/galaren.se\/wp-content\/uploads\/2025\/09\/careiums-kontor-lulsundsgatan-lulea-500x333.jpg 500w, https:\/\/galaren.se\/wp-content\/uploads\/2025\/09\/careiums-kontor-lulsundsgatan-lulea-1320x878.jpg 1320w, https:\/\/galaren.se\/wp-content\/uploads\/2025\/09\/careiums-kontor-lulsundsgatan-lulea.jpg 1920w\" sizes=\"auto, (max-width: 1000px) 100vw, 1000px\" data-eio=\"l\"\/><br \/><em>Tr\u00e4huset p\u00e5 Lulsundsgatan 16 som Careium hyr av Gal\u00e4ren f\u00f6r sin nya etablering i Lule\u00e5.<\/em><\/p>\n<p>P\u00e5 huvudbilden i nyheten, fr\u00e5n v\u00e4nster: Anna Jakobsson, team leader och Emma Tunehed engineering manager p\u00e5 Careium i Lule\u00e5.<\/p>\n<\/div>\n<p>K\u00e4lla: Gal\u00e4ren Lule\u00e5<br \/>\u2014\u2014\u2014\u2014\u2014\u2014\u2014\u2014\u2014\u2014\u2014\u2014\u2014\u2014\u2014\u2014\u2014\u2014\u2014\u2013<\/p>\n<p>&#8212;&#8212;&#8212;&#8212;&#8212;&#8212;&#8212;&#8212;&#8212;&#8212;&#8212;&#8212;&#8212;&#8212;&#8212;&#8212;&#8212;&#8212;&#8212;&#8211;<br \/>\n<a href=\"https:\/\/gratistidning.com.hemsida.eu\/lulea\/blog\/2025\/09\/30\/careium-satsar-i-lulea-med-trygghet-och-valfardsteknik-i-framkant\/\" target=\"_blank\">Klicka h\u00e4r &#8211; l\u00e4nk till inl\u00e4gget.<\/a><br \/>\n<br \/>\nK\u00e4lla: Lule\u00e5 Gratistidning &#8211; N\u00e4ringsliv<br \/>\n&#8212;&#8212;&#8212;&#8212;&#8212;&#8212;&#8212;&#8212;&#8212;&#8212;&#8212;&#8212;&#8212;&#8212;&#8212;&#8212;&#8212;&#8212;&#8212;&#8211;<\/p>\n","protected":false},"excerpt":{"rendered":"<p>2025-09-30 Med fokus p\u00e5 trygghet och v\u00e4lf\u00e4rdsteknik har v\u00e5r nya lokalhyresg\u00e4st Careium etablerat sig i Lule\u00e5. Sedan maj 2025 finns de i tr\u00e4huset p\u00e5 Lulsundsgatan 16, i 893 kvadratmeter anpassade lokaler med b\u00e5de larmcentral, support och produktutveckling. Careium \u00e4r ett svenskt bolag med huvudkontor i Malm\u00f6 och en av Europas ledande akt\u00f6rer inom digitala trygghetsl\u00f6sningar. [&hellip;]<\/p>\n","protected":false},"author":42,"featured_media":2070,"comment_status":"","ping_status":"","sticky":false,"template":"","format":"standard","meta":{"_acf_changed":false,"footnotes":"","_links_to":"","_links_to_target":""},"categories":[4,53],"tags":[],"class_list":{"0":"post-2069","1":"post","2":"type-post","3":"status-publish","4":"format-standard","5":"has-post-thumbnail","7":"category-business-news","8":"category-lulea"},"featured_image_src":"https:\/\/gratistidning.com\/business\/wp-content\/uploads\/sites\/16\/2025\/09\/anna-jakobsson-emma-tunehed-careium-lulea-1024x683.jpg","blog_images":{"medium":"https:\/\/gratistidning.com\/business\/wp-content\/uploads\/sites\/16\/2025\/09\/anna-jakobsson-emma-tunehed-careium-lulea-1024x683-300x200.jpg","large":"https:\/\/gratistidning.com\/business\/wp-content\/uploads\/sites\/16\/2025\/09\/anna-jakobsson-emma-tunehed-careium-lulea-1024x683.jpg"},"acf":[],"ams_acf":[],"publishpress_future_action":{"enabled":false,"date":"2026-05-06 03:47:13","action":"change-status","newStatus":"draft","terms":[],"taxonomy":"category","extraData":[]},"publishpress_future_workflow_manual_trigger":{"enabledWorkflows":[]},"_links":{"self":[{"href":"https:\/\/gratistidning.com\/business\/wp-json\/wp\/v2\/posts\/2069","targetHints":{"allow":["GET"]}}],"collection":[{"href":"https:\/\/gratistidning.com\/business\/wp-json\/wp\/v2\/posts"}],"about":[{"href":"https:\/\/gratistidning.com\/business\/wp-json\/wp\/v2\/types\/post"}],"author":[{"embeddable":true,"href":"https:\/\/gratistidning.com\/business\/wp-json\/wp\/v2\/users\/42"}],"replies":[{"embeddable":true,"href":"https:\/\/gratistidning.com\/business\/wp-json\/wp\/v2\/comments?post=2069"}],"version-history":[{"count":0,"href":"https:\/\/gratistidning.com\/business\/wp-json\/wp\/v2\/posts\/2069\/revisions"}],"wp:featuredmedia":[{"embeddable":true,"href":"https:\/\/gratistidning.com\/business\/wp-json\/wp\/v2\/media\/2070"}],"wp:attachment":[{"href":"https:\/\/gratistidning.com\/business\/wp-json\/wp\/v2\/media?parent=2069"}],"wp:term":[{"taxonomy":"category","embeddable":true,"href":"https:\/\/gratistidning.com\/business\/wp-json\/wp\/v2\/categories?post=2069"},{"taxonomy":"post_tag","embeddable":true,"href":"https:\/\/gratistidning.com\/business\/wp-json\/wp\/v2\/tags?post=2069"}],"curies":[{"name":"wp","href":"https:\/\/api.w.org\/{rel}","templated":true}]}}