{"id":2085,"date":"2025-10-07T10:57:00","date_gmt":"2025-10-07T08:57:00","guid":{"rendered":"https:\/\/gratistidning.com.hemsida.eu\/business\/blog\/2025\/10\/07\/galaren-genomfor-en-hyresgastundersokning-i-samarbete-med-aktivbo\/"},"modified":"2025-10-07T10:57:00","modified_gmt":"2025-10-07T08:57:00","slug":"galaren-genomfor-en-hyresgastundersokning-i-samarbete-med-aktivbo","status":"publish","type":"post","link":"https:\/\/gratistidning.com\/business\/blog\/2025\/10\/07\/galaren-genomfor-en-hyresgastundersokning-i-samarbete-med-aktivbo\/","title":{"rendered":"Gal\u00e4ren genomf\u00f6r en hyresg\u00e4stunders\u00f6kning i samarbete med AktivBo"},"content":{"rendered":"<div>\n<div class=\"td-post-featured-image\"><a href=\"https:\/\/gratistidning.com.hemsida.eu\/lulea\/wp-content\/uploads\/sites\/14\/2025\/10\/kopmangatan65-kvtorsken-scaled.jpg\" data-caption=\"\"><\/a><\/div>\n<div>\n<div class=\"main-article-image\">\n\t\t\t\t\t\t\t\t<img width=\"1024\" height=\"668\" src=\"https:\/\/galaren.se\/wp-content\/uploads\/2020\/05\/kopmangatan65-kvtorsken-1024x668.jpg\" class=\"attachment-large size-large wp-post-image\" alt=\"Gal\u00e4ren genomf\u00f6r en hyresg\u00e4stunders\u00f6kning i samarbete med AktivBo\" decoding=\"async\" fetchpriority=\"high\" srcset=\"https:\/\/galaren.se\/wp-content\/uploads\/2020\/05\/kopmangatan65-kvtorsken-1024x668.jpg 1024w, https:\/\/galaren.se\/wp-content\/uploads\/2020\/05\/kopmangatan65-kvtorsken-300x196.jpg 300w, https:\/\/galaren.se\/wp-content\/uploads\/2020\/05\/kopmangatan65-kvtorsken-768x501.jpg 768w, https:\/\/galaren.se\/wp-content\/uploads\/2020\/05\/kopmangatan65-kvtorsken-1536x1001.jpg 1536w, https:\/\/galaren.se\/wp-content\/uploads\/2020\/05\/kopmangatan65-kvtorsken-2048x1335.jpg 2048w, https:\/\/galaren.se\/wp-content\/uploads\/2020\/05\/kopmangatan65-kvtorsken-1000x652.jpg 1000w, https:\/\/galaren.se\/wp-content\/uploads\/2020\/05\/kopmangatan65-kvtorsken-500x326.jpg 500w, https:\/\/galaren.se\/wp-content\/uploads\/2020\/05\/kopmangatan65-kvtorsken-1320x861.jpg 1320w, https:\/\/galaren.se\/wp-content\/uploads\/2020\/05\/kopmangatan65-kvtorsken-scaled.jpg 1920w\" sizes=\"(max-width: 1024px) 100vw, 1024px\" data-eio=\"l\"\/>\t\t\t\t\t\t\t<\/div>\n<p>2025-10-07<\/p>\n<p>Vartannat \u00e5r genomf\u00f6r vi p\u00e5 Gal\u00e4ren en st\u00f6rre n\u00f6jd-kund-unders\u00f6kning bland alla v\u00e5ra bostads- och lokalhyresg\u00e4ster med fr\u00e5gor om hur de upplever sitt boende eller sin lokal, fastigheten de bor och verkar i och vad de tycker om v\u00e5r service som hyresv\u00e4rd.<\/p>\n<p>Med start den 8 oktober skickas \u00e5rets enk\u00e4t ut till hyresg\u00e4sterna via brev, Kivra , mail och sms.<\/p>\n<p>Resultatet i unders\u00f6kningen hj\u00e4lper oss p\u00e5 Gal\u00e4ren att se vad vi g\u00f6r bra och vad vi kan bli b\u00e4ttre p\u00e5. Hyresg\u00e4sternas \u00e5sikter och synpunkter \u00e4r s\u00e5klart viktiga f\u00f6r v\u00e5rt utvecklings- och f\u00f6rb\u00e4ttringsarbete. F\u00f6rutom att vi f\u00e5r veta hur hyresg\u00e4sterna trivs hos oss ger unders\u00f6kningsmetoden oss \u00e4ven m\u00f6jlighet att g\u00f6ra j\u00e4mf\u00f6relser med fastighetsbranschen i hela Sverige. Gal\u00e4ren str\u00e4var f\u00f6rst\u00e5s efter att ligga i branschens framkant och att ha n\u00f6jda hyresg\u00e4ster.<\/p>\n<p>Unders\u00f6kningen genomf\u00f6rs av AktivBo, ett f\u00f6retag med m\u00e5nga \u00e5rs erfarenhet av enk\u00e4tunders\u00f6kningar.<\/p>\n<hr\/>\n<p>\u00c4r du hyresg\u00e4st hos oss och vill du ge synpunkter eller har fr\u00e5gor om sj\u00e4lva enk\u00e4ten du f\u00e5tt skickad till dig kan du v\u00e4nda dig till AktivBo p\u00e5 telefonnummer 08-23 39 85 alternativt via mail till info@aktivbo.se.<\/p>\n<p>Du kan sj\u00e4lvklart ocks\u00e5 h\u00f6ra av dig direkt till oss p\u00e5 Gal\u00e4ren om du har andra fr\u00e5gor om unders\u00f6kningen.<\/p>\n<p><strong>Tack p\u00e5 f\u00f6rhand f\u00f6r er medverkan!<\/strong><\/p>\n<\/div>\n<p>\u2014\u2014\u2014\u2014\u2014\u2014\u2014\u2014\u2014\u2014\u2014\u2014\u2014\u2014\u2014\u2014\u2014\u2014\u2014\u2013<br \/><a href=\"https:\/\/galaren.se\/nyheter\/galaren-genomfor-hyresgastundersokning-2\/ target=\" _blank=\"\">Klicka h\u00e4r \u2013 l\u00e4nk till originalinl\u00e4gget<\/a><\/p>\n<p>K\u00e4lla: Gal\u00e4ren Lule\u00e5<br \/>\u2014\u2014\u2014\u2014\u2014\u2014\u2014\u2014\u2014\u2014\u2014\u2014\u2014\u2014\u2014\u2014\u2014\u2014\u2014\u2013<\/p>\n<footer class=\"author-bio-section\">\n<div class=\"author-flex\">\n<div class=\"author-image\"><img decoding=\"async\" src=\"http:\/\/2.gravatar.com\/avatar\/?s=32&d=mystery&r=g&forcedefault=1\"\/><\/div>\n<\/p><\/div>\n<\/footer><\/div>\n<p>&#8212;&#8212;&#8212;&#8212;&#8212;&#8212;&#8212;&#8212;&#8212;&#8212;&#8212;&#8212;&#8212;&#8212;&#8212;&#8212;&#8212;&#8212;&#8212;&#8211;<br \/>\n<a href=\"https:\/\/gratistidning.com.hemsida.eu\/lulea\/blog\/2025\/10\/07\/galaren-genomfor-en-hyresgastundersokning-i-samarbete-med-aktivbo\/\" target=\"_blank\">Klicka h\u00e4r &#8211; l\u00e4nk till inl\u00e4gget.<\/a><br \/>\n<br \/>\nK\u00e4lla: Lule\u00e5 Gratistidning &#8211; N\u00e4ringsliv<br \/>\n&#8212;&#8212;&#8212;&#8212;&#8212;&#8212;&#8212;&#8212;&#8212;&#8212;&#8212;&#8212;&#8212;&#8212;&#8212;&#8212;&#8212;&#8212;&#8212;&#8211;<\/p>\n","protected":false},"excerpt":{"rendered":"<p>2025-10-07 Vartannat \u00e5r genomf\u00f6r vi p\u00e5 Gal\u00e4ren en st\u00f6rre n\u00f6jd-kund-unders\u00f6kning bland alla v\u00e5ra bostads- och lokalhyresg\u00e4ster med fr\u00e5gor om hur de upplever sitt boende eller sin lokal, fastigheten de bor och verkar i och vad de tycker om v\u00e5r service som hyresv\u00e4rd. Med start den 8 oktober skickas \u00e5rets enk\u00e4t ut till hyresg\u00e4sterna via brev, [&hellip;]<\/p>\n","protected":false},"author":42,"featured_media":2086,"comment_status":"","ping_status":"","sticky":false,"template":"","format":"standard","meta":{"_acf_changed":false,"footnotes":"","_links_to":"","_links_to_target":""},"categories":[4,53],"tags":[],"class_list":{"0":"post-2085","1":"post","2":"type-post","3":"status-publish","4":"format-standard","5":"has-post-thumbnail","7":"category-business-news","8":"category-lulea"},"featured_image_src":"https:\/\/gratistidning.com\/business\/wp-content\/uploads\/sites\/16\/2025\/10\/kopmangatan65-kvtorsken-scaled-696x454.jpg","blog_images":{"medium":"https:\/\/gratistidning.com\/business\/wp-content\/uploads\/sites\/16\/2025\/10\/kopmangatan65-kvtorsken-scaled-696x454-300x196.jpg","large":"https:\/\/gratistidning.com\/business\/wp-content\/uploads\/sites\/16\/2025\/10\/kopmangatan65-kvtorsken-scaled-696x454.jpg"},"acf":[],"ams_acf":[],"publishpress_future_action":{"enabled":false,"date":"2026-05-05 23:35:24","action":"change-status","newStatus":"draft","terms":[],"taxonomy":"category","extraData":[]},"publishpress_future_workflow_manual_trigger":{"enabledWorkflows":[]},"_links":{"self":[{"href":"https:\/\/gratistidning.com\/business\/wp-json\/wp\/v2\/posts\/2085","targetHints":{"allow":["GET"]}}],"collection":[{"href":"https:\/\/gratistidning.com\/business\/wp-json\/wp\/v2\/posts"}],"about":[{"href":"https:\/\/gratistidning.com\/business\/wp-json\/wp\/v2\/types\/post"}],"author":[{"embeddable":true,"href":"https:\/\/gratistidning.com\/business\/wp-json\/wp\/v2\/users\/42"}],"replies":[{"embeddable":true,"href":"https:\/\/gratistidning.com\/business\/wp-json\/wp\/v2\/comments?post=2085"}],"version-history":[{"count":0,"href":"https:\/\/gratistidning.com\/business\/wp-json\/wp\/v2\/posts\/2085\/revisions"}],"wp:featuredmedia":[{"embeddable":true,"href":"https:\/\/gratistidning.com\/business\/wp-json\/wp\/v2\/media\/2086"}],"wp:attachment":[{"href":"https:\/\/gratistidning.com\/business\/wp-json\/wp\/v2\/media?parent=2085"}],"wp:term":[{"taxonomy":"category","embeddable":true,"href":"https:\/\/gratistidning.com\/business\/wp-json\/wp\/v2\/categories?post=2085"},{"taxonomy":"post_tag","embeddable":true,"href":"https:\/\/gratistidning.com\/business\/wp-json\/wp\/v2\/tags?post=2085"}],"curies":[{"name":"wp","href":"https:\/\/api.w.org\/{rel}","templated":true}]}}