{"id":2203,"date":"2025-11-28T16:31:00","date_gmt":"2025-11-28T15:31:00","guid":{"rendered":"https:\/\/gratistidning.com.hemsida.eu\/business\/blog\/2025\/11\/28\/viscaria-och-elkoll-tande-julgranen-och-den-svenska-fjallpremiaren-firade-ut-arets-kulturaveckor\/"},"modified":"2025-11-28T16:31:00","modified_gmt":"2025-11-28T15:31:00","slug":"viscaria-och-elkoll-tande-julgranen-och-den-svenska-fjallpremiaren-firade-ut-arets-kulturaveckor","status":"publish","type":"post","link":"https:\/\/gratistidning.com\/business\/blog\/2025\/11\/28\/viscaria-och-elkoll-tande-julgranen-och-den-svenska-fjallpremiaren-firade-ut-arets-kulturaveckor\/","title":{"rendered":"Viscaria och Elkoll t\u00e4nde julgranen och den Svenska fj\u00e4llpremi\u00e4ren firade ut \u00e5rets Kulturaveckor"},"content":{"rendered":"<div>\n<p>&#13;<\/p>\n<div class=\"youtube-embed\" data-video_id=\"rM0hLEim1u4\"><iframe loading=\"lazy\" title=\"Viscaria och Elkoll t\u00e4nde julgranen och den Svenska fj\u00e4llpremi\u00e4ren firade ut \u00e5rets Kulturaveckor\" width=\"696\" height=\"392\" src=\"https:\/\/www.youtube.com\/embed\/rM0hLEim1u4?feature=oembed&#038;enablejsapi=1\" frameborder=\"0\" allow=\"accelerometer; autoplay; clipboard-write; encrypted-media; gyroscope; picture-in-picture; web-share\" referrerpolicy=\"strict-origin-when-cross-origin\" allowfullscreen><\/iframe><\/div>\n<p>                            &#13;\n                            <\/p>\n<p>Med Elkoll vid v\u00e5r sida t\u00e4nde vi f\u00f6rra fredagen julgranen p\u00e5 Viscariaomr\u00e5det, en uppskattad tradition som vuxit fram genom v\u00e5rt n\u00e4ra och lokala samarbete. Tillsammans markerade vi starten p\u00e5 Den Svenska Fj\u00e4llpremi\u00e4ren under Kultura och firade b\u00f6rjan p\u00e5 Kirunas magiska skid- och vinters\u00e4song. Det \u00e4r ett fint exempel p\u00e5 hur lokala akt\u00f6rer tillsammans kan skapa st\u00e4mning, stolthet och sammanh\u00e5llning i Kiruna.<\/p>\n<p>P\u00e5 l\u00f6rdagen invigdes den nya toppstugan p\u00e5 Luossabacken, en viktig satsning f\u00f6r Kirunas friluftsliv och bes\u00f6ksn\u00e4ring. Under kv\u00e4llens avslutande Kulturakonsert p\u00e5 Scandic h\u00f6ll v\u00e5r vd J\u00f6rgen Olsson ett tal om betydelsen av kultur, friluftsliv och gemenskap i en industristad som Kiruna och hur starkt dessa v\u00e4rden h\u00f6r ihop med v\u00e5r identitet b\u00e5de som f\u00f6retag och som samh\u00e4lle.<\/p>\n<p>N\u00e4r vi nu summerar Kultura vill vi s\u00e4rskilt rikta ett varmt tack till Bj\u00f6rn, som genom sitt engagemang och sin f\u00f6rm\u00e5ga att h\u00e5lla ihop b\u00e5de helheten och detaljerna har han \u00e5terigen spelat en avg\u00f6rande roll f\u00f6r Kultura, inte minst under de intensiva h\u00f6stm\u00e5naderna.<\/p>\n<p>Kultura startades av v\u00e5r vd J\u00f6rgen Olsson som ett s\u00e4tt att ge tillbaka till Kirunaborna genom kultur, upplevelser och gemensamma initiativ som st\u00e4rker staden och skapar gemenskap. Vi \u00f6nskar Elkoll och alla v\u00e5ra partners och medarbetare en underbar adventstid.<\/p>\n<p>\u2013<br \/>With Elkoll by our side, we lit the Christmas tree in the Viscaria area last Friday \u2014 a cherished tradition that has grown out of our close and local collaboration. Together, we marked the start of the Swedish Mountain Premiere during Kultura and celebrated the beginning of Kiruna\u2019s magical ski and winter season. It is a fine example of how local actors together can create atmosphere, pride, and a sense of unity in Kiruna.<\/p>\n<p>On Saturday, the new summit lodge at Luossabacken was inaugurated \u2014 an important investment for Kiruna\u2019s outdoor life and tourism. During the evening\u2019s closing Kultura concert at Scandic, our CEO J\u00f6rgen Olsson gave a speech on the importance of culture, outdoor life, and community in an industrial town like Kiruna, and how strongly these values are connected to our identity both as a company and as a community.<\/p>\n<p>As we now look back on Kultura, we would especially like to extend our warm thanks to Bj\u00f6rn, who through his dedication and his ability to hold together both the bigger picture and the details has once again played a decisive role for Kultura, not least during the intense autumn months.<\/p>\n<p>Kultura was initiated by our CEO, J\u00f6rgen Olsson, as a way to give back to the people of Kiruna through culture, experiences, and joint initiatives that strengthen the town and foster community. We wish Elkoll and all our partners and employees a wonderful Advent season.<\/p>\n<p>\u2014\u2014\u2014\u2014\u2014\u2014\u2014\u2014\u2014\u2014\u2014\u2014\u2014\u2014\u2014\u2014\u2014\u2014\u2014\u2013<br \/><a href=\"https:\/\/www.youtube.com\/watch?v=rM0hLEim1u4\" target=\"_blank\">Klicka h\u00e4r \u2013 l\u00e4nk till originalinl\u00e4gget<\/a><\/p>\n<p><strong>K\u00e4lla: <a href=\"https:\/\/www.youtube.com\/@lkabgroup\" target=\"_blank\" rel=\"noopener\">Viscaria \/ Youtube<\/a><\/strong><br \/>\u2014\u2014\u2014\u2014\u2014\u2014\u2014\u2014\u2014\u2014\u2014\u2014\u2014\u2014\u2014\u2014\u2014\u2014\u2014\u2013<\/p>\n<footer class=\"author-bio-section\">\n<div class=\"author-flex\">\n<div class=\"author-image\"><\/div>\n<\/p><\/div>\n<\/footer><\/div>\n<p>&#8212;&#8212;&#8212;&#8212;&#8212;&#8212;&#8212;&#8212;&#8212;&#8212;&#8212;&#8212;&#8212;&#8212;&#8212;&#8212;&#8212;&#8212;&#8212;&#8211;<br \/>\n<a href=\"https:\/\/gratistidning.com.hemsida.eu\/kiruna\/blog\/2025\/11\/28\/viscaria-och-elkoll-tande-julgranen-och-den-svenska-fjallpremiaren-firade-ut-arets-kulturaveckor\/\" target=\"_blank\">Klicka h\u00e4r &#8211; l\u00e4nk till inl\u00e4gget<\/a><br \/>\n<br \/>\nK\u00e4lla: Kiruna Annonsblad &#8211; N\u00e4ringsliv<br \/>\n&#8212;&#8212;&#8212;&#8212;&#8212;&#8212;&#8212;&#8212;&#8212;&#8212;&#8212;&#8212;&#8212;&#8212;&#8212;&#8212;&#8212;&#8212;&#8212;&#8211;<\/p>\n","protected":false},"excerpt":{"rendered":"<p>&#13; &#13; Med Elkoll vid v\u00e5r sida t\u00e4nde vi f\u00f6rra fredagen julgranen p\u00e5 Viscariaomr\u00e5det, en uppskattad tradition som vuxit fram genom v\u00e5rt n\u00e4ra och lokala samarbete. Tillsammans markerade vi starten p\u00e5 Den Svenska Fj\u00e4llpremi\u00e4ren under Kultura och firade b\u00f6rjan p\u00e5 Kirunas magiska skid- och vinters\u00e4song. Det \u00e4r ett fint exempel p\u00e5 hur lokala akt\u00f6rer tillsammans [&hellip;]<\/p>\n","protected":false},"author":42,"featured_media":1937,"comment_status":"","ping_status":"","sticky":false,"template":"","format":"standard","meta":{"_acf_changed":false,"footnotes":"","_links_to":"","_links_to_target":""},"categories":[4,50],"tags":[],"class_list":{"0":"post-2203","1":"post","2":"type-post","3":"status-publish","4":"format-standard","5":"has-post-thumbnail","7":"category-business-news","8":"category-kiruna"},"featured_image_src":"https:\/\/gratistidning.com\/business\/wp-content\/uploads\/sites\/16\/2025\/08\/s32dmysteryrgforcedefault1.jpeg","blog_images":{"medium":"https:\/\/gratistidning.com\/business\/wp-content\/uploads\/sites\/16\/2025\/08\/s32dmysteryrgforcedefault1.jpeg","large":"https:\/\/gratistidning.com\/business\/wp-content\/uploads\/sites\/16\/2025\/08\/s32dmysteryrgforcedefault1.jpeg"},"acf":[],"ams_acf":[],"publishpress_future_action":{"enabled":false,"date":"2026-05-09 10:00:53","action":"change-status","newStatus":"draft","terms":[],"taxonomy":"category","extraData":[]},"publishpress_future_workflow_manual_trigger":{"enabledWorkflows":[]},"_links":{"self":[{"href":"https:\/\/gratistidning.com\/business\/wp-json\/wp\/v2\/posts\/2203","targetHints":{"allow":["GET"]}}],"collection":[{"href":"https:\/\/gratistidning.com\/business\/wp-json\/wp\/v2\/posts"}],"about":[{"href":"https:\/\/gratistidning.com\/business\/wp-json\/wp\/v2\/types\/post"}],"author":[{"embeddable":true,"href":"https:\/\/gratistidning.com\/business\/wp-json\/wp\/v2\/users\/42"}],"replies":[{"embeddable":true,"href":"https:\/\/gratistidning.com\/business\/wp-json\/wp\/v2\/comments?post=2203"}],"version-history":[{"count":0,"href":"https:\/\/gratistidning.com\/business\/wp-json\/wp\/v2\/posts\/2203\/revisions"}],"wp:featuredmedia":[{"embeddable":true,"href":"https:\/\/gratistidning.com\/business\/wp-json\/wp\/v2\/media\/1937"}],"wp:attachment":[{"href":"https:\/\/gratistidning.com\/business\/wp-json\/wp\/v2\/media?parent=2203"}],"wp:term":[{"taxonomy":"category","embeddable":true,"href":"https:\/\/gratistidning.com\/business\/wp-json\/wp\/v2\/categories?post=2203"},{"taxonomy":"post_tag","embeddable":true,"href":"https:\/\/gratistidning.com\/business\/wp-json\/wp\/v2\/tags?post=2203"}],"curies":[{"name":"wp","href":"https:\/\/api.w.org\/{rel}","templated":true}]}}