{"id":2216,"date":"2025-12-11T08:07:00","date_gmt":"2025-12-11T07:07:00","guid":{"rendered":"https:\/\/gratistidning.com.hemsida.eu\/business\/blog\/2025\/12\/11\/lkab-okar-ekonomiskt-stod-till-kiruna-vaxer\/"},"modified":"2025-12-11T08:07:00","modified_gmt":"2025-12-11T07:07:00","slug":"lkab-okar-ekonomiskt-stod-till-kiruna-vaxer","status":"publish","type":"post","link":"https:\/\/gratistidning.com\/business\/blog\/2025\/12\/11\/lkab-okar-ekonomiskt-stod-till-kiruna-vaxer\/","title":{"rendered":"LKAB \u00f6kar ekonomiskt st\u00f6d till Kiruna v\u00e4xer"},"content":{"rendered":"<div>\n<div class=\"td-post-featured-image\"><a href=\"https:\/\/gratistidning.com.hemsida.eu\/kiruna\/wp-content\/uploads\/sites\/6\/2025\/12\/Kiruna-vaxer-scaled.webp.webp\" data-caption=\"\"><\/a><\/div>\n<div>\n<nav class=\"breadcrumbs\" aria-label=\"Br\u00f6dsmulor\">\n<ol class=\"breadcrumbs__list\">\n<li class=\"breadcrumbs__item \">\n                                    <a class=\"breadcrumbs__item__link\" href=\"https:\/\/lkab.com\/\" aria-label=\"Home\"><br \/>\n<\/a>\n<\/li>\n<li class=\"breadcrumbs__item \">\n                                    <a class=\"breadcrumbs__item__link\" href=\"https:\/\/lkab.com\/nyheter\/\"><\/p>\n<p><svg class=\"icon icon--small\" aria-hidden=\"true\">\n    <use xlink:href=\"https:\/\/lkab.com\/wp-content\/themes\/bz-app-theme\/assets\/images\/iconSpritemap.6d40b37e3b36b870eb87.svg#chevron_right\"\/>\n<\/svg><br \/>Nyheter<\/p>\n<p><\/a>\n<\/li>\n<li class=\"breadcrumbs__item breadcrumbs__item--current\">\n                                    <a class=\"breadcrumbs__item__link\" href=\"https:\/\/lkab.com\/nyheter\/lkab-okar-ekonomiskt-stod-till-kiruna-vaxer\/\" aria-current=\"page\"><\/p>\n<p><svg class=\"icon icon--small\" aria-hidden=\"true\">\n    <use xlink:href=\"https:\/\/lkab.com\/wp-content\/themes\/bz-app-theme\/assets\/images\/iconSpritemap.6d40b37e3b36b870eb87.svg#chevron_right\"\/>\n<\/svg><br \/>LKAB \u00f6kar ekonomiskt st\u00f6d till Kiruna v\u00e4xer<\/p>\n<p><\/a>\n<\/li>\n<\/ol>\n<\/nav>\n<header class=\"article-header\">\n<\/header>\n<div class=\"image-block\" data-column-content=\"block\">\n<figure class=\"image image--align-center\" data-column-content=\"container\"><figcaption class=\"image__caption\" data-column-content=\"caption\">Michael Palo, direkt\u00f6r Aff\u00e4rsomr\u00e5de J\u00e4rnmalm, Robert Ylitalo, vd f\u00f6r Kiruna v\u00e4xer, och Stefan H\u00e4m\u00e4l\u00e4inen, direkt\u00f6r f\u00f6r Samh\u00e4llsutveckling.<\/figcaption><\/figure>\n<\/div>\n<p class=\"preamble\">\n    LKAB \u00f6kar sitt st\u00f6d till Kiruna v\u00e4xer. Det \u00e4r ett samarbetsforum mellan kommun, kultur och n\u00e4ringsliv f\u00f6r att Kiruna ska bli en av de mest attraktiva kommunerna att bo och arbeta i.\n<\/p>\n<p class=\"small-container paragraph\">\n    \u2013 Vi \u00e4r en stolt finansi\u00e4r och f\u00f6rst\u00e4rker v\u00e5rt engagemang genom att Anders Bj\u00f6rnstr\u00f6m, omr\u00e5deschef i Svappavaara, har g\u00e5tt in som ordf\u00f6rande och att vi \u00e4r engagerade i styrelsearbetet, s\u00e4ger Michael Palo, direkt\u00f6r f\u00f6r aff\u00e4rsomr\u00e5deschef J\u00e4rnmalm.\n<\/p>\n<p class=\"small-container paragraph\">\n    Palo utvecklar, och s\u00e4ger att LKAB \u00e4r beroende av att Kiruna utvecklas p\u00e5 ett positivt s\u00e4tt, och att ett v\u00e4lm\u00e5ende f\u00f6retagsklimat \u00e4r en viktig del.<br \/>\u2013 Genom att st\u00e4rka Kirunas ekonomiska utveckling kan vi skapa samarbeten mellan olika akt\u00f6rer och \u00f6ka engagemanget f\u00f6r hela samh\u00e4llets b\u00e4sta. V\u00e5r gruvdrift spelar en central roll och bidrar starkt till tillv\u00e4xten, syssels\u00e4ttningen och innovationskraften. Vi vill till exempel f\u00f6rb\u00e4ttra kommunikationerna till och fr\u00e5n Kiruna och arbeta aktivt med fr\u00e5gor som r\u00f6r b\u00e5de attraktivitet och tillg\u00e4nglighet, f\u00f6r att ytterligare st\u00e4rka regionens konkurrenskraft, s\u00e4ger Palo.\n<\/p>\n<p class=\"small-container paragraph\">\n    Stefan H\u00e4m\u00e4l\u00e4inen, direkt\u00f6r f\u00f6r samh\u00e4llsutveckling p\u00e5 LKAB, s\u00e4ger att satsningen p\u00e5 Kiruna v\u00e4xer ligger i linje med det egna arbetet:<br \/>\u2013 Det vi har jobbat f\u00f6r genom alla \u00e5r och forts\u00e4tter att jobba f\u00f6r fram\u00e5t \u00e4r att Kiruna ska vara en stad d\u00e4r man ska vilja leva och bo. Genom att vi \u00e4r flera olika parter fr\u00e5n olika h\u00e5ll kompletterar vi varandra, och kan tillsammans hitta l\u00f6sningar p\u00e5 ett helt annat s\u00e4tt \u00e4n om vi alla jobbar p\u00e5 var sitt h\u00e5ll, s\u00e4ger H\u00e4m\u00e4l\u00e4inen.\n<\/p>\n<p class=\"small-container paragraph\">\n    Kiruna v\u00e4xer har idag omkring 90 medlemmar, och det breda engagemanget \u00e4r avg\u00f6rande. Nytilltr\u00e4dde vd:n Robert Ylitalo s\u00e4ger att m\u00e5nga medlemmar \u00e4r b\u00e4rande f\u00f6r hela organisationen eftersom vi m\u00e5ste ha en bred uppslutning.<br \/>\u2013 Det \u00e4r tillsammans vi kan g\u00f6ra en f\u00f6r\u00e4ndring. LKAB \u00e4r dock en s\u00e5 pass viktig part i Kiruna att det blir en tydlig markering om att det vi g\u00f6r \u00e4r viktigt. Vi inom Kiruna v\u00e4xer ser fram emot att forts\u00e4tta driva detta arbete fram\u00e5t \u2013 nu med ett \u00e4nnu starkare partnerskap tillsammans med LKAB. Tillsammans bygger vi framtidens Kiruna, s\u00e4ger Robert Ylitalo.\n<\/p>\n<section class=\"article-footer content--inner\">\n<div class=\"small-container\">\n<div class=\"article-footer__top-section\">\n<h2 class=\"heading h3\">Taggar<\/h2>\n<p>                                            <span class=\"article-footer__tags__item\">Kiruna<\/span><br \/><span class=\"article-footer__tags__item\">Kiruna v\u00e4xer<\/span><br \/><span class=\"article-footer__tags__item\">Michael Palo<\/span><br \/><span class=\"article-footer__tags__item\">samh\u00e4llsutveckling<\/span><br \/><span class=\"article-footer__tags__item\">Stefan H\u00e4m\u00e4l\u00e4inen<\/span>\n                                    <\/p>\n<p>\n                                    Publicerad: 2025-12-11\n                                            <\/p>\n<\/div>\n<\/div>\n<\/section>\n<\/div>\n<p>\u2014\u2014\u2014\u2014\u2014\u2014\u2014\u2014\u2014\u2014\u2014\u2014\u2014\u2014\u2014\u2014\u2014\u2014\u2014\u2013<br \/><a href=\"https:\/\/lkab.com\/nyheter\/lkab-okar-ekonomiskt-stod-till-kiruna-vaxer\/\" target=\"_blank\">Klicka h\u00e4r \u2013 l\u00e4nk till originalinl\u00e4gget<\/a><\/p>\n<p>K\u00e4lla: LKAB<br \/>\u2014\u2014\u2014\u2014\u2014\u2014\u2014\u2014\u2014\u2014\u2014\u2014\u2014\u2014\u2014\u2014\u2014\u2014\u2014\u2013<\/p>\n<footer class=\"author-bio-section\">\n<div class=\"author-flex\">\n<div class=\"author-image\"><img decoding=\"async\" src=\"http:\/\/2.gravatar.com\/avatar\/?s=32&d=mystery&r=g&forcedefault=1\"\/><\/div>\n<\/p><\/div>\n<\/footer><\/div>\n<p>&#8212;&#8212;&#8212;&#8212;&#8212;&#8212;&#8212;&#8212;&#8212;&#8212;&#8212;&#8212;&#8212;&#8212;&#8212;&#8212;&#8212;&#8212;&#8212;&#8211;<br \/>\n<a href=\"https:\/\/gratistidning.com.hemsida.eu\/kiruna\/blog\/2025\/12\/11\/lkab-okar-ekonomiskt-stod-till-kiruna-vaxer\/\" target=\"_blank\">Klicka h\u00e4r &#8211; l\u00e4nk till inl\u00e4gget<\/a><br \/>\n<br \/>\nK\u00e4lla: Kiruna Annonsblad &#8211; N\u00e4ringsliv<br \/>\n&#8212;&#8212;&#8212;&#8212;&#8212;&#8212;&#8212;&#8212;&#8212;&#8212;&#8212;&#8212;&#8212;&#8212;&#8212;&#8212;&#8212;&#8212;&#8212;&#8211;<\/p>\n","protected":false},"excerpt":{"rendered":"<p>Nyheter LKAB \u00f6kar ekonomiskt st\u00f6d till Kiruna v\u00e4xer Michael Palo, direkt\u00f6r Aff\u00e4rsomr\u00e5de J\u00e4rnmalm, Robert Ylitalo, vd f\u00f6r Kiruna v\u00e4xer, och Stefan H\u00e4m\u00e4l\u00e4inen, direkt\u00f6r f\u00f6r Samh\u00e4llsutveckling. LKAB \u00f6kar sitt st\u00f6d till Kiruna v\u00e4xer. Det \u00e4r ett samarbetsforum mellan kommun, kultur och n\u00e4ringsliv f\u00f6r att Kiruna ska bli en av de mest attraktiva kommunerna att bo och [&hellip;]<\/p>\n","protected":false},"author":42,"featured_media":2217,"comment_status":"","ping_status":"","sticky":false,"template":"","format":"standard","meta":{"_acf_changed":false,"footnotes":"","_links_to":"","_links_to_target":""},"categories":[4,50],"tags":[],"class_list":{"0":"post-2216","1":"post","2":"type-post","3":"status-publish","4":"format-standard","5":"has-post-thumbnail","7":"category-business-news","8":"category-kiruna"},"featured_image_src":"https:\/\/gratistidning.com\/business\/wp-content\/uploads\/sites\/16\/2025\/12\/Kiruna-vaxer-scaled.webp-696x392.webp.webp","blog_images":{"medium":"https:\/\/gratistidning.com\/business\/wp-content\/uploads\/sites\/16\/2025\/12\/Kiruna-vaxer-scaled.webp-696x392.webp-300x169.webp","large":"https:\/\/gratistidning.com\/business\/wp-content\/uploads\/sites\/16\/2025\/12\/Kiruna-vaxer-scaled.webp-696x392.webp.webp"},"acf":[],"ams_acf":[],"publishpress_future_action":{"enabled":false,"date":"2026-05-08 23:56:38","action":"change-status","newStatus":"draft","terms":[],"taxonomy":"category","extraData":[]},"publishpress_future_workflow_manual_trigger":{"enabledWorkflows":[]},"_links":{"self":[{"href":"https:\/\/gratistidning.com\/business\/wp-json\/wp\/v2\/posts\/2216","targetHints":{"allow":["GET"]}}],"collection":[{"href":"https:\/\/gratistidning.com\/business\/wp-json\/wp\/v2\/posts"}],"about":[{"href":"https:\/\/gratistidning.com\/business\/wp-json\/wp\/v2\/types\/post"}],"author":[{"embeddable":true,"href":"https:\/\/gratistidning.com\/business\/wp-json\/wp\/v2\/users\/42"}],"replies":[{"embeddable":true,"href":"https:\/\/gratistidning.com\/business\/wp-json\/wp\/v2\/comments?post=2216"}],"version-history":[{"count":0,"href":"https:\/\/gratistidning.com\/business\/wp-json\/wp\/v2\/posts\/2216\/revisions"}],"wp:featuredmedia":[{"embeddable":true,"href":"https:\/\/gratistidning.com\/business\/wp-json\/wp\/v2\/media\/2217"}],"wp:attachment":[{"href":"https:\/\/gratistidning.com\/business\/wp-json\/wp\/v2\/media?parent=2216"}],"wp:term":[{"taxonomy":"category","embeddable":true,"href":"https:\/\/gratistidning.com\/business\/wp-json\/wp\/v2\/categories?post=2216"},{"taxonomy":"post_tag","embeddable":true,"href":"https:\/\/gratistidning.com\/business\/wp-json\/wp\/v2\/tags?post=2216"}],"curies":[{"name":"wp","href":"https:\/\/api.w.org\/{rel}","templated":true}]}}