{"id":994,"date":"2026-03-13T10:34:45","date_gmt":"2026-03-13T09:34:45","guid":{"rendered":"https:\/\/gratistidning.com\/haparanda\/?p=994"},"modified":"2026-03-13T10:36:14","modified_gmt":"2026-03-13T09:36:14","slug":"invigning-av-el-och-energiprogrammets-nya-lokaler-i-haparanda","status":"publish","type":"post","link":"https:\/\/gratistidning.com\/haparanda\/blog\/2026\/03\/13\/invigning-av-el-och-energiprogrammets-nya-lokaler-i-haparanda\/","title":{"rendered":"Invigning av el- och energiprogrammets nya lokaler i Haparanda"},"content":{"rendered":"<div id=\"svid12_3b2875ba19a7bb0c3bc7e0\" class=\"sv-text-portlet sv-use-margins\">\n<div class=\"sv-text-portlet-content\">\n<p><em>Foto: Haparanda stad.<\/em><\/p>\n<div id=\"svid12_3b5615e719c98aa3311c154\" class=\"sv-text-portlet sv-use-margins\">\n<h4 id=\"Ingress\"><span style=\"font-family: Verdana, BlinkMacSystemFont, -apple-system, 'Segoe UI', Roboto, Oxygen, Ubuntu, Cantarell, 'Open Sans', 'Helvetica Neue', sans-serif;\">Den 20 mars inviger Haparanda kommun el- och energiprogrammets nya lokaler. Gymnasieprogrammet har flyttat in i nyrenoverade lokaler i Klippanhuset p\u00e5 Norra Esplanaden 1.<\/span><\/h4>\n<\/div>\n<div id=\"svid12_3b5615e719c98aa3311c155\" class=\"sv-text-portlet sv-use-margins\">\n<div id=\"Brodtext\"><\/div>\n<div class=\"sv-text-portlet-content\">\n<p class=\"normal\">El- och energiprogrammets undervisning har i m\u00e5nga \u00e5rtionden bedrivits i kvarteret Bojan p\u00e5 Tingshusgatan. Nu har gymnasieprogrammet flyttat till Klippanhuset i centrala Haparanda, till moderna lokaler som \u00e4r utformade som en funktionell l\u00e4rmilj\u00f6 f\u00f6r s\u00e5v\u00e4l teoretiska som praktiska moment.<\/p>\n<p class=\"normal\">Satsningen \u00e4r en viktig del av kommunens arbete med att utveckla gymnasieskolan och s\u00e4kerst\u00e4lla goda studief\u00f6ruts\u00e4ttningar. Den \u00e4r ocks\u00e5 en viktig del i arbetet med att st\u00e4rka utbildningskvaliteten f\u00f6r att m\u00f6ta samh\u00e4llets behov av yrkesutbildad arbetskraft. Inom el- och energiomr\u00e5det \u00e4r efterfr\u00e5gan p\u00e5 kompetens fortsatt stor.<\/p>\n<p class=\"normal\">\u2013 Satsningen p\u00e5 nya lokaler st\u00e4rker kvaliteten i utbildningen och bidrar till kommunens l\u00e5ngsiktiga kompetensf\u00f6rs\u00f6rjning, s\u00e4ger Monika Invall, f\u00f6rvaltningschef Barn- och ungdomsf\u00f6rvaltningen.<\/p>\n<p class=\"normal\">El- och energiprogrammet ger eleverna kunskaper inom bland annat elinstallation och energiteknik. Utbildningen kombinerar teori och praktik, f\u00f6rbereder eleverna f\u00f6r arbete inom elbranschen och m\u00f6jligg\u00f6r \u00e4ven vidare studier p\u00e5 h\u00f6gre niv\u00e5.<\/p>\n<p class=\"normal\">Kommunens satsning p\u00e5 gymnasieskolan skapar st\u00f6rre m\u00f6jligheter f\u00f6r unga att utbilda sig lokalt inom omr\u00e5den d\u00e4r arbetsmarknadens behov \u00e4r tydligt. Den \u00e4r \u00e4ven en del av kommunens l\u00e5ngsiktiga arbete f\u00f6r h\u00e5llbar kompetensf\u00f6rs\u00f6rjning och regional utveckling.<\/p>\n<\/div>\n<\/div>\n<\/div>\n<\/div>\n<div id=\"svid12_3b2875ba19a7bb0c3bc7e1\" class=\"sv-text-portlet sv-use-margins\">\n<div class=\"sv-text-portlet-content\">\n<p><strong>K\u00e4lla: Haparanda stad<\/strong><\/p>\n<\/div>\n<\/div>\n","protected":false},"excerpt":{"rendered":"<p>Foto: Haparanda stad. Den 20 mars inviger Haparanda kommun el- och energiprogrammets nya lokaler. Gymnasieprogrammet har flyttat in i nyrenoverade lokaler i Klippanhuset p\u00e5 Norra Esplanaden 1. El- och energiprogrammets undervisning har i m\u00e5nga \u00e5rtionden bedrivits i kvarteret Bojan p\u00e5 Tingshusgatan. Nu har gymnasieprogrammet flyttat till Klippanhuset i centrala Haparanda, till moderna lokaler som \u00e4r [&hellip;]<\/p>\n","protected":false},"author":150,"featured_media":993,"comment_status":"closed","ping_status":"closed","sticky":false,"template":"","format":"standard","meta":{"_acf_changed":false,"footnotes":"","_links_to":"","_links_to_target":""},"categories":[80,51,3],"tags":[],"class_list":{"0":"post-994","1":"post","2":"type-post","3":"status-publish","4":"format-standard","5":"has-post-thumbnail","7":"category-haparanda-stad","8":"category-kommunen","9":"category-utvalda"},"featured_image_src":"https:\/\/gratistidning.com\/haparanda\/wp-content\/uploads\/sites\/20\/2026\/02\/Elprogrammet.webp","blog_images":{"medium":"https:\/\/gratistidning.com\/haparanda\/wp-content\/uploads\/sites\/20\/2026\/02\/Elprogrammet-300x136.webp","large":"https:\/\/gratistidning.com\/haparanda\/wp-content\/uploads\/sites\/20\/2026\/02\/Elprogrammet.webp"},"acf":[],"ams_acf":[],"publishpress_future_action":{"enabled":false,"date":"2026-05-08 12:28:10","action":"change-status","newStatus":"draft","terms":[],"taxonomy":"category","extraData":[]},"publishpress_future_workflow_manual_trigger":{"enabledWorkflows":[]},"_links":{"self":[{"href":"https:\/\/gratistidning.com\/haparanda\/wp-json\/wp\/v2\/posts\/994","targetHints":{"allow":["GET"]}}],"collection":[{"href":"https:\/\/gratistidning.com\/haparanda\/wp-json\/wp\/v2\/posts"}],"about":[{"href":"https:\/\/gratistidning.com\/haparanda\/wp-json\/wp\/v2\/types\/post"}],"author":[{"embeddable":true,"href":"https:\/\/gratistidning.com\/haparanda\/wp-json\/wp\/v2\/users\/150"}],"replies":[{"embeddable":true,"href":"https:\/\/gratistidning.com\/haparanda\/wp-json\/wp\/v2\/comments?post=994"}],"version-history":[{"count":2,"href":"https:\/\/gratistidning.com\/haparanda\/wp-json\/wp\/v2\/posts\/994\/revisions"}],"predecessor-version":[{"id":996,"href":"https:\/\/gratistidning.com\/haparanda\/wp-json\/wp\/v2\/posts\/994\/revisions\/996"}],"wp:featuredmedia":[{"embeddable":true,"href":"https:\/\/gratistidning.com\/haparanda\/wp-json\/wp\/v2\/media\/993"}],"wp:attachment":[{"href":"https:\/\/gratistidning.com\/haparanda\/wp-json\/wp\/v2\/media?parent=994"}],"wp:term":[{"taxonomy":"category","embeddable":true,"href":"https:\/\/gratistidning.com\/haparanda\/wp-json\/wp\/v2\/categories?post=994"},{"taxonomy":"post_tag","embeddable":true,"href":"https:\/\/gratistidning.com\/haparanda\/wp-json\/wp\/v2\/tags?post=994"}],"curies":[{"name":"wp","href":"https:\/\/api.w.org\/{rel}","templated":true}]}}