{"id":1044,"date":"2025-03-13T09:29:37","date_gmt":"2025-03-13T09:29:37","guid":{"rendered":"https:\/\/gratistidning.com.hemsida.eu\/jokkmokk\/blog\/2025\/03\/13\/tre-18-aringar-kallas-till-monstring-fran-jokkmokk\/"},"modified":"2025-03-13T09:29:37","modified_gmt":"2025-03-13T09:29:37","slug":"tre-18-aringar-kallas-till-monstring-fran-jokkmokk","status":"publish","type":"post","link":"https:\/\/gratistidning.com\/jokkmokk\/blog\/2025\/03\/13\/tre-18-aringar-kallas-till-monstring-fran-jokkmokk\/","title":{"rendered":"Tre 18-\u00e5ringar kallas till m\u00f6nstring fr\u00e5n Jokkmokk"},"content":{"rendered":"<div itemprop=\"articleBody\"><meta content=\"monstring\" data-region=\"Jokkmokks kommun\" data-role=\"featured-image\" data-tag=\"monstring\" data-type=\"imageFromBank\" property=\"imageFromBank\"\/><\/p>\n<p class=\"lead\"> Antalet 18-\u00e5ringar som kallas till m\u00f6nstring forts\u00e4tter att \u00f6ka i Sverige i takt med att v\u00e4rnplikten byggs ut. Fr\u00e5n Jokkmokk kallas tv\u00e5 m\u00e4n och en kvinna.<\/p>\n<p> Nu kallas omkring 28\u00a0200 svenskar f\u00f6dda 2007 till m\u00f6nstring. Och tre av dem kommer fr\u00e5n Jokkmokk, enligt ny statistik fr\u00e5n Plikt- och pr\u00f6vningsverket.<br \/>\nDet inneb\u00e4r att 8 procent av inv\u00e5narna i \u00e5ldersgruppen i kommunen kallas till m\u00f6nstring. Det \u00e4r en l\u00e4gre andel \u00e4n i <a href=\"https:\/\/www.newsworthy.se\/artikel\/314331\">Norrbotten<\/a> totalt. I riket som helhet kallas n\u00e4stan var fj\u00e4rde person i \u00e5rskullen. <\/p>\n<figure class=\"figchart\"><a href=\"https:\/\/d3rbgqmj1364cn.cloudfront.net\/robot-writer\/charts\/3954617563@2x.png\"><picture><source srcset=\"https:\/\/d3rbgqmj1364cn.cloudfront.net\/robot-writer\/charts\/3954617563-400.webp 0.5x,https:\/\/d3rbgqmj1364cn.cloudfront.net\/robot-writer\/charts\/3954617563.webp 1x,https:\/\/d3rbgqmj1364cn.cloudfront.net\/robot-writer\/charts\/3954617563@2x.webp 2x\" type=\"image\/webp\"\/><\/picture><\/a><\/figure>\n<p><meta content=\"cutoff\" name=\"cutoff\"\/><\/p>\n<p> Tre personer \u00e4r lika m\u00e5nga som kallades i fjol. Som mest har sju personer fr\u00e5n en \u00e5rskull kommunen m\u00f6nstrat (2019). Totalt fr\u00e5n Norrbottens l\u00e4n kallas 544 personer i \u00e5r. <\/p>\n<figure><figcaption>S\u00e5 m\u00e5nga kallas till m\u00f6nstring per kommun i Norrbottens l\u00e4n<\/figcaption><div class=\"fignote\" style=\"font-size:80%;padding-top:1em;\">\n<div class=\"chart-download\" style=\"font-size:80%;\">\n<details style=\"text-align:left;\">\n<summary>Kopiera tabellen (f\u00f6r eget CMS, Datawrapper, Infogram, etc.)<\/summary>\n<div class=\"DetailsEdSlim\">\n<p>Os\u00e4ker p\u00e5 hur du kopierar en tabell? L\u00e4s mer p\u00e5 <a href=\"https:\/\/www.newsworthy.se\/kopiera-tabeller-och-grafer\">www.newsworthy.se\/kopiera-tabeller-och-grafer<\/a>.<\/p>\n<p>I vissa CMS finns ett tabellverktyg d\u00e4r du kan klistra in tabelldata direkt i tabellredigeringsverktyget (ofta som csv eller tsv).<br \/>I andra CMS m\u00e5ste du v\u00e4xla till \u201dk\u00e4llredigering\u201d, \u201dkodl\u00e4ge\u201d eller liknande, och klistra in tabellen som html.<\/p>\n<\/div>\n<\/details>\n<\/div>\n<\/div>\n<p>K\u00e4lla: Plikt- och pr\u00f6vningsverket, befolkningssiffror fr\u00e5n SCB. Befolkningen \u00e4r alla i kommunen som \u00e4r 17 \u00e5r gamla den 31 december \u00e5ret innan m\u00f6nstring.<\/p>\n<\/figure>\n<h3> En kvinna fr\u00e5n Jokkmokk<\/h3>\n<p> En av de som kallats till m\u00f6nstring fr\u00e5n Jokkmokk \u00e4r kvinna. Som mest har tre kvinnor kallats fr\u00e5n kommunen (2021 och 2019). I riket som helhet \u00e4r 28 procent av de m\u00f6nstrande tjejer.  <\/p>\n<figure class=\"figchart\"><a href=\"https:\/\/d3rbgqmj1364cn.cloudfront.net\/robot-writer\/charts\/783299277@2x.png\"><picture><source srcset=\"https:\/\/d3rbgqmj1364cn.cloudfront.net\/robot-writer\/charts\/783299277-400.webp 0.5x,https:\/\/d3rbgqmj1364cn.cloudfront.net\/robot-writer\/charts\/783299277.webp 1x,https:\/\/d3rbgqmj1364cn.cloudfront.net\/robot-writer\/charts\/783299277@2x.webp 2x\" type=\"image\/webp\"\/><img decoding=\"async\" class=\"chart\" loading=\"lazy\" src=\"https:\/\/d3rbgqmj1364cn.cloudfront.net\/robot-writer\/charts\/783299277.png\"\/><\/picture><\/a><\/figure>\n<h3> Inga v\u00e4rnpliktiga fr\u00e5n Jokkmokk i \u00e5r<\/h3>\n<p>N\u00e4stan alla som fyller 18 under \u00e5ret \u00e4r skyldiga att fylla i m\u00f6nstringsunderlaget. Det \u00e4r en webbenk\u00e4t med 40 fr\u00e5gor om bland annat h\u00e4lsa, skolg\u00e5ng och fysik. I \u00e5r r\u00f6rde det sig om ungef\u00e4r 110\u00a0000 personer. Det \u00e4r ett lagkrav att svara p\u00e5 enk\u00e4ten, i \u00e5r gjorde 98 procent av 18-\u00e5ringarna det. Av dessa kallas allts\u00e5 omkring 28\u00a0200 till m\u00f6nstring. Den som inte har kallats kan sj\u00e4lv g\u00f6ra en ans\u00f6kan om att f\u00e5 m\u00f6nstra. Enligt Plikt- och pr\u00f6vningsverket kommer ungef\u00e4r 9\u00a0000 ungdomar att b\u00f6rja grundutbildningen, som \u00e4r mellan nio och femton m\u00e5nader, under 2026 och 2027. Det \u00e4r d\u00e5 de f\u00f6rsta som m\u00f6nstrar i \u00e5r kan rycka in. <\/p>\n<p>Av de som skrivits in till n\u00e5gon av F\u00f6rsvarmaktens grundutbildningar det senaste \u00e5ret, fr\u00e5n juni 2024 till mars i \u00e5r, kommer ingen fr\u00e5n Jokkmokk. <\/p>\n<aside class=\"Details\">\n<div class=\"Typography--article\">\n<h2 class=\"Typography--h3\">Undantag fr\u00e5n m\u00f6nstringsunderlaget<\/h2>\n<p>N\u00e4stan alla som fyller 18 under \u00e5ret m\u00e5ste fylla i m\u00f6nstringsunderlaget, dock finns undantag vilket bland annat kan bero p\u00e5 att man \u00e4r svensk medborgare men folkbokf\u00f6rd utomlands, \u00e4r intagen f\u00f6r v\u00e5rd (psykiatrisk tv\u00e5ngsv\u00e5rd, r\u00e4ttspsykiatrisk v\u00e5rd, sluten ungdomsv\u00e5rd eller s\u00e4rskilt ungdomshem) eller blivit beviljad en LSS-insats fr\u00e5n kommunen. Bed\u00f6mningen om vilka som inte beh\u00f6ver l\u00e4mna uppgifter g\u00f6r Plikt- och pr\u00f6vningsverket.<\/p>\n<\/div>\n<\/aside>\n<aside class=\"Details\">\n<div class=\"Typography--article\">\n<h2 class=\"Typography--h3\">K\u00e4llor<\/h2>\n<p>All statistik om <a href=\"https:\/\/via.tt.se\/pressmeddelande\/3427569\/27-900-ungdomar-ska-monstra-sa-manga-kallas-fran-din-kommun?publisherId=3235997&lang=sv\">m\u00f6nstring<\/a> och <a href=\"https:\/\/via.tt.se\/pressmeddelande\/3389399\/sa-har-manga-inskrivna-till-varnplikt-kommer-fran-din-kommun?publisherId=3235997&lang=sv\">inryckning<\/a> kommer fr\u00e5n Plikt- och pr\u00f6vningsverket. Befolkningssiffror kommer fr\u00e5n SCB och g\u00e4ller de som \u00e4r 17 \u00e5r gamla den 31 december \u00e5ret innan m\u00f6nstring.  <\/p>\n<p>F\u00f6r n\u00e5gra personer som kallats till m\u00f6nstring saknas uppgift om kommuntillh\u00f6righet. <\/p>\n<\/div>\n<\/aside>\n<\/div>\n<p>&#8212;&#8212;&#8212;&#8212;&#8212;&#8212;&#8212;&#8212;&#8212;&#8212;&#8212;&#8212;&#8212;&#8212;&#8212;&#8212;&#8212;&#8212;&#8212;&#8211;<br \/>\n<a href=\"https:\/\/www.newsworthy.se\/artikel\/314113?utm_campaign=rss&#038;utm_source=jokkmokks-kommun\">Klicka h\u00e4r &#8211; l\u00e4nk till originalinl\u00e4gget<\/a><br \/>\n<br \/>\nK\u00e4lla: Newsworthy (Jokkmokk)<br \/>\n&#8212;&#8212;&#8212;&#8212;&#8212;&#8212;&#8212;&#8212;&#8212;&#8212;&#8212;&#8212;&#8212;&#8212;&#8212;&#8212;&#8212;&#8212;&#8212;&#8211;<\/p>\n","protected":false},"excerpt":{"rendered":"<p>Antalet 18-\u00e5ringar som kallas till m\u00f6nstring forts\u00e4tter att \u00f6ka i Sverige i takt med att v\u00e4rnplikten byggs ut. Fr\u00e5n Jokkmokk kallas tv\u00e5 m\u00e4n och en kvinna. Nu kallas omkring 28\u00a0200 svenskar f\u00f6dda 2007 till m\u00f6nstring. Och tre av dem kommer fr\u00e5n Jokkmokk, enligt ny statistik fr\u00e5n Plikt- och pr\u00f6vningsverket. Det inneb\u00e4r att 8 procent av [&hellip;]<\/p>\n","protected":false},"author":101,"featured_media":894,"comment_status":"closed","ping_status":"closed","sticky":false,"template":"","format":"standard","meta":{"_acf_changed":false,"footnotes":"","_links_to":"","_links_to_target":""},"categories":[12],"tags":[],"class_list":{"0":"post-1044","1":"post","2":"type-post","3":"status-publish","4":"format-standard","5":"has-post-thumbnail","7":"category-allmant"},"featured_image_src":"https:\/\/gratistidning.com\/jokkmokk\/wp-content\/uploads\/sites\/12\/2024\/12\/plikt2.jpg_1200x630-1024x538.jpg","blog_images":{"medium":"https:\/\/gratistidning.com\/jokkmokk\/wp-content\/uploads\/sites\/12\/2024\/12\/plikt2.jpg_1200x630-300x158.jpg","large":"https:\/\/gratistidning.com\/jokkmokk\/wp-content\/uploads\/sites\/12\/2024\/12\/plikt2.jpg_1200x630-1024x538.jpg"},"acf":[],"ams_acf":[],"publishpress_future_action":{"enabled":false,"date":"2026-05-06 18:31:51","action":"change-status","newStatus":"draft","terms":[],"taxonomy":"category","extraData":[]},"publishpress_future_workflow_manual_trigger":{"enabledWorkflows":[]},"_links":{"self":[{"href":"https:\/\/gratistidning.com\/jokkmokk\/wp-json\/wp\/v2\/posts\/1044","targetHints":{"allow":["GET"]}}],"collection":[{"href":"https:\/\/gratistidning.com\/jokkmokk\/wp-json\/wp\/v2\/posts"}],"about":[{"href":"https:\/\/gratistidning.com\/jokkmokk\/wp-json\/wp\/v2\/types\/post"}],"author":[{"embeddable":true,"href":"https:\/\/gratistidning.com\/jokkmokk\/wp-json\/wp\/v2\/users\/101"}],"replies":[{"embeddable":true,"href":"https:\/\/gratistidning.com\/jokkmokk\/wp-json\/wp\/v2\/comments?post=1044"}],"version-history":[{"count":0,"href":"https:\/\/gratistidning.com\/jokkmokk\/wp-json\/wp\/v2\/posts\/1044\/revisions"}],"wp:featuredmedia":[{"embeddable":true,"href":"https:\/\/gratistidning.com\/jokkmokk\/wp-json\/wp\/v2\/media\/894"}],"wp:attachment":[{"href":"https:\/\/gratistidning.com\/jokkmokk\/wp-json\/wp\/v2\/media?parent=1044"}],"wp:term":[{"taxonomy":"category","embeddable":true,"href":"https:\/\/gratistidning.com\/jokkmokk\/wp-json\/wp\/v2\/categories?post=1044"},{"taxonomy":"post_tag","embeddable":true,"href":"https:\/\/gratistidning.com\/jokkmokk\/wp-json\/wp\/v2\/tags?post=1044"}],"curies":[{"name":"wp","href":"https:\/\/api.w.org\/{rel}","templated":true}]}}