{"id":3434,"date":"2025-04-17T14:18:00","date_gmt":"2025-04-17T12:18:00","guid":{"rendered":"https:\/\/gratistidning.com.hemsida.eu\/kiruna\/blog\/2025\/04\/17\/sa-manga-ar-langtidsarbetslosa-i-kiruna-11\/"},"modified":"2025-04-17T14:18:00","modified_gmt":"2025-04-17T12:18:00","slug":"sa-manga-ar-langtidsarbetslosa-i-kiruna-11","status":"publish","type":"post","link":"https:\/\/gratistidning.com\/kiruna\/blog\/2025\/04\/17\/sa-manga-ar-langtidsarbetslosa-i-kiruna-11\/","title":{"rendered":"S\u00e5 m\u00e5nga \u00e4r l\u00e5ngtids\u00adarbetsl\u00f6sa i Kiruna"},"content":{"rendered":"<div itemprop=\"articleBody\"><meta content=\"arbetsl\u00f6shet\" data-month=\"3\" data-region=\"Kiruna kommun\" data-role=\"featured-image\" data-tag=\"arbetsl\u00f6shet\" data-type=\"imageFromBank\" property=\"imageFromBank\"\/><\/p>\n<p class=\"lead\">Andelen som varit utan arbete i minst ett \u00e5r i Kiruna var ungef\u00e4r lika stor i mars j\u00e4mf\u00f6rt med samma m\u00e5nad f\u00f6r ett \u00e5r sedan. Det visar Arbetsf\u00f6medlingens senaste m\u00e5nadsstatistik. <\/p>\n<p>I mars hade 90 Kirunabor varit arbetsl\u00f6sa i minst ett \u00e5r, vilket \u00e4r \u00e5tta fler \u00e4n m\u00e5naden innan. 90 personer motsvarar 0,8\u00a0procent av arbetskraften i kommunen \u2013 andelen l\u00e5ngtidsarbetsl\u00f6sa \u00e4r ungef\u00e4r p\u00e5 samma niv\u00e5 som f\u00f6r ett \u00e5r sedan. Kiruna kommun hade tredje l\u00e4gst andel l\u00e5ngtidsarbetsl\u00f6sa i landet i mars. <\/p>\n<figure class=\"figchart\"><figcaption\/><a href=\"https:\/\/d3rbgqmj1364cn.cloudfront.net\/charts\/longterm_by_time----Kiruna-kommun--2025-03-01.png_1600.png\"><picture><source srcset=\"https:\/\/d3rbgqmj1364cn.cloudfront.net\/charts\/longterm_by_time----Kiruna-kommun--2025-03-01.png_400.webp 0.5x,https:\/\/d3rbgqmj1364cn.cloudfront.net\/charts\/longterm_by_time----Kiruna-kommun--2025-03-01.png_800.webp 1x,https:\/\/d3rbgqmj1364cn.cloudfront.net\/charts\/longterm_by_time----Kiruna-kommun--2025-03-01.png_1600.webp 2x\" type=\"image\/webp\"\/><\/picture><\/a><\/figure>\n<p>Antalet som st\u00e5r allra l\u00e4ngst fr\u00e5n arbetsmarknaden \u2013 som varit utan arbete utan i minst tv\u00e5 \u00e5r \u2013  har minskat j\u00e4mf\u00f6rt med samma m\u00e5nad f\u00f6r ett \u00e5r sedan: fr\u00e5n 41 till 38, eller 0,3\u00a0procent av arbetskraften i mars 2025. Det \u00e4r den n\u00e4st l\u00e4gsta andelen under de senaste 15 \u00e5ren. <\/p>\n<p><meta content=\"cutoff\" name=\"cutoff\"\/><\/p>\n<p> Andelen l\u00e5ngtidsarbetsl\u00f6sa i Kiruna \u00e4r den n\u00e4st l\u00e4gsta i Norrbottens l\u00e4n, bara i <span class=\"nw-article-link\" data-batch=\"ams-unemployment_longterm-monthly|2025-03-01\" data-region=\"Arjeplog\">Arjeplog<\/span> \u00e4r andelen l\u00e4gre (0,7\u00a0procent). I <span class=\"nw-article-link\" data-batch=\"ams-unemployment_longterm-monthly|2025-03-01\" data-region=\"\u00d6verkalix\">\u00d6verkalix<\/span> finns l\u00e4nets h\u00f6gsta l\u00e5ngtidsarbetsl\u00f6shet, 3,0\u00a0procent. I <a href=\"https:\/\/www.newsworthy.se\/artikel\/320747\">Norrbotten<\/a> som helhet hade 1\u00a0778 personer (1,5\u00a0procent) varit arbetsl\u00f6sa i minst ett \u00e5r i mars. Det \u00e4r nio personer  f\u00e4rre \u00e4n m\u00e5naden innan.<\/p>\n<figure><figcaption>Andel l\u00e5ngtidsarbetsl\u00f6sa per kommun i Norrbottens l\u00e4n i mars 2025<\/figcaption><table class=\"table responsive\">\n<thead>\n<tr>\n<th scope=\"col\">Kommun<\/th>\n<th scope=\"col\">Arbetsl\u00f6sa i minst 12 m\u00e5nader<\/th>\n<th scope=\"col\">F\u00f6r\u00e4ndring sedan februari 2025 (procentenheter)<\/th>\n<th scope=\"col\">F\u00f6r\u00e4ndring sedan mars 2024 (procentenheter)<\/th>\n<\/tr>\n<\/thead>\n<tbody>\n<tr>\n<th scope=\"row\"><a href=\"https:\/\/www.newsworthy.se\/artikel\/320824\">\u00d6verkalix<\/a><\/th>\n<td class=\"value\" data-title=\"Arbetsl\u00f6sa i minst 12 m\u00e5nader\" data-value=\"0.03\">3,0\u00a0%<\/td>\n<td class=\"value\" data-title=\"F\u00f6r\u00e4ndring sedan februari 2025 (procentenheter)\" data-value=\"0.0019999999999999\">+0,2\u00a0<span class=\"change-arrow color-negative\">\u25b2<\/span><\/td>\n<td class=\"value\" data-title=\"F\u00f6r\u00e4ndring sedan mars 2024 (procentenheter)\" data-value=\"0.004\">+0,4\u00a0<span class=\"change-arrow color-negative\">\u25b2<\/span><\/td>\n<\/tr>\n<tr>\n<th scope=\"row\"><a href=\"https:\/\/www.newsworthy.se\/artikel\/320689\">Haparanda<\/a><\/th>\n<td class=\"value\" data-title=\"Arbetsl\u00f6sa i minst 12 m\u00e5nader\" data-value=\"0.025\">2,5\u00a0%<\/td>\n<td class=\"value\" data-title=\"F\u00f6r\u00e4ndring sedan februari 2025 (procentenheter)\" data-value=\"-0.0009999999999999974\">\u22120,1\u00a0<span class=\"change-arrow color-positive\">\u25bc<\/span><\/td>\n<td class=\"value\" data-title=\"F\u00f6r\u00e4ndring sedan mars 2024 (procentenheter)\" data-value=\"0.002\">+0,2\u00a0<span class=\"change-arrow color-negative\">\u25b2<\/span><\/td>\n<\/tr>\n<tr>\n<th scope=\"row\"><a href=\"https:\/\/www.newsworthy.se\/artikel\/320883\">Kalix<\/a><\/th>\n<td class=\"value\" data-title=\"Arbetsl\u00f6sa i minst 12 m\u00e5nader\" data-value=\"0.019\">1,9\u00a0%<\/td>\n<td class=\"value\" data-title=\"F\u00f6r\u00e4ndring sedan februari 2025 (procentenheter)\" data-value=\"0\">\u00b10,0\u00a0<span class=\"change-arrow color-neutral\">\u25b8<\/span><\/td>\n<td class=\"value\" data-title=\"F\u00f6r\u00e4ndring sedan mars 2024 (procentenheter)\" data-value=\"0.0019999999999999\">+0,2\u00a0<span class=\"change-arrow color-negative\">\u25b2<\/span><\/td>\n<\/tr>\n<tr>\n<th scope=\"row\"><a href=\"https:\/\/www.newsworthy.se\/artikel\/320910\">\u00d6vertorne\u00e5<\/a><\/th>\n<td class=\"value\" data-title=\"Arbetsl\u00f6sa i minst 12 m\u00e5nader\" data-value=\"0.018\">1,8\u00a0%<\/td>\n<td class=\"value\" data-title=\"F\u00f6r\u00e4ndring sedan februari 2025 (procentenheter)\" data-value=\"0\">\u00b10,0\u00a0<span class=\"change-arrow color-neutral\">\u25b8<\/span><\/td>\n<td class=\"value\" data-title=\"F\u00f6r\u00e4ndring sedan mars 2024 (procentenheter)\" data-value=\"0.0019999999999999\">+0,2\u00a0<span class=\"change-arrow color-negative\">\u25b2<\/span><\/td>\n<\/tr>\n<tr>\n<th scope=\"row\"><a href=\"https:\/\/www.newsworthy.se\/artikel\/320705\">Lule\u00e5<\/a><\/th>\n<td class=\"value\" data-title=\"Arbetsl\u00f6sa i minst 12 m\u00e5nader\" data-value=\"0.017\">1,7\u00a0%<\/td>\n<td class=\"value\" data-title=\"F\u00f6r\u00e4ndring sedan februari 2025 (procentenheter)\" data-value=\"0\">\u00b10,0\u00a0<span class=\"change-arrow color-neutral\">\u25b8<\/span><\/td>\n<td class=\"value\" data-title=\"F\u00f6r\u00e4ndring sedan mars 2024 (procentenheter)\" data-value=\"0\">\u00b10,0\u00a0<span class=\"change-arrow color-neutral\">\u25b8<\/span><\/td>\n<\/tr>\n<tr>\n<th scope=\"row\"><a href=\"https:\/\/www.newsworthy.se\/artikel\/320812\">\u00c4lvsbyn<\/a><\/th>\n<td class=\"value\" data-title=\"Arbetsl\u00f6sa i minst 12 m\u00e5nader\" data-value=\"0.017\">1,7\u00a0%<\/td>\n<td class=\"value\" data-title=\"F\u00f6r\u00e4ndring sedan februari 2025 (procentenheter)\" data-value=\"0\">\u00b10,0\u00a0<span class=\"change-arrow color-neutral\">\u25b8<\/span><\/td>\n<td class=\"value\" data-title=\"F\u00f6r\u00e4ndring sedan mars 2024 (procentenheter)\" data-value=\"-0.0019999999999999\">\u22120,2\u00a0<span class=\"change-arrow color-positive\">\u25bc<\/span><\/td>\n<\/tr>\n<tr>\n<th scope=\"row\"><a href=\"https:\/\/www.newsworthy.se\/artikel\/320846\">Boden<\/a><\/th>\n<td class=\"value\" data-title=\"Arbetsl\u00f6sa i minst 12 m\u00e5nader\" data-value=\"0.015\">1,5\u00a0%<\/td>\n<td class=\"value\" data-title=\"F\u00f6r\u00e4ndring sedan februari 2025 (procentenheter)\" data-value=\"-0.001\">\u22120,1\u00a0<span class=\"change-arrow color-positive\">\u25bc<\/span><\/td>\n<td class=\"value\" data-title=\"F\u00f6r\u00e4ndring sedan mars 2024 (procentenheter)\" data-value=\"-0.0029999999999999\">\u22120,3\u00a0<span class=\"change-arrow color-positive\">\u25bc<\/span><\/td>\n<\/tr>\n<tr>\n<th scope=\"row\"><a href=\"https:\/\/www.newsworthy.se\/artikel\/320889\">Pite\u00e5<\/a><\/th>\n<td class=\"value\" data-title=\"Arbetsl\u00f6sa i minst 12 m\u00e5nader\" data-value=\"0.012\">1,2\u00a0%<\/td>\n<td class=\"value\" data-title=\"F\u00f6r\u00e4ndring sedan februari 2025 (procentenheter)\" data-value=\"-0.0009999999999999992\">\u22120,1\u00a0<span class=\"change-arrow color-positive\">\u25bc<\/span><\/td>\n<td class=\"value\" data-title=\"F\u00f6r\u00e4ndring sedan mars 2024 (procentenheter)\" data-value=\"-0.002\">\u22120,2\u00a0<span class=\"change-arrow color-positive\">\u25bc<\/span><\/td>\n<\/tr>\n<tr>\n<th scope=\"row\"><a href=\"https:\/\/www.newsworthy.se\/artikel\/320727\">Jokkmokk<\/a><\/th>\n<td class=\"value\" data-title=\"Arbetsl\u00f6sa i minst 12 m\u00e5nader\" data-value=\"0.01\">1,0\u00a0%<\/td>\n<td class=\"value\" data-title=\"F\u00f6r\u00e4ndring sedan februari 2025 (procentenheter)\" data-value=\"0\">\u00b10,0\u00a0<span class=\"change-arrow color-neutral\">\u25b8<\/span><\/td>\n<td class=\"value\" data-title=\"F\u00f6r\u00e4ndring sedan mars 2024 (procentenheter)\" data-value=\"0\">\u00b10,0\u00a0<span class=\"change-arrow color-neutral\">\u25b8<\/span><\/td>\n<\/tr>\n<tr>\n<th scope=\"row\"><a href=\"https:\/\/www.newsworthy.se\/artikel\/320926\">Pajala<\/a><\/th>\n<td class=\"value\" data-title=\"Arbetsl\u00f6sa i minst 12 m\u00e5nader\" data-value=\"0.01\">1,0\u00a0%<\/td>\n<td class=\"value\" data-title=\"F\u00f6r\u00e4ndring sedan februari 2025 (procentenheter)\" data-value=\"0\">\u00b10,0\u00a0<span class=\"change-arrow color-neutral\">\u25b8<\/span><\/td>\n<td class=\"value\" data-title=\"F\u00f6r\u00e4ndring sedan mars 2024 (procentenheter)\" data-value=\"0.001\">+0,1\u00a0<span class=\"change-arrow color-negative\">\u25b2<\/span><\/td>\n<\/tr>\n<tr>\n<th scope=\"row\"><a href=\"https:\/\/www.newsworthy.se\/artikel\/320842\">Arvidsjaur<\/a><\/th>\n<td class=\"value\" data-title=\"Arbetsl\u00f6sa i minst 12 m\u00e5nader\" data-value=\"0.008\">0,8\u00a0%<\/td>\n<td class=\"value\" data-title=\"F\u00f6r\u00e4ndring sedan februari 2025 (procentenheter)\" data-value=\"-0.0009999999999999992\">\u22120,1\u00a0<span class=\"change-arrow color-positive\">\u25bc<\/span><\/td>\n<td class=\"value\" data-title=\"F\u00f6r\u00e4ndring sedan mars 2024 (procentenheter)\" data-value=\"-0.002\">\u22120,2\u00a0<span class=\"change-arrow color-positive\">\u25bc<\/span><\/td>\n<\/tr>\n<tr>\n<th scope=\"row\"><a href=\"https:\/\/www.newsworthy.se\/artikel\/320687\">G\u00e4llivare<\/a><\/th>\n<td class=\"value\" data-title=\"Arbetsl\u00f6sa i minst 12 m\u00e5nader\" data-value=\"0.008\">0,8\u00a0%<\/td>\n<td class=\"value\" data-title=\"F\u00f6r\u00e4ndring sedan februari 2025 (procentenheter)\" data-value=\"-0.0009999999999999992\">\u22120,1\u00a0<span class=\"change-arrow color-positive\">\u25bc<\/span><\/td>\n<td class=\"value\" data-title=\"F\u00f6r\u00e4ndring sedan mars 2024 (procentenheter)\" data-value=\"0\">\u00b10,0\u00a0<span class=\"change-arrow color-neutral\">\u25b8<\/span><\/td>\n<\/tr>\n<tr>\n<th scope=\"row\"><a href=\"https:\/\/www.newsworthy.se\/artikel\/320855\">Kiruna<\/a><\/th>\n<td class=\"value\" data-title=\"Arbetsl\u00f6sa i minst 12 m\u00e5nader\" data-value=\"0.008\">0,8\u00a0%<\/td>\n<td class=\"value\" data-title=\"F\u00f6r\u00e4ndring sedan februari 2025 (procentenheter)\" data-value=\"0.001\">+0,1\u00a0<span class=\"change-arrow color-negative\">\u25b2<\/span><\/td>\n<td class=\"value\" data-title=\"F\u00f6r\u00e4ndring sedan mars 2024 (procentenheter)\" data-value=\"0.001\">+0,1\u00a0<span class=\"change-arrow color-negative\">\u25b2<\/span><\/td>\n<\/tr>\n<tr>\n<th scope=\"row\"><a href=\"https:\/\/www.newsworthy.se\/artikel\/320642\">Arjeplog<\/a><\/th>\n<td class=\"value\" data-title=\"Arbetsl\u00f6sa i minst 12 m\u00e5nader\" data-value=\"0.007\">0,7\u00a0%<\/td>\n<td class=\"value\" data-title=\"F\u00f6r\u00e4ndring sedan februari 2025 (procentenheter)\" data-value=\"0.001\">+0,1\u00a0<span class=\"change-arrow color-negative\">\u25b2<\/span><\/td>\n<td class=\"value\" data-title=\"F\u00f6r\u00e4ndring sedan mars 2024 (procentenheter)\" data-value=\"-0.001\">\u22120,1\u00a0<span class=\"change-arrow color-positive\">\u25bc<\/span><\/td>\n<\/tr>\n<\/tbody>\n<\/table>\n<div class=\"fignote\" style=\"font-size:80%;padding-top:1em;\">\n<div class=\"chart-download\" style=\"font-size:80%;\">\n<details style=\"text-align:left;\">\n<summary>Kopiera tabellen (f\u00f6r eget CMS, Datawrapper, Infogram, etc.)<\/summary>\n<div class=\"DetailsEdSlim\">\n<p>Os\u00e4ker p\u00e5 hur du kopierar en tabell? L\u00e4s mer p\u00e5 <a href=\"https:\/\/www.newsworthy.se\/kopiera-tabeller-och-grafer\">www.newsworthy.se\/kopiera-tabeller-och-grafer<\/a>.<\/p>\n<p>I vissa CMS finns ett tabellverktyg d\u00e4r du kan klistra in tabelldata direkt i tabellredigeringsverktyget (ofta som csv eller tsv).<br \/>I andra CMS m\u00e5ste du v\u00e4xla till \u201dk\u00e4llredigering\u201d, \u201dkodl\u00e4ge\u201d eller liknande, och klistra in tabellen som html.<\/p>\n<\/div>\n<\/details>\n<\/div>\n<\/div>\n<\/figure>\n<p>Totalt i riket hade omkring 153\u00a0000 personer varit utan arbete i minst ett \u00e5r i mars. Det motsvarar 2,9\u00a0procent av arbetskraften, vilket \u00e4r en \u00f6kning med 0,2 procentenheter j\u00e4mf\u00f6rt med ett \u00e5r sedan. <\/p>\n<h3>H\u00f6gre andel \u00e4ldre l\u00e5ngtidsarbetsl\u00f6sa<\/h3>\n<p> Av de 90 personerna som varit arbetsl\u00f6sa i mer \u00e4n ett \u00e5r i Kiruna kommun \u00e4r 26 personer mellan 55 och 65 \u00e5r och mellan en och fyra \u00e4r mellan 18 och 24 \u00e5r. F\u00f6r den \u00e4ldre gruppen \u00e4r andelen arbetsl\u00f6sa 1,0\u00a0procent medan den i den yngre gruppen \u00e4r mellan 0,1 och 0,3\u00a0procent. \u00c4ven i riket som helhet \u00e4r l\u00e5ngtidsarbetsl\u00f6sheten h\u00f6gre i gruppen \u00e4ldre. <\/p>\n<figure class=\"figchart\"><figcaption\/><a href=\"https:\/\/d3rbgqmj1364cn.cloudfront.net\/charts\/longterm_by_age--Kiruna-kommun--2025-03-01.png_1600.png\"><picture><source srcset=\"https:\/\/d3rbgqmj1364cn.cloudfront.net\/charts\/longterm_by_age--Kiruna-kommun--2025-03-01.png_400.webp 0.5x,https:\/\/d3rbgqmj1364cn.cloudfront.net\/charts\/longterm_by_age--Kiruna-kommun--2025-03-01.png_800.webp 1x,https:\/\/d3rbgqmj1364cn.cloudfront.net\/charts\/longterm_by_age--Kiruna-kommun--2025-03-01.png_1600.webp 2x\" type=\"image\/webp\"\/><img decoding=\"async\" alt=\"Graf: Andel arbetsl\u00f6sa uppdelat i \u00e5ldersgrupper i Kiruna\" class=\"chart\" loading=\"lazy\" src=\"https:\/\/d3rbgqmj1364cn.cloudfront.net\/charts\/longterm_by_age--Kiruna-kommun--2025-03-01.png_800.png\"\/><\/picture><\/a><\/figure>\n<p>56 av de l\u00e5ngtidsarbetsl\u00f6sa i Kiruna \u00e4r f\u00f6dda i Sverige, medan 34 \u00e4r f\u00f6dda utomlands. Det inneb\u00e4r att l\u00e5ngtidsarbetsl\u00f6sheten bland Sverigef\u00f6dda \u00e4r 0,6\u00a0procent, medan den \u00e4r tre g\u00e5nger s\u00e5 h\u00f6g \u2013 1,8\u00a0procent \u2013 bland f\u00f6dda utomlands. \u00c4ven i riket som helhet \u00e4r arbetsl\u00f6sheten h\u00f6gre bland utrikesf\u00f6dda. <\/p>\n<figure class=\"figchart\"><figcaption\/><a href=\"https:\/\/d3rbgqmj1364cn.cloudfront.net\/charts\/longterm_by_background--Kiruna-kommun--2025-03-01.png_1600.png\"><picture><source srcset=\"https:\/\/d3rbgqmj1364cn.cloudfront.net\/charts\/longterm_by_background--Kiruna-kommun--2025-03-01.png_400.webp 0.5x,https:\/\/d3rbgqmj1364cn.cloudfront.net\/charts\/longterm_by_background--Kiruna-kommun--2025-03-01.png_800.webp 1x,https:\/\/d3rbgqmj1364cn.cloudfront.net\/charts\/longterm_by_background--Kiruna-kommun--2025-03-01.png_1600.webp 2x\" type=\"image\/webp\"\/><img decoding=\"async\" alt=\"Graf: Andel arbetsl\u00f6sa uppdelat p\u00e5 f\u00f6delseland i Kiruna\" class=\"chart\" loading=\"lazy\" src=\"https:\/\/d3rbgqmj1364cn.cloudfront.net\/charts\/longterm_by_background--Kiruna-kommun--2025-03-01.png_800.png\"\/><\/picture><\/a><\/figure>\n<p>\u00c4ven n\u00e4r det g\u00e4ller utbildningsniv\u00e5 \u00e4r skillnaderna stora. 31 av de som varit arbetsl\u00f6sa i minst ett \u00e5r har inte n\u00e5gon gymnasieutbildning, vilket motsvarar en l\u00e5ngtidsarbetsl\u00f6het p\u00e5 1,8\u00a0procent i den gruppen. Det kan j\u00e4mf\u00f6ras med 0,6\u00a0procent bland dem som g\u00e5tt ut gymnasiet och 0,6\u00a0procent bland dem som studerat vidare efter gymnasiet. <\/p>\n<figure class=\"figchart\"><figcaption\/><a href=\"https:\/\/d3rbgqmj1364cn.cloudfront.net\/charts\/longterm_by_education--Kiruna-kommun--2025-03-01.png_1600.png\"><picture><source srcset=\"https:\/\/d3rbgqmj1364cn.cloudfront.net\/charts\/longterm_by_education--Kiruna-kommun--2025-03-01.png_400.webp 0.5x,https:\/\/d3rbgqmj1364cn.cloudfront.net\/charts\/longterm_by_education--Kiruna-kommun--2025-03-01.png_800.webp 1x,https:\/\/d3rbgqmj1364cn.cloudfront.net\/charts\/longterm_by_education--Kiruna-kommun--2025-03-01.png_1600.webp 2x\" type=\"image\/webp\"\/><img decoding=\"async\" alt=\"Graf \u00f6ver andel l\u00e5ngtidsarbetsl\u00f6sa i Kiruna uppdelat p\u00e5 utbildningsniv\u00e5\" class=\"chart\" loading=\"lazy\" src=\"https:\/\/d3rbgqmj1364cn.cloudfront.net\/charts\/longterm_by_education--Kiruna-kommun--2025-03-01.png_800.png\"\/><\/picture><\/a><\/figure>\n<figure><figcaption>L\u00e5ngtidsarbetsl\u00f6shet i Kiruna i mars 2025<\/figcaption><table class=\"table responsive\">\n<thead>\n<tr>\n<th scope=\"col\"\/>\n<th scope=\"col\">Mars 2025<\/th>\n<th scope=\"col\">F\u00f6r\u00e4ndring sedan februari 2025<\/th>\n<th scope=\"col\">F\u00f6r\u00e4ndring sedan mars 2024<\/th>\n<\/tr>\n<\/thead>\n<tbody>\n<tr>\n<th scope=\"row\">Antal arbetsl\u00f6sa i minst ett \u00e5r<\/th>\n<td class=\"value\" data-title=\"Mars 2025\" data-value=\"90\">90<\/td>\n<td class=\"value\" data-title=\"F\u00f6r\u00e4ndring sedan februari 2025\" data-value=\"8\">+8<\/td>\n<td class=\"value\" data-title=\"F\u00f6r\u00e4ndring sedan mars 2024\" data-value=\"13\">+13<\/td>\n<\/tr>\n<tr>\n<th scope=\"row\">varav arbetsl\u00f6sa i minst tv\u00e5 \u00e5r<\/th>\n<td class=\"value\" data-title=\"Mars 2025\" data-value=\"38\">38<\/td>\n<td class=\"value\" data-title=\"F\u00f6r\u00e4ndring sedan februari 2025\" data-value=\"-4\">\u22124<\/td>\n<td class=\"value\" data-title=\"F\u00f6r\u00e4ndring sedan mars 2024\" data-value=\"-3\">\u22123<\/td>\n<\/tr>\n<tr>\n<th scope=\"row\">Antal f\u00f6dda utomlands<\/th>\n<td class=\"value\" data-title=\"Mars 2025\" data-value=\"34\">34<\/td>\n<td class=\"value\" data-title=\"F\u00f6r\u00e4ndring sedan februari 2025\" data-value=\"3\">+3<\/td>\n<td class=\"value\" data-title=\"F\u00f6r\u00e4ndring sedan mars 2024\" data-value=\"8\">+8<\/td>\n<\/tr>\n<tr>\n<th scope=\"row\">Antal f\u00f6dda i Sverige<\/th>\n<td class=\"value\" data-title=\"Mars 2025\" data-value=\"56\">56<\/td>\n<td class=\"value\" data-title=\"F\u00f6r\u00e4ndring sedan februari 2025\" data-value=\"5\">+5<\/td>\n<td class=\"value\" data-title=\"F\u00f6r\u00e4ndring sedan mars 2024\" data-value=\"5\">+5<\/td>\n<\/tr>\n<tr>\n<th scope=\"row\">Antal utan gynmasieutbildning<\/th>\n<td class=\"value\" data-title=\"Mars 2025\" data-value=\"31\">31<\/td>\n<td class=\"value\" data-title=\"F\u00f6r\u00e4ndring sedan februari 2025\" data-value=\"3\">+3<\/td>\n<td class=\"value\" data-title=\"F\u00f6r\u00e4ndring sedan mars 2024\" data-value=\"5\">+5<\/td>\n<\/tr>\n<tr>\n<th scope=\"row\">Antal med gynmasieutbildning<\/th>\n<td class=\"value\" data-title=\"Mars 2025\" data-value=\"39\">39<\/td>\n<td class=\"value\" data-title=\"F\u00f6r\u00e4ndring sedan februari 2025\" data-value=\"8\">+8<\/td>\n<td class=\"value\" data-title=\"F\u00f6r\u00e4ndring sedan mars 2024\" data-value=\"6\">+6<\/td>\n<\/tr>\n<tr>\n<th scope=\"row\">Antal med eftergymnasial utbildning<\/th>\n<td class=\"value\" data-title=\"Mars 2025\" data-value=\"20\">20<\/td>\n<td class=\"value\" data-title=\"F\u00f6r\u00e4ndring sedan februari 2025\" data-value=\"-3\">\u22123<\/td>\n<td class=\"value\" data-title=\"F\u00f6r\u00e4ndring sedan mars 2024\" data-value=\"2\">+2<\/td>\n<\/tr>\n<tr>\n<th scope=\"row\">Antal 18-24 \u00e5r<\/th>\n<td class=\"text\" data-title=\"Mars 2025\" data-value=\"null\">&lt;5<\/td>\n<td class=\"value\" data-title=\"F\u00f6r\u00e4ndring sedan februari 2025\" data-value=\"-1\">\u2013<\/td>\n<td class=\"value\" data-title=\"F\u00f6r\u00e4ndring sedan mars 2024\" data-value=\"-5\">\u2013<\/td>\n<\/tr>\n<tr>\n<th scope=\"row\">Antal 55-65 \u00e5r<\/th>\n<td class=\"value\" data-title=\"Mars 2025\" data-value=\"26\">26<\/td>\n<td class=\"value\" data-title=\"F\u00f6r\u00e4ndring sedan februari 2025\" data-value=\"2\">+2<\/td>\n<td class=\"value\" data-title=\"F\u00f6r\u00e4ndring sedan mars 2024\" data-value=\"2\">+2<\/td>\n<\/tr>\n<\/tbody>\n<\/table>\n<div class=\"fignote\" style=\"font-size:80%;padding-top:1em;\">\n<div class=\"chart-download\" style=\"font-size:80%;\">\n<details style=\"text-align:left;\">\n<summary>Kopiera tabellen (f\u00f6r eget CMS, Datawrapper, Infogram, etc.)<\/summary>\n<div class=\"DetailsEdSlim\">\n<p>Os\u00e4ker p\u00e5 hur du kopierar en tabell? L\u00e4s mer p\u00e5 <a href=\"https:\/\/www.newsworthy.se\/kopiera-tabeller-och-grafer\">www.newsworthy.se\/kopiera-tabeller-och-grafer<\/a>.<\/p>\n<p>I vissa CMS finns ett tabellverktyg d\u00e4r du kan klistra in tabelldata direkt i tabellredigeringsverktyget (ofta som csv eller tsv).<br \/>I andra CMS m\u00e5ste du v\u00e4xla till \u201dk\u00e4llredigering\u201d, \u201dkodl\u00e4ge\u201d eller liknande, och klistra in tabellen som html.<\/p>\n<\/div>\n<\/details>\n<\/div>\n<\/div>\n<p> Sedan november 2023 \u00e4r sm\u00e5tal, f\u00e4rre \u00e4n fem personer, maskade i statistiken p\u00e5 kommuniv\u00e5. Vi redovisar det som &lt;5 i tabeller.I de fallen redovisar vi inte f\u00f6r\u00e4ndring. <\/p>\n<\/figure>\n<figure><figcaption>Andel arbetsl\u00f6sa i minst ett \u00e5r i mars 2025<\/figcaption><table class=\"table responsive\">\n<thead>\n<tr>\n<th scope=\"col\"\/>\n<th scope=\"col\">Kiruna<\/th>\n<th scope=\"col\">Norrbottens l\u00e4n<\/th>\n<th scope=\"col\">Riket<\/th>\n<\/tr>\n<\/thead>\n<tbody>\n<tr>\n<th scope=\"row\">Andel arbetsl\u00f6sa i minst ett \u00e5r<\/th>\n<td class=\"value\" data-title=\"Kiruna\" data-value=\"0.008\">0,8\u00a0%<\/td>\n<td class=\"value\" data-title=\"Norrbottens l\u00e4n\" data-value=\"0.015\">1,5\u00a0%<\/td>\n<td class=\"value\" data-title=\"Riket\" data-value=\"0.029\">2,9\u00a0%<\/td>\n<\/tr>\n<tr>\n<th scope=\"row\">Andel arbetsl\u00f6sa i minst tv\u00e5 \u00e5r<\/th>\n<td class=\"value\" data-title=\"Kiruna\" data-value=\"0.003\">0,3\u00a0%<\/td>\n<td class=\"value\" data-title=\"Norrbottens l\u00e4n\" data-value=\"0.008\">0,8\u00a0%<\/td>\n<td class=\"value\" data-title=\"Riket\" data-value=\"0.016\">1,6\u00a0%<\/td>\n<\/tr>\n<tr>\n<th scope=\"row\">Bland f\u00f6dda utomlands<\/th>\n<td class=\"value\" data-title=\"Kiruna\" data-value=\"0.018\">1,8\u00a0%<\/td>\n<td class=\"value\" data-title=\"Norrbottens l\u00e4n\" data-value=\"0.037\">3,7\u00a0%<\/td>\n<td class=\"value\" data-title=\"Riket\" data-value=\"0.072\">7,2\u00a0%<\/td>\n<\/tr>\n<tr>\n<th scope=\"row\">Bland f\u00f6dda i Sverige<\/th>\n<td class=\"value\" data-title=\"Kiruna\" data-value=\"0.006\">0,6\u00a0%<\/td>\n<td class=\"value\" data-title=\"Norrbottens l\u00e4n\" data-value=\"0.011\">1,1\u00a0%<\/td>\n<td class=\"value\" data-title=\"Riket\" data-value=\"0.015\">1,5\u00a0%<\/td>\n<\/tr>\n<tr>\n<th scope=\"row\">Bland dem utan gymnasieutbildning<\/th>\n<td class=\"value\" data-title=\"Kiruna\" data-value=\"0.018\">1,8\u00a0%<\/td>\n<td class=\"text\" data-title=\"Norrbottens l\u00e4n\" data-value=\"saknas\"\/>\n<td class=\"text\" data-title=\"Riket\" data-value=\"saknas\"\/><\/tr>\n<tr>\n<th scope=\"row\">Bland dem med gymnasieutbildning<\/th>\n<td class=\"value\" data-title=\"Kiruna\" data-value=\"0.006\">0,6\u00a0%<\/td>\n<td class=\"text\" data-title=\"Norrbottens l\u00e4n\" data-value=\"saknas\"\/>\n<td class=\"text\" data-title=\"Riket\" data-value=\"saknas\"\/><\/tr>\n<tr>\n<th scope=\"row\">Bland dem med eftergymnasial utbildning<\/th>\n<td class=\"value\" data-title=\"Kiruna\" data-value=\"0.006\">0,6\u00a0%<\/td>\n<td class=\"text\" data-title=\"Norrbottens l\u00e4n\" data-value=\"saknas\"\/>\n<td class=\"text\" data-title=\"Riket\" data-value=\"saknas\"\/><\/tr>\n<tr>\n<th scope=\"row\">Bland 18\u201324-\u00e5ringar<\/th>\n<td class=\"text\" data-title=\"Kiruna\" data-value=\"null\">0,1\u20130,3\u00a0%<\/td>\n<td class=\"value\" data-title=\"Norrbottens l\u00e4n\" data-value=\"0.007\">0,7\u00a0%<\/td>\n<td class=\"value\" data-title=\"Riket\" data-value=\"0.015\">1,5\u00a0%<\/td>\n<\/tr>\n<tr>\n<th scope=\"row\">Bland 55\u201365-\u00e5ringar<\/th>\n<td class=\"value\" data-title=\"Kiruna\" data-value=\"0.01\">1,0\u00a0%<\/td>\n<td class=\"value\" data-title=\"Norrbottens l\u00e4n\" data-value=\"0.018\">1,8\u00a0%<\/td>\n<td class=\"value\" data-title=\"Riket\" data-value=\"0.037\">3,7\u00a0%<\/td>\n<\/tr>\n<\/tbody>\n<\/table>\n<div class=\"fignote\" style=\"font-size:80%;padding-top:1em;\">\n<div class=\"chart-download\" style=\"font-size:80%;\">\n<details style=\"text-align:left;\">\n<summary>Kopiera tabellen (f\u00f6r eget CMS, Datawrapper, Infogram, etc.)<\/summary>\n<div class=\"DetailsEdSlim\">\n<p>Os\u00e4ker p\u00e5 hur du kopierar en tabell? L\u00e4s mer p\u00e5 <a href=\"https:\/\/www.newsworthy.se\/kopiera-tabeller-och-grafer\">www.newsworthy.se\/kopiera-tabeller-och-grafer<\/a>.<\/p>\n<p>I vissa CMS finns ett tabellverktyg d\u00e4r du kan klistra in tabelldata direkt i tabellredigeringsverktyget (ofta som csv eller tsv).<br \/>I andra CMS m\u00e5ste du v\u00e4xla till \u201dk\u00e4llredigering\u201d, \u201dkodl\u00e4ge\u201d eller liknande, och klistra in tabellen som html.<\/p>\n<\/div>\n<\/details>\n<\/div>\n<\/div>\n<p>N\u00e4r det r\u00f6r f\u00e5 personer, f\u00e4rre \u00e4n fem, redovisas inte exakt antal arbetsl\u00f6sa i en grupp. Vi har d\u00e5 r\u00e4knat ut minsta och st\u00f6rsta m\u00f6jliga andel av arbetskraften. P\u00e5 grund av f\u00f6r\u00e4ndringar i hur Arbetsf\u00f6rmedlingen leverar bas BAS-data (se faktaruta) p\u00e5 l\u00e4ns- och riksniv\u00e5 redovisas inte uppgifter f\u00f6r utbildningsniv\u00e5 i tabellen den h\u00e4r m\u00e5naden. <\/p>\n<\/figure>\n<aside class=\"Details\">\n<div class=\"Typography--article\">\n<h2 class=\"Typography--h3\">Metod och kommentarer<\/h2>\n<p>Samtliga siffror i den h\u00e4r texten kommer fr\u00e5n Arbetsf\u00f6rmedlingens m\u00e5nadsstatistik. Vi anv\u00e4nder standardm\u00e5ttet  <i>arbetss\u00f6kande som andel av den registerbaserade arbetskraften<\/i> som m\u00e5tt p\u00e5 arbetsl\u00f6shet. L\u00e4s mer om hur statistiken samlas in p\u00e5 <a href=\"https:\/\/arbetsformedlingen.se\/om-oss\/statistik-och-analyser\/statistik\" rel=\"nofollow\" target=\"_top\">Arbetsf\u00f6rmedlingen<\/a>.<\/p>\n<p>N\u00e4r Arbetsf\u00f6rmedlingen pratar om l\u00e5ngtidsarbetsl\u00f6sa s\u00e5 anv\u00e4nds inskrivna arbetsl\u00f6sa utan arbete i mer \u00e4n 12 m\u00e5nader. <\/p>\n<p>Sedan november 2023 \u00e4r sm\u00e5tal, f\u00e4rre \u00e4n fem personer, maskade i statistiken p\u00e5 kommuniv\u00e5. Vi redovisar det som <strong>&lt;5<\/strong> i tabeller. P\u00e5 l\u00e4nsniv\u00e5 r\u00e4knar vi samman kommunerna i l\u00e4net, och n\u00e4r det finns maskade tal redovisar vi m\u00f6jligt intervall. I de fallen redovisar vi inte n\u00e5got exakt f\u00f6r\u00e4ndringstal, eftersom vi inte vet det. <\/p>\n<p>Fr\u00e5n och med 2021 anv\u00e4nds ett \u00e5rssnitt fr\u00e5n SCB (Befolkningens arbetsmarknadsstatus, BAS) f\u00f6r  den totala arbetskraften (det som anv\u00e4nds i n\u00e4mnaren f\u00f6r att r\u00e4kna ut andelen arbetsl\u00f6sa). Det kan g\u00f6ra att andelen skiljer n\u00e5gon tiondels procentenhet j\u00e4mf\u00f6rt med det tidigare m\u00e5ttet p\u00e5 total arbetskraft vissa m\u00e5nader. <\/p>\n<p>\u00a0Fr\u00e5n och med \u00e5r 2023 r\u00e4knas \u00e4ven 65-\u00e5ringar in i arbetskraften. \u00c4ldre statistik avser 16- till 64-\u00e5ringar.<\/p>\n<\/div>\n<\/aside>\n<\/div>\n<p>&#8212;&#8212;&#8212;&#8212;&#8212;&#8212;&#8212;&#8212;&#8212;&#8212;&#8212;&#8212;&#8212;&#8212;&#8212;&#8212;&#8212;&#8212;&#8212;&#8211;<br \/>\n<a href=\"https:\/\/www.newsworthy.se\/artikel\/320855?utm_campaign=rss&#038;utm_source=kiruna-kommun\" target=\"_blank\">Klicka h\u00e4r &#8211; l\u00e4nk till originalinl\u00e4gget<\/a><br \/>\n<br \/>\nK\u00e4lla: Newsworthy<br \/>\n&#8212;&#8212;&#8212;&#8212;&#8212;&#8212;&#8212;&#8212;&#8212;&#8212;&#8212;&#8212;&#8212;&#8212;&#8212;&#8212;&#8212;&#8212;&#8212;&#8211;<\/p>\n","protected":false},"excerpt":{"rendered":"<p>Andelen som varit utan arbete i minst ett \u00e5r i Kiruna var ungef\u00e4r lika stor i mars j\u00e4mf\u00f6rt med samma m\u00e5nad f\u00f6r ett \u00e5r sedan. Det visar Arbetsf\u00f6medlingens senaste m\u00e5nadsstatistik. I mars hade 90 Kirunabor varit arbetsl\u00f6sa i minst ett \u00e5r, vilket \u00e4r \u00e5tta fler \u00e4n m\u00e5naden innan. 90 personer motsvarar 0,8\u00a0procent av arbetskraften i [&hellip;]<\/p>\n","protected":false},"author":103,"featured_media":1771,"comment_status":"closed","ping_status":"closed","sticky":false,"template":"","format":"standard","meta":{"_acf_changed":false,"footnotes":"","_links_to":"","_links_to_target":""},"categories":[12],"tags":[],"class_list":{"0":"post-3434","1":"post","2":"type-post","3":"status-publish","4":"format-standard","5":"has-post-thumbnail","7":"category-allmant"},"featured_image_src":"https:\/\/gratistidning.com\/kiruna\/wp-content\/uploads\/sites\/6\/2024\/05\/arbetsformedlingen-fasadskylt2.jpg_1200x630-1024x538.jpg","blog_images":{"medium":"https:\/\/gratistidning.com\/kiruna\/wp-content\/uploads\/sites\/6\/2024\/05\/arbetsformedlingen-fasadskylt2.jpg_1200x630-300x158.jpg","large":"https:\/\/gratistidning.com\/kiruna\/wp-content\/uploads\/sites\/6\/2024\/05\/arbetsformedlingen-fasadskylt2.jpg_1200x630-1024x538.jpg"},"acf":[],"ams_acf":[],"publishpress_future_action":{"enabled":false,"date":"2026-05-08 05:07:33","action":"change-status","newStatus":"draft","terms":[],"taxonomy":"category","extraData":[]},"publishpress_future_workflow_manual_trigger":{"enabledWorkflows":[]},"_links":{"self":[{"href":"https:\/\/gratistidning.com\/kiruna\/wp-json\/wp\/v2\/posts\/3434","targetHints":{"allow":["GET"]}}],"collection":[{"href":"https:\/\/gratistidning.com\/kiruna\/wp-json\/wp\/v2\/posts"}],"about":[{"href":"https:\/\/gratistidning.com\/kiruna\/wp-json\/wp\/v2\/types\/post"}],"author":[{"embeddable":true,"href":"https:\/\/gratistidning.com\/kiruna\/wp-json\/wp\/v2\/users\/103"}],"replies":[{"embeddable":true,"href":"https:\/\/gratistidning.com\/kiruna\/wp-json\/wp\/v2\/comments?post=3434"}],"version-history":[{"count":0,"href":"https:\/\/gratistidning.com\/kiruna\/wp-json\/wp\/v2\/posts\/3434\/revisions"}],"wp:featuredmedia":[{"embeddable":true,"href":"https:\/\/gratistidning.com\/kiruna\/wp-json\/wp\/v2\/media\/1771"}],"wp:attachment":[{"href":"https:\/\/gratistidning.com\/kiruna\/wp-json\/wp\/v2\/media?parent=3434"}],"wp:term":[{"taxonomy":"category","embeddable":true,"href":"https:\/\/gratistidning.com\/kiruna\/wp-json\/wp\/v2\/categories?post=3434"},{"taxonomy":"post_tag","embeddable":true,"href":"https:\/\/gratistidning.com\/kiruna\/wp-json\/wp\/v2\/tags?post=3434"}],"curies":[{"name":"wp","href":"https:\/\/api.w.org\/{rel}","templated":true}]}}