{"id":3641,"date":"2025-05-23T08:01:00","date_gmt":"2025-05-23T06:01:00","guid":{"rendered":"https:\/\/gratistidning.com.hemsida.eu\/kiruna\/blog\/2025\/05\/23\/forandring-i-koncernledningen-ase-juhlin-tilltrader-som-hr-och-kommunikationsdirektor\/"},"modified":"2025-05-23T08:01:00","modified_gmt":"2025-05-23T06:01:00","slug":"forandring-i-koncernledningen-ase-juhlin-tilltrader-som-hr-och-kommunikationsdirektor","status":"publish","type":"post","link":"https:\/\/gratistidning.com\/kiruna\/blog\/2025\/05\/23\/forandring-i-koncernledningen-ase-juhlin-tilltrader-som-hr-och-kommunikationsdirektor\/","title":{"rendered":"F\u00f6r\u00e4ndring i koncernledningen: \u00c5se Juhlin tilltr\u00e4der som HR- och kommunikationsdirekt\u00f6r"},"content":{"rendered":"<div>\n<nav class=\"breadcrumbs\" aria-label=\"Br\u00f6dsmulor\">\n<ol class=\"breadcrumbs__list\">\n<li class=\"breadcrumbs__item \">\n                                    <a class=\"breadcrumbs__item__link\" href=\"https:\/\/lkab.com\/\" aria-label=\"Home\"><\/p>\n<p><svg class=\"icon\" aria-hidden=\"true\">\n    <use xlink:href=\"https:\/\/lkab.com\/wp-content\/themes\/bz-app-theme\/assets\/images\/iconSpritemap.bf6dceaf289e0f808289.svg#home\"\/>\n<\/svg><br \/>\n                    <\/a><\/p>\n<\/li>\n<li class=\"breadcrumbs__item \">\n                                    <a class=\"breadcrumbs__item__link\" href=\"https:\/\/lkab.com\/nyheter\/\"><\/p>\n<p><svg class=\"icon icon--small\" aria-hidden=\"true\">\n    <use xlink:href=\"https:\/\/lkab.com\/wp-content\/themes\/bz-app-theme\/assets\/images\/iconSpritemap.bf6dceaf289e0f808289.svg#chevron_right\"\/>\n<\/svg><br \/>\n                        Nyheter<br \/>\n                    <\/a><\/p>\n<\/li>\n<li class=\"breadcrumbs__item breadcrumbs__item--current\">\n                                    <a class=\"breadcrumbs__item__link\" href=\"https:\/\/lkab.com\/nyheter\/forandring-i-koncernledningen-ase-juhlin-tilltrader-som-hr-och-kommunikationsdirektor\/\" aria-current=\"page\"><\/p>\n<p><svg class=\"icon icon--small\" aria-hidden=\"true\">\n    <use xlink:href=\"https:\/\/lkab.com\/wp-content\/themes\/bz-app-theme\/assets\/images\/iconSpritemap.bf6dceaf289e0f808289.svg#chevron_right\"\/>\n<\/svg><br \/>\n                    F\u00f6r\u00e4ndring i koncernledningen: \u00c5se Juhlin tilltr\u00e4der som HR- och kommunikationsdirekt\u00f6r<br \/>\n                    <\/a><\/p>\n<\/li>\n<\/ol>\n<\/nav>\n<header class=\"article-header\">\n<\/header>\n<div class=\"image-block\" data-column-content=\"block\">\n<figure class=\"image image--align-center\" data-column-content=\"container\">\n<div class=\"image__wrapper\" data-column-content=\"image-wrap\">\n            \n        <\/div>\n<\/figure>\n<\/div>\n<p class=\"preamble\">\n    Fr\u00e5n och med den 1 juni 2025 tilltr\u00e4der \u00c5se Juhlin som HR- och kommunikationsdirekt\u00f6r. Rollen inneb\u00e4r ett \u00f6vergripande ansvar f\u00f6r koncernens HR- och kommunikationsenhet och ing\u00e5r i koncernledningen.\n<\/p>\n<p class=\"small-container paragraph\">\n    \u2013 HR och kommunikation \u00e4r centrala omr\u00e5den i v\u00e5r l\u00e5ngsiktiga utveckling, och jag \u00e4r mycket glad att \u00c5se nu kliver in i rollen permanent. Med sin erfarenhet och f\u00f6rst\u00e5else f\u00f6r v\u00e5r verksamhet kommer hon att bidra starkt till att driva v\u00e5r kultur och organisation fram\u00e5t, s\u00e4ger Jan Mostr\u00f6m, vd och koncernchef.\n<\/p>\n<p class=\"small-container paragraph\">\n    \u00c5se Julin har sedan 1 december 2024 haft rollen som tillf\u00f6rordnad HR- och kommunikationsdirekt\u00f6r och tilltr\u00e4der nu tj\u00e4nsten permanent.\n<\/p>\n<p class=\"small-container paragraph\">\n    \u2013 Jag ser fram mot att ytterligare st\u00e4rka koncernens arbete inom medarbetarutveckling, kultur och kommunikation, i enlighet med f\u00f6retagets l\u00e5ngsiktiga vision och strategi, s\u00e4ger \u00c5se Juhlin, HR- och kommunikationsdirekt\u00f6r.\n<\/p>\n<section class=\"article-footer content--inner\">\n<div class=\"small-container\">\n<div class=\"article-footer__top-section\">\n<p><h2 class=\"heading h3\">Taggar<\/h2>\n<p>                                            <span class=\"article-footer__tags__item\">HR<\/span><br \/>\n                                            <span class=\"article-footer__tags__item\">kommunikation<\/span><br \/>\n                                            <span class=\"article-footer__tags__item\">koncernledning<\/span><br \/>\n                                            <span class=\"article-footer__tags__item\">\u00c5se Juhlin<\/span>\n                                    <\/p>\n<p>\n                                    Publicerad: 2025-05-23\n                                            <\/p>\n<\/p><\/div>\n<\/p><\/div>\n<\/section>\n<\/div>\n<p>&#8212;&#8212;&#8212;&#8212;&#8212;&#8212;&#8212;&#8212;&#8212;&#8212;&#8212;&#8212;&#8212;&#8212;&#8212;&#8212;&#8212;&#8212;&#8212;&#8211;<br \/>\n<a href=\"https:\/\/lkab.com\/nyheter\/forandring-i-koncernledningen-ase-juhlin-tilltrader-som-hr-och-kommunikationsdirektor\/\" target=\"_blank\">Klicka h\u00e4r &#8211; l\u00e4nk till originalinl\u00e4gget<\/a><br \/>\n<br \/>\nK\u00e4lla: LKAB<br \/>\n&#8212;&#8212;&#8212;&#8212;&#8212;&#8212;&#8212;&#8212;&#8212;&#8212;&#8212;&#8212;&#8212;&#8212;&#8212;&#8212;&#8212;&#8212;&#8212;&#8211;<\/p>\n","protected":false},"excerpt":{"rendered":"<p>Nyheter F\u00f6r\u00e4ndring i koncernledningen: \u00c5se Juhlin tilltr\u00e4der som HR- och kommunikationsdirekt\u00f6r Fr\u00e5n och med den 1 juni 2025 tilltr\u00e4der \u00c5se Juhlin som HR- och kommunikationsdirekt\u00f6r. Rollen inneb\u00e4r ett \u00f6vergripande ansvar f\u00f6r koncernens HR- och kommunikationsenhet och ing\u00e5r i koncernledningen. \u2013 HR och kommunikation \u00e4r centrala omr\u00e5den i v\u00e5r l\u00e5ngsiktiga utveckling, och jag \u00e4r mycket glad [&hellip;]<\/p>\n","protected":false},"author":17,"featured_media":3642,"comment_status":"closed","ping_status":"closed","sticky":false,"template":"","format":"standard","meta":{"_acf_changed":false,"footnotes":"","_links_to":"","_links_to_target":""},"categories":[49,14],"tags":[],"class_list":{"0":"post-3641","1":"post","2":"type-post","3":"status-publish","4":"format-standard","5":"has-post-thumbnail","7":"category-lkab","8":"category-naringsliv"},"featured_image_src":"https:\/\/gratistidning.com\/kiruna\/wp-content\/uploads\/sites\/6\/2025\/05\/LKAB_Ase_Juhlin_250225_31.webp-1024x683.webp","blog_images":{"medium":"https:\/\/gratistidning.com\/kiruna\/wp-content\/uploads\/sites\/6\/2025\/05\/LKAB_Ase_Juhlin_250225_31.webp-300x200.webp","large":"https:\/\/gratistidning.com\/kiruna\/wp-content\/uploads\/sites\/6\/2025\/05\/LKAB_Ase_Juhlin_250225_31.webp-1024x683.webp"},"acf":[],"ams_acf":[],"publishpress_future_action":{"enabled":false,"date":"2026-05-10 11:58:44","action":"change-status","newStatus":"draft","terms":[],"taxonomy":"category","extraData":[]},"publishpress_future_workflow_manual_trigger":{"enabledWorkflows":[]},"_links":{"self":[{"href":"https:\/\/gratistidning.com\/kiruna\/wp-json\/wp\/v2\/posts\/3641","targetHints":{"allow":["GET"]}}],"collection":[{"href":"https:\/\/gratistidning.com\/kiruna\/wp-json\/wp\/v2\/posts"}],"about":[{"href":"https:\/\/gratistidning.com\/kiruna\/wp-json\/wp\/v2\/types\/post"}],"author":[{"embeddable":true,"href":"https:\/\/gratistidning.com\/kiruna\/wp-json\/wp\/v2\/users\/17"}],"replies":[{"embeddable":true,"href":"https:\/\/gratistidning.com\/kiruna\/wp-json\/wp\/v2\/comments?post=3641"}],"version-history":[{"count":0,"href":"https:\/\/gratistidning.com\/kiruna\/wp-json\/wp\/v2\/posts\/3641\/revisions"}],"wp:featuredmedia":[{"embeddable":true,"href":"https:\/\/gratistidning.com\/kiruna\/wp-json\/wp\/v2\/media\/3642"}],"wp:attachment":[{"href":"https:\/\/gratistidning.com\/kiruna\/wp-json\/wp\/v2\/media?parent=3641"}],"wp:term":[{"taxonomy":"category","embeddable":true,"href":"https:\/\/gratistidning.com\/kiruna\/wp-json\/wp\/v2\/categories?post=3641"},{"taxonomy":"post_tag","embeddable":true,"href":"https:\/\/gratistidning.com\/kiruna\/wp-json\/wp\/v2\/tags?post=3641"}],"curies":[{"name":"wp","href":"https:\/\/api.w.org\/{rel}","templated":true}]}}