{"id":5475,"date":"2026-04-06T18:37:00","date_gmt":"2026-04-06T16:37:00","guid":{"rendered":"https:\/\/gratistidning.com\/kiruna\/blog\/2026\/04\/06\/frankrike-gar-i-braschen-i-europa-vill-forbjuda-sociala-medier-for-barn-under-15-ar\/"},"modified":"2026-04-06T18:37:00","modified_gmt":"2026-04-06T16:37:00","slug":"frankrike-gar-i-braschen-i-europa-vill-forbjuda-sociala-medier-for-barn-under-15-ar","status":"publish","type":"post","link":"https:\/\/gratistidning.com\/kiruna\/blog\/2026\/04\/06\/frankrike-gar-i-braschen-i-europa-vill-forbjuda-sociala-medier-for-barn-under-15-ar\/","title":{"rendered":"Frankrike g\u00e5r i br\u00e4schen i Europa \u2013 vill f\u00f6rbjuda sociala medier f\u00f6r barn under 15 \u00e5r"},"content":{"rendered":"<p><\/p>\n<p data-start=\"82\" data-end=\"327\"><em>Frankrike vill f\u00f6rbjuda sociala medier f\u00f6r barn under 15 \u00e5r \u2013 en del av en v\u00e4xande global trend, \u00e4ven Sverige ser \u00f6ver \u00e5ldersgr\u00e4ns.<\/em><\/p>\n<h4 data-start=\"82\" data-end=\"327\">Fler l\u00e4nder tar nu krafttag mot ungas anv\u00e4ndning av sociala medier. Senast i raden \u00e4r Frankrike, d\u00e4r senaten har r\u00f6stat ja till ett f\u00f6rslag om att f\u00f6rbjuda barn under 15 \u00e5r fr\u00e5n att anv\u00e4nda plattformar som Facebook, Snapchat, Tiktok och Youtube.<\/h4>\n<p data-start=\"329\" data-end=\"597\">Beslutet inneb\u00e4r att Frankrike kan bli f\u00f6rst i Europa med ett nationellt f\u00f6rbud \u2013 i linje med utvecklingen globalt. I december 2025 inf\u00f6rde Australien ett liknande f\u00f6rbud f\u00f6r barn upp till 16 \u00e5r, och s\u00e5 sent som i helgen f\u00f6ljde Indonesien efter med egna restriktioner.<\/p>\n<p data-start=\"599\" data-end=\"848\">Bakgrunden \u00e4r en v\u00e4xande oro kring psykisk oh\u00e4lsa, beroendeproblematik och p\u00e5verkan fr\u00e5n skadligt inneh\u00e5ll. Flera studier pekar p\u00e5 kopplingar mellan intensiv anv\u00e4ndning av sociala medier och \u00f6kad stress, s\u00f6mnproblem och s\u00e4mre sj\u00e4lvk\u00e4nsla bland unga.<\/p>\n<p data-start=\"850\" data-end=\"1060\">\u00c4ven i Sverige v\u00e4xer debatten. Allt fler r\u00f6ster \u2013 inte minst fr\u00e5n unga sj\u00e4lva \u2013 efterfr\u00e5gar tydligare regler och skydd. Kritiken handlar b\u00e5de om algoritmernas p\u00e5verkan och om bristen p\u00e5 effektiv \u00e5lderskontroll.<\/p>\n<p data-start=\"1062\" data-end=\"1247\" data-is-last-node=\"\" data-is-only-node=\"\">Om Frankrike g\u00e5r vidare med lagstiftningen kan det s\u00e4tta press p\u00e5 fler europeiska l\u00e4nder att f\u00f6lja efter \u2013 och bli startskottet f\u00f6r en ny, mer restriktiv syn p\u00e5 sociala medier i Europa.<\/p>\n<h4 data-start=\"1062\" data-end=\"1247\">Sverige ser \u00f6ver \u00e5ldersgr\u00e4ns<\/h4>\n<p data-start=\"1062\" data-end=\"1247\" data-is-last-node=\"\" data-is-only-node=\"\">I Sverige har regeringen har beslutat att tills\u00e4tta en s\u00e4rskild utredare med uppdrag att analysera m\u00f6jligheterna att inf\u00f6ra en \u00e5ldersgr\u00e4ns f\u00f6r barns anv\u00e4ndning av sociala medier. Syftet \u00e4r att st\u00e4rka skyddet f\u00f6r barns h\u00e4lsa och trygghet i digitala milj\u00f6er. Delbet\u00e4nkande ska l\u00e4mnas till Regeringskansliet den 12 juni 2026, och en slutredovisning l\u00e4mnas den 14 november 2026.<\/p>\n<h4 data-start=\"1062\" data-end=\"1247\">EMFA Artikel 25 &#8211; viktig lagstiftning g\u00e4llande offentlig annonsering<\/h4>\n<p data-start=\"1062\" data-end=\"1247\" data-is-last-node=\"\" data-is-only-node=\"\">Samtidigt har EU sk\u00e4rpt lagstiftningen kring offentlig annonsering. Syftet \u00e4r att s\u00e4kerst\u00e4lla transparens och kontroll \u00f6ver hur skattemedel anv\u00e4nds \u2013 inte minst f\u00f6r att begr\u00e4nsa att stora summor g\u00e5r till globala techj\u00e4ttar i USA och Kina. Detta st\u00e4rker ocks\u00e5 de lokala och nationella mediernas roll i informationssamh\u00e4llet.<\/p>\n<p data-start=\"1062\" data-end=\"1247\" data-is-last-node=\"\" data-is-only-node=\"\"><strong>K\u00e4lla: Dagens Media<\/strong><\/p>\n<p><a href=\"https:\/\/gratistidning.com\/blog\/2026\/04\/06\/frankrike-gar-i-braschen-i-europa-vill-forbjuda-sociala-medier-for-barn-under-15-ar\/\" target=\"_blank\">L\u00e4nk: Mer info!<\/a><\/p>\n","protected":false},"excerpt":{"rendered":"<p>Frankrike vill f\u00f6rbjuda sociala medier f\u00f6r barn under 15 \u00e5r \u2013 en del av en v\u00e4xande global trend, \u00e4ven Sverige ser \u00f6ver \u00e5ldersgr\u00e4ns. Fler l\u00e4nder tar nu krafttag mot ungas anv\u00e4ndning av sociala medier. Senast i raden \u00e4r Frankrike, d\u00e4r senaten har r\u00f6stat ja till ett f\u00f6rslag om att f\u00f6rbjuda barn under 15 \u00e5r fr\u00e5n [&hellip;]<\/p>\n","protected":false},"author":108,"featured_media":5476,"comment_status":"closed","ping_status":"closed","sticky":false,"template":"","format":"standard","meta":{"_acf_changed":false,"footnotes":"","_links_to":"","_links_to_target":""},"categories":[114,119],"tags":[],"class_list":{"0":"post-5475","1":"post","2":"type-post","3":"status-publish","4":"format-standard","5":"has-post-thumbnail","7":"category-bostadsannons","8":"category-svensk-fastighetsformedling"},"featured_image_src":"https:\/\/gratistidning.com\/kiruna\/wp-content\/uploads\/sites\/6\/2026\/04\/mews-frankrike-some-150x150.png","blog_images":{"medium":"https:\/\/gratistidning.com\/kiruna\/wp-content\/uploads\/sites\/6\/2026\/04\/mews-frankrike-some-150x150.png","large":"https:\/\/gratistidning.com\/kiruna\/wp-content\/uploads\/sites\/6\/2026\/04\/mews-frankrike-some-150x150.png"},"acf":[],"ams_acf":[],"publishpress_future_action":{"enabled":false,"date":"2026-05-08 00:55:05","action":"change-status","newStatus":"draft","terms":[],"taxonomy":"category","extraData":[]},"publishpress_future_workflow_manual_trigger":{"enabledWorkflows":[]},"_links":{"self":[{"href":"https:\/\/gratistidning.com\/kiruna\/wp-json\/wp\/v2\/posts\/5475","targetHints":{"allow":["GET"]}}],"collection":[{"href":"https:\/\/gratistidning.com\/kiruna\/wp-json\/wp\/v2\/posts"}],"about":[{"href":"https:\/\/gratistidning.com\/kiruna\/wp-json\/wp\/v2\/types\/post"}],"author":[{"embeddable":true,"href":"https:\/\/gratistidning.com\/kiruna\/wp-json\/wp\/v2\/users\/108"}],"replies":[{"embeddable":true,"href":"https:\/\/gratistidning.com\/kiruna\/wp-json\/wp\/v2\/comments?post=5475"}],"version-history":[{"count":0,"href":"https:\/\/gratistidning.com\/kiruna\/wp-json\/wp\/v2\/posts\/5475\/revisions"}],"wp:featuredmedia":[{"embeddable":true,"href":"https:\/\/gratistidning.com\/kiruna\/wp-json\/wp\/v2\/media\/5476"}],"wp:attachment":[{"href":"https:\/\/gratistidning.com\/kiruna\/wp-json\/wp\/v2\/media?parent=5475"}],"wp:term":[{"taxonomy":"category","embeddable":true,"href":"https:\/\/gratistidning.com\/kiruna\/wp-json\/wp\/v2\/categories?post=5475"},{"taxonomy":"post_tag","embeddable":true,"href":"https:\/\/gratistidning.com\/kiruna\/wp-json\/wp\/v2\/tags?post=5475"}],"curies":[{"name":"wp","href":"https:\/\/api.w.org\/{rel}","templated":true}]}}