{"id":12428,"date":"2025-06-13T11:30:00","date_gmt":"2025-06-13T09:30:00","guid":{"rendered":"https:\/\/gratistidning.com.hemsida.eu\/lulea\/blog\/2025\/06\/13\/i-luleas-skolor-ar-kultur-en-sjalvklar-rattighet\/"},"modified":"2025-06-13T11:30:00","modified_gmt":"2025-06-13T09:30:00","slug":"i-luleas-skolor-ar-kultur-en-sjalvklar-rattighet","status":"publish","type":"post","link":"https:\/\/gratistidning.com\/lulea\/blog\/2025\/06\/13\/i-luleas-skolor-ar-kultur-en-sjalvklar-rattighet\/","title":{"rendered":"I Lule\u00e5s skolor \u00e4r kultur en sj\u00e4lvklar r\u00e4ttighet"},"content":{"rendered":"<p><\/p>\n<div>\n<p class=\"normal\">Den f\u00f6rsta upplagan av konferensen <em>Kultur i skolan \u2013 Lotteri eller garanti?<\/em> arrangerades i M\u00f6lndal f\u00f6rra \u00e5ret och \u00e4r ett nationellt forum d\u00e4r skolans ansvar och m\u00f6jligheter att ge barn och unga tillg\u00e5ng till kultur st\u00e5r i centrum. N\u00e4r Lule\u00e5 fick fr\u00e5gan att ta \u00f6ver stafettpinnen k\u00e4ndes det sj\u00e4lvklart \u2013 inte minst eftersom kommunen i h\u00f6stas inf\u00f6rde en kulturgaranti som garanterar att alla elever, fr\u00e5n fyra \u00e5r och upp till gymnasiet, f\u00e5r ta del av minst en professionell kulturaktivitet via skolan varje l\u00e4s\u00e5r.<\/p>\n<p class=\"normal\">\u2013 Det \u00e4r en viktig satsning f\u00f6r framtiden, s\u00e4ger Evelina Rydeker, ordf\u00f6rande i kultur- och fritidsn\u00e4mnden. Tillsammans med Maritha Meethz, ordf\u00f6rande i arbetsmarknads- och utbildningsn\u00e4mnden, har hon varit drivande i att g\u00f6ra kulturgarantin till verklighet.<\/p>\n<h2 class=\"subheading\" id=\"h-Skolansombarareavkultur\">Skolan som b\u00e4rare av kultur<\/h2>\n<p class=\"normal\">Att kulturgarantin utg\u00e5r fr\u00e5n skolan \u00e4r ingen slump utan handlar om att s\u00e4kerst\u00e4lla j\u00e4mlik tillg\u00e5ng till kultur oavsett bakgrund, menar de.<\/p>\n<p class=\"normal\">\u2013 Jag tycker det \u00e4r j\u00e4tteviktigt att skolan \u00e4r med. Det finns en stark koppling mellan kultur och undervisning. Olika kulturyttringar bidrar till inl\u00e4rning och f\u00f6rst\u00e5else, s\u00e4ger Maritha Meethz.<\/p>\n<p class=\"normal\">Evelina Rydeker fyller i:<br \/>\u2013 Kultur \u00e4r ocks\u00e5 en del av v\u00e4lf\u00e4rden. Precis som man har r\u00e4tt till idrott och matematik, ska man ocks\u00e5 ha r\u00e4tt att f\u00f6rst\u00e5 en bild eller uppleva en f\u00f6rest\u00e4llning. Kulturgarantin g\u00f6r detta till en sj\u00e4lvklarhet f\u00f6r alla. Och vi \u00e4r stolta \u00f6ver att v\u00e5r garanti g\u00e4ller hela v\u00e4gen upp till gymnasiet s\u00e5 att \u00e4ven de som \u00e4r p\u00e5 v\u00e4g ut i vuxenlivet f\u00e5r en nyckel in i kulturen.<\/p>\n<p class=\"normal\">Resultaten efter f\u00f6rsta halv\u00e5ret med kulturgarantin visar tydligt att satsningen uppskattas. Utv\u00e4rderingen fr\u00e5n v\u00e5ren ger ett betyg p\u00e5 4,8 av 5. N\u00e4stan alla pedagoger har sett tydliga kopplingar till l\u00e4roplanen.<\/p>\n<p class=\"normal\">H\u00f6stens konferens \u00e4r en plattform f\u00f6r kunskapsutbyte \u2013 och en inspiration f\u00f6r fler kommuner att ta steget.<\/p>\n<p class=\"normal\">\u2013 M\u00e5nga vill inf\u00f6ra en kulturgaranti men vet inte riktigt hur. D\u00e5 \u00e4r en s\u00e5dan h\u00e4r konferens ett fantastiskt tillf\u00e4lle. Man f\u00e5r se att det g\u00e5r, det b\u00e4sta s\u00e4ttet att lyckas \u00e4r att l\u00e4ra av andra, s\u00e4ger Evelina Rydeker.<\/p>\n<h2 class=\"subheading\" id=\"h-Nyckeltillvalmaendeochframtidstro\">Nyckel till v\u00e4lm\u00e5ende och framtidstro<\/h2>\n<p class=\"normal\">Kulturens betydelse str\u00e4cker sig ocks\u00e5 bortom skolan \u2013 den handlar ocks\u00e5 om sammanhang, mening och v\u00e4lm\u00e5ende i en v\u00e4rld av f\u00f6r\u00e4ndring.<\/p>\n<p class=\"normal\">\u2013 Barn som har det tufft i skolan kan hitta en fristad i kulturen. Det blir en vila, en plats d\u00e4r man f\u00e5r vara sig sj\u00e4lv och h\u00e4mta kraft. Kulturgarantin kan bli en nyckel in till det, s\u00e4ger Maritha Meethz.<\/p>\n<p class=\"normal\">Evelina Rydeker lyfter att satsningen \u00e4r ett s\u00e4tt att b\u00e5de bredda och f\u00f6rdjupa barn och ungas kulturm\u00f6ten:<br \/>\u2013 Att f\u00e5 uppleva professionell kultur kan ocks\u00e5 v\u00e4cka en tanke om framtida yrkesv\u00e4gar. N\u00e4r man f\u00e5r m\u00f6ta m\u00e4nniskor som arbetar med kultur, f\u00f6rst\u00e5r man att det \u00e4r ett riktigt jobb \u2013 och kanske n\u00e5got man sj\u00e4lv vill satsa p\u00e5. Och ibland handlar det bara om att ha riktigt roligt. Att f\u00e5 g\u00e5 p\u00e5 en konsert eller se en teaterf\u00f6rest\u00e4llning \u00e4r en gl\u00e4dje i sig.<\/p>\n<h2 class=\"subheading\" id=\"h-Kulturbindersamman\">Kultur binder samman<\/h2>\n<p class=\"normal\">Slutligen lyfter de kulturens roll i en st\u00f6rre samh\u00e4llskontext \u2013 inte minst i den gr\u00f6na omst\u00e4llning som p\u00e5g\u00e5r i norr.<\/p>\n<p class=\"normal\">\u2013 Kulturen \u00e4r det som kittar ihop allt. Det \u00e4r en viktig del f\u00f6r att m\u00e4nniskor ska trivas, vilja bo kvar eller flytta hit. Den \u00e4r helt enkelt avg\u00f6rande f\u00f6r ett levande samh\u00e4lle, s\u00e4ger Maritha Meethz.<\/p>\n<p class=\"normal\">\u2013 Vi forts\u00e4tter att se kultur som en del av v\u00e4lf\u00e4rden. Och s\u00e5 hoppas vi att fler kommuner tar in kulturgarantin och g\u00f6r den till sin genom att under konferensen l\u00e5ta sig inspireras av goda exempel, s\u00e4ger Evelina Rydeker.<\/p>\n<\/div>\n<p>&#8212;&#8212;&#8212;&#8212;&#8212;&#8212;&#8212;&#8212;&#8212;&#8212;&#8212;&#8212;&#8212;&#8212;&#8212;&#8212;&#8212;&#8212;&#8212;&#8211;<br \/>\n<a href=\"https:\/\/vartlulea.se\/arkiv\/aktuellt\/iluleasskolorarkulturensjalvklarrattighet.5.70e7ab1219730d995c6626c.html\" target=\"_blank\">Klicka h\u00e4r &#8211; l\u00e4nk till originalinl\u00e4gget<\/a><br \/>\n<br \/>\nK\u00e4lla: Lule\u00e5 kommun \/ V\u00e5rt Lule\u00e5<br \/>\n&#8212;&#8212;&#8212;&#8212;&#8212;&#8212;&#8212;&#8212;&#8212;&#8212;&#8212;&#8212;&#8212;&#8212;&#8212;&#8212;&#8212;&#8212;&#8212;&#8211;<\/p>\n","protected":false},"excerpt":{"rendered":"<p>Den f\u00f6rsta upplagan av konferensen Kultur i skolan \u2013 Lotteri eller garanti? arrangerades i M\u00f6lndal f\u00f6rra \u00e5ret och \u00e4r ett nationellt forum d\u00e4r skolans ansvar och m\u00f6jligheter att ge barn och unga tillg\u00e5ng till kultur st\u00e5r i centrum. N\u00e4r Lule\u00e5 fick fr\u00e5gan att ta \u00f6ver stafettpinnen k\u00e4ndes det sj\u00e4lvklart \u2013 inte minst eftersom kommunen i [&hellip;]<\/p>\n","protected":false},"author":24,"featured_media":12429,"comment_status":"closed","ping_status":"closed","sticky":false,"template":"","format":"standard","meta":{"_acf_changed":false,"footnotes":"","_links_to":"","_links_to_target":""},"categories":[50,49],"tags":[],"class_list":{"0":"post-12428","1":"post","2":"type-post","3":"status-publish","4":"format-standard","5":"has-post-thumbnail","7":"category-lulea-kommun","8":"category-kommunen"},"featured_image_src":"https:\/\/gratistidning.com\/lulea\/wp-content\/uploads\/sites\/14\/2025\/06\/Maritha20och20Evelina1b-1024x576.jpg","blog_images":{"medium":"https:\/\/gratistidning.com\/lulea\/wp-content\/uploads\/sites\/14\/2025\/06\/Maritha20och20Evelina1b-300x169.jpg","large":"https:\/\/gratistidning.com\/lulea\/wp-content\/uploads\/sites\/14\/2025\/06\/Maritha20och20Evelina1b-1024x576.jpg"},"acf":[],"ams_acf":[],"publishpress_future_action":{"enabled":false,"date":"2026-05-07 07:42:32","action":"change-status","newStatus":"draft","terms":[],"taxonomy":"category","extraData":[]},"publishpress_future_workflow_manual_trigger":{"enabledWorkflows":[]},"_links":{"self":[{"href":"https:\/\/gratistidning.com\/lulea\/wp-json\/wp\/v2\/posts\/12428","targetHints":{"allow":["GET"]}}],"collection":[{"href":"https:\/\/gratistidning.com\/lulea\/wp-json\/wp\/v2\/posts"}],"about":[{"href":"https:\/\/gratistidning.com\/lulea\/wp-json\/wp\/v2\/types\/post"}],"author":[{"embeddable":true,"href":"https:\/\/gratistidning.com\/lulea\/wp-json\/wp\/v2\/users\/24"}],"replies":[{"embeddable":true,"href":"https:\/\/gratistidning.com\/lulea\/wp-json\/wp\/v2\/comments?post=12428"}],"version-history":[{"count":0,"href":"https:\/\/gratistidning.com\/lulea\/wp-json\/wp\/v2\/posts\/12428\/revisions"}],"wp:featuredmedia":[{"embeddable":true,"href":"https:\/\/gratistidning.com\/lulea\/wp-json\/wp\/v2\/media\/12429"}],"wp:attachment":[{"href":"https:\/\/gratistidning.com\/lulea\/wp-json\/wp\/v2\/media?parent=12428"}],"wp:term":[{"taxonomy":"category","embeddable":true,"href":"https:\/\/gratistidning.com\/lulea\/wp-json\/wp\/v2\/categories?post=12428"},{"taxonomy":"post_tag","embeddable":true,"href":"https:\/\/gratistidning.com\/lulea\/wp-json\/wp\/v2\/tags?post=12428"}],"curies":[{"name":"wp","href":"https:\/\/api.w.org\/{rel}","templated":true}]}}