{"id":16224,"date":"2026-02-11T16:40:00","date_gmt":"2026-02-11T15:40:00","guid":{"rendered":"https:\/\/gratistidning.com.hemsida.eu\/lulea\/blog\/2026\/02\/11\/ny-grupp-ska-hjalpa-foraldrar-att-bryta-valdsarvet\/"},"modified":"2026-02-11T16:40:00","modified_gmt":"2026-02-11T15:40:00","slug":"ny-grupp-ska-hjalpa-foraldrar-att-bryta-valdsarvet","status":"publish","type":"post","link":"https:\/\/gratistidning.com\/lulea\/blog\/2026\/02\/11\/ny-grupp-ska-hjalpa-foraldrar-att-bryta-valdsarvet\/","title":{"rendered":"Ny grupp ska hj\u00e4lpa f\u00f6r\u00e4ldrar att bryta v\u00e5ldsarvet"},"content":{"rendered":"<p><\/p>\n<div>\n<h2 class=\"subheading\" id=\"h-Fordigsomvillgedinabarnentryggareuppvaxt\">F\u00f6r dig som vill ge dina barn en tryggare uppv\u00e4xt<\/h2>\n<p class=\"normal\">Bryt v\u00e5ldsarvet v\u00e4nder sig till dig som:<\/p>\n<ul class=\" normal\">\n<li>\u00e4r \u00f6ver 23 \u00e5r<\/li>\n<li>\u00f6verv\u00e4ger att skaffa barn eller v\u00e4ntar barn<\/li>\n<li>redan \u00e4r f\u00f6r\u00e4lder till barn upp till cirka fem \u00e5r<\/li>\n<li>har erfarenhet av v\u00e5ld i din uppv\u00e4xtfamilj<\/li>\n<li>k\u00e4nner oro f\u00f6r hur det kan p\u00e5verka dig som f\u00f6r\u00e4lder<\/li>\n<\/ul>\n<p class=\"normal\">Du kan delta sj\u00e4lv eller tillsammans med din partner.<\/p>\n<p class=\"normal\">\u2013 M\u00e5nga som v\u00e4xt upp med v\u00e5ld b\u00e4r p\u00e5 en oro inf\u00f6r att sj\u00e4lva bli f\u00f6r\u00e4lder. Gruppen visar att det g\u00e5r att bryta m\u00f6nster och bli tryggare i sitt f\u00f6r\u00e4ldraskap, s\u00e4ger Malin Edin.<\/p>\n<h2 class=\"subheading\" id=\"h-Byggerpabeprovatnorsktkoncept\">Bygger p\u00e5 bepr\u00f6vat norskt koncept<\/h2>\n<p class=\"normal\">Uppl\u00e4gget grundar sig p\u00e5 ett gruppkoncept utvecklat av psykologen Per Isdal och kollegor, som l\u00e4nge arbetat med b\u00e5de v\u00e5ldsutsatta och v\u00e5ldsut\u00f6vare. Modellen har pr\u00f6vats med goda resultat, bland annat i Skellefte\u00e5.<\/p>\n<p class=\"normal\">F\u00f6r Lule\u00e5 inneb\u00e4r det att F\u00f6r\u00e4ldrasupportens och Centrum mot v\u00e5lds kompetenser nu kombineras i en gemensam insats.<\/p>\n<h2 class=\"subheading\" id=\"h-Tregrupptraffar\">Tre grupptr\u00e4ffar<\/h2>\n<p class=\"normal\">Gruppen tr\u00e4ffas vid tre tillf\u00e4llen under ett sammanh\u00e5llet veckoslut. Innan starten erbjuds alla deltagare ett enskilt samtal med gruppledarna.<\/p>\n<p class=\"normal\">\u2013 Det \u00e4r viktigt att den som kommer k\u00e4nner sig trygg och vet vad gruppen inneb\u00e4r. Det h\u00e4r \u00e4r ingen terapi, utan en f\u00f6rebyggande insats d\u00e4r reflektion och samtal st\u00e5r i fokus, s\u00e4ger Agneta Larsson.<\/p>\n<p class=\"normal\">Partner f\u00e5r g\u00e4rna f\u00f6lja med, \u00e4ven om hen inte har egna erfarenheter av v\u00e5ld \u2013 n\u00e5got som ofta bidrar till \u00f6kad f\u00f6rst\u00e5else i relationen och f\u00f6r\u00e4ldraskapet.<\/p>\n<h2 class=\"subheading\" id=\"h-Trygghetdeladeerfarenheterochkonkretastrategier\">Trygghet, delade erfarenheter och konkreta strategier<\/h2>\n<p class=\"normal\">I gruppen varvas korta informationsmoment med reflekterande \u00f6vningar och samtal om teman som v\u00e5ld, f\u00f6r\u00e4ldraskap och egna reaktionsm\u00f6nster.<\/p>\n<p class=\"normal\">\u2013 Att uppt\u00e4cka att man inte \u00e4r ensam brukar vara v\u00e4ldigt st\u00e4rkande. M\u00e5nga kan k\u00e4nna skam och pratar s\u00e4llan om dessa saker, gruppformatet kan hj\u00e4lpa till att bryta det, s\u00e4ger Malin Edin.<\/p>\n<p class=\"normal\">Vid sista tr\u00e4ffen arbetar deltagarna fram konkreta m\u00e5l och strategier f\u00f6r sitt f\u00f6r\u00e4ldraskap \u2013 exempelvis hur man vill agera i stressade situationer och hur man k\u00e4nner igen egna varningssignaler.<\/p>\n<h2 class=\"subheading\" id=\"h-Malgruppenfinnsmensvartattnaut\">M\u00e5lgruppen finns men sv\u00e5rt att n\u00e5 ut<\/h2>\n<p class=\"normal\">F\u00f6r\u00e4ldrasupporten och Centrum mot v\u00e5ld samarbetar nu med barnmorskor, barnh\u00e4lsov\u00e5rden, f\u00f6rskolor och andra verksamheter f\u00f6r att n\u00e5 dem som kan vara hj\u00e4lpta av gruppen.<\/p>\n<p class=\"normal\">\u2013 Det h\u00e4r \u00e4r en unik m\u00f6jlighet att f\u00e5 prata om dessa fr\u00e5gor tillsammans med personer som har liknande erfarenheter s\u00e5 vi hoppas att alla som k\u00e4nner igen sig i m\u00e5lgruppsbeskrivningen tar chansen, s\u00e4ger Agneta Larsson.<\/p>\n<\/div>\n<p>&#8212;&#8212;&#8212;&#8212;&#8212;&#8212;&#8212;&#8212;&#8212;&#8212;&#8212;&#8212;&#8212;&#8212;&#8212;&#8212;&#8212;&#8212;&#8212;&#8211;<br \/>\n<a href=\"https:\/\/vartlulea.se\/arkiv\/aktuellt\/nygruppskahjalpaforaldrarattbrytavaldsarvet.5.40d7849e19c4c1da6d6201.html\" target=\"_blank\">Klicka h\u00e4r &#8211; l\u00e4nk till originalinl\u00e4gget<\/a><br \/>\n<br \/>\nK\u00e4lla: Lule\u00e5 kommun \/ V\u00e5rt Lule\u00e5<br \/>\n&#8212;&#8212;&#8212;&#8212;&#8212;&#8212;&#8212;&#8212;&#8212;&#8212;&#8212;&#8212;&#8212;&#8212;&#8212;&#8212;&#8212;&#8212;&#8212;&#8211;<\/p>\n","protected":false},"excerpt":{"rendered":"<p>F\u00f6r dig som vill ge dina barn en tryggare uppv\u00e4xt Bryt v\u00e5ldsarvet v\u00e4nder sig till dig som: \u00e4r \u00f6ver 23 \u00e5r \u00f6verv\u00e4ger att skaffa barn eller v\u00e4ntar barn redan \u00e4r f\u00f6r\u00e4lder till barn upp till cirka fem \u00e5r har erfarenhet av v\u00e5ld i din uppv\u00e4xtfamilj k\u00e4nner oro f\u00f6r hur det kan p\u00e5verka dig som f\u00f6r\u00e4lder [&hellip;]<\/p>\n","protected":false},"author":24,"featured_media":16225,"comment_status":"closed","ping_status":"closed","sticky":false,"template":"","format":"standard","meta":{"_acf_changed":false,"footnotes":"","_links_to":"","_links_to_target":""},"categories":[50,49],"tags":[],"class_list":{"0":"post-16224","1":"post","2":"type-post","3":"status-publish","4":"format-standard","5":"has-post-thumbnail","7":"category-lulea-kommun","8":"category-kommunen"},"featured_image_src":"https:\/\/gratistidning.com\/lulea\/wp-content\/uploads\/sites\/14\/2026\/02\/BrytvC3A5ldsarvet_AI20kopiera-1024x769.jpg","blog_images":{"medium":"https:\/\/gratistidning.com\/lulea\/wp-content\/uploads\/sites\/14\/2026\/02\/BrytvC3A5ldsarvet_AI20kopiera-300x225.jpg","large":"https:\/\/gratistidning.com\/lulea\/wp-content\/uploads\/sites\/14\/2026\/02\/BrytvC3A5ldsarvet_AI20kopiera-1024x769.jpg"},"acf":[],"ams_acf":[],"publishpress_future_action":{"enabled":false,"date":"2026-05-08 09:50:36","action":"change-status","newStatus":"draft","terms":[],"taxonomy":"category","extraData":[]},"publishpress_future_workflow_manual_trigger":{"enabledWorkflows":[]},"_links":{"self":[{"href":"https:\/\/gratistidning.com\/lulea\/wp-json\/wp\/v2\/posts\/16224","targetHints":{"allow":["GET"]}}],"collection":[{"href":"https:\/\/gratistidning.com\/lulea\/wp-json\/wp\/v2\/posts"}],"about":[{"href":"https:\/\/gratistidning.com\/lulea\/wp-json\/wp\/v2\/types\/post"}],"author":[{"embeddable":true,"href":"https:\/\/gratistidning.com\/lulea\/wp-json\/wp\/v2\/users\/24"}],"replies":[{"embeddable":true,"href":"https:\/\/gratistidning.com\/lulea\/wp-json\/wp\/v2\/comments?post=16224"}],"version-history":[{"count":0,"href":"https:\/\/gratistidning.com\/lulea\/wp-json\/wp\/v2\/posts\/16224\/revisions"}],"wp:featuredmedia":[{"embeddable":true,"href":"https:\/\/gratistidning.com\/lulea\/wp-json\/wp\/v2\/media\/16225"}],"wp:attachment":[{"href":"https:\/\/gratistidning.com\/lulea\/wp-json\/wp\/v2\/media?parent=16224"}],"wp:term":[{"taxonomy":"category","embeddable":true,"href":"https:\/\/gratistidning.com\/lulea\/wp-json\/wp\/v2\/categories?post=16224"},{"taxonomy":"post_tag","embeddable":true,"href":"https:\/\/gratistidning.com\/lulea\/wp-json\/wp\/v2\/tags?post=16224"}],"curies":[{"name":"wp","href":"https:\/\/api.w.org\/{rel}","templated":true}]}}