{"id":16241,"date":"2026-02-13T07:30:00","date_gmt":"2026-02-13T06:30:00","guid":{"rendered":"https:\/\/gratistidning.com.hemsida.eu\/lulea\/blog\/2026\/02\/13\/hertsons-bibliotek-stanger-for-flytt\/"},"modified":"2026-02-13T07:30:00","modified_gmt":"2026-02-13T06:30:00","slug":"hertsons-bibliotek-stanger-for-flytt","status":"publish","type":"post","link":"https:\/\/gratistidning.com\/lulea\/blog\/2026\/02\/13\/hertsons-bibliotek-stanger-for-flytt\/","title":{"rendered":"Herts\u00f6ns bibliotek st\u00e4nger f\u00f6r flytt"},"content":{"rendered":"<p><\/p>\n<div>\n<p class=\"normal\">Den 2 mars st\u00e4nger biblioteket i modulbyggnaderna p\u00e5 Backmyrv\u00e4gen f\u00f6r att personalen ska kunna b\u00f6rja packa ner b\u00f6cker och inventarier inf\u00f6r flytten. Bokinkastet h\u00e5ller \u00f6ppet till och med den 22 mars f\u00f6r \u00e5terl\u00e4mning.<\/p>\n<h2 class=\"subheading\" id=\"h-Aterbrukifokus\">\u00c5terbruk i fokus<\/h2>\n<p class=\"normal\">Biblioteket kommer \u00f6ppna igen i b\u00f6rjan av h\u00f6stterminen i den nybyggda Herts\u00f6skolan. Arbetet med att f\u00e4rdigst\u00e4lla det nya biblioteket tar tid av flera sk\u00e4l: Det tar l\u00e5ng tid att packa ner och upp alla b\u00f6cker p\u00e5 ett systematiskt s\u00e4tt, m\u00e5nga m\u00f6bler ska \u00e5terbrukas och m\u00e5ste kl\u00e4s om, m\u00e5las eller repareras, ink\u00f6p ska g\u00f6ras och all teknik f\u00f6r exempelvis mer\u00f6ppet ska fungera.<\/p>\n<p class=\"normal\">Under tiden finns m\u00f6jlighet att l\u00e4sa lokala dagstidningar p\u00e5 Herts\u00f6 badhus under deras ordinarie \u00f6ppettider.<\/p>\n<p class=\"normal\">\u2013 Vi ser verkligen fram emot att till h\u00f6sten v\u00e4lkomna v\u00e5ra bes\u00f6kare till ett nytt, fr\u00e4scht och inspirerande bibliotek. Det k\u00e4nns fantastiskt att f\u00e5 komma tillbaka till Herts\u00f6torget, och jag tror att v\u00e5ra nya lokaler kommer att bli en naturlig och levande m\u00f6tesplats f\u00f6r hela omr\u00e5det, s\u00e4ger Sofia Lundmark, enhetschef Herts\u00f6ns bibliotek, Lule\u00e5 kommun.<\/p>\n<p class=\"normal\">N\u00e4r Herts\u00f6ns bibliotek h\u00e5ller st\u00e4ngt h\u00e4nvisas bes\u00f6kare till \u00f6vriga folkbibliotek i Lule\u00e5 kommun.<a href=\"https:\/\/www.bibblo.se\/bibliotek\/hertsons-bibliotek\"> P\u00e5 <strong>bibblo.se<\/strong> finns mer information om flytten.<svg class=\"env-link-icon\" aria-hidden=\"true\"><use href=\"http:\/\/vartlulea.se\/sitevision\/link-icons.svg#link-external\"\/><\/svg><span class=\"env-assistive-text\"> L\u00e4nk till annan webbplats.<\/span><\/a><\/p>\n<\/div>\n<p>&#8212;&#8212;&#8212;&#8212;&#8212;&#8212;&#8212;&#8212;&#8212;&#8212;&#8212;&#8212;&#8212;&#8212;&#8212;&#8212;&#8212;&#8212;&#8212;&#8211;<br \/>\n<a href=\"https:\/\/vartlulea.se\/arkiv\/aktuellt\/hertsonsbibliotekstangerforflytt.5.420429219c040c4cc367cb.html\" target=\"_blank\">Klicka h\u00e4r &#8211; l\u00e4nk till originalinl\u00e4gget<\/a><br \/>\n<br \/>\nK\u00e4lla: Lule\u00e5 kommun \/ V\u00e5rt Lule\u00e5<br \/>\n&#8212;&#8212;&#8212;&#8212;&#8212;&#8212;&#8212;&#8212;&#8212;&#8212;&#8212;&#8212;&#8212;&#8212;&#8212;&#8212;&#8212;&#8212;&#8212;&#8211;<\/p>\n","protected":false},"excerpt":{"rendered":"<p>Den 2 mars st\u00e4nger biblioteket i modulbyggnaderna p\u00e5 Backmyrv\u00e4gen f\u00f6r att personalen ska kunna b\u00f6rja packa ner b\u00f6cker och inventarier inf\u00f6r flytten. Bokinkastet h\u00e5ller \u00f6ppet till och med den 22 mars f\u00f6r \u00e5terl\u00e4mning. \u00c5terbruk i fokus Biblioteket kommer \u00f6ppna igen i b\u00f6rjan av h\u00f6stterminen i den nybyggda Herts\u00f6skolan. Arbetet med att f\u00e4rdigst\u00e4lla det nya biblioteket [&hellip;]<\/p>\n","protected":false},"author":24,"featured_media":16242,"comment_status":"closed","ping_status":"closed","sticky":false,"template":"","format":"standard","meta":{"_acf_changed":false,"footnotes":"","_links_to":"","_links_to_target":""},"categories":[50,49],"tags":[],"class_list":{"0":"post-16241","1":"post","2":"type-post","3":"status-publish","4":"format-standard","5":"has-post-thumbnail","7":"category-lulea-kommun","8":"category-kommunen"},"featured_image_src":"https:\/\/gratistidning.com\/lulea\/wp-content\/uploads\/sites\/14\/2026\/02\/Perspektiv_natt_20230324-1024x537.jpg","blog_images":{"medium":"https:\/\/gratistidning.com\/lulea\/wp-content\/uploads\/sites\/14\/2026\/02\/Perspektiv_natt_20230324-300x157.jpg","large":"https:\/\/gratistidning.com\/lulea\/wp-content\/uploads\/sites\/14\/2026\/02\/Perspektiv_natt_20230324-1024x537.jpg"},"acf":[],"ams_acf":[],"publishpress_future_action":{"enabled":false,"date":"2026-05-08 08:04:22","action":"change-status","newStatus":"draft","terms":[],"taxonomy":"category","extraData":[]},"publishpress_future_workflow_manual_trigger":{"enabledWorkflows":[]},"_links":{"self":[{"href":"https:\/\/gratistidning.com\/lulea\/wp-json\/wp\/v2\/posts\/16241","targetHints":{"allow":["GET"]}}],"collection":[{"href":"https:\/\/gratistidning.com\/lulea\/wp-json\/wp\/v2\/posts"}],"about":[{"href":"https:\/\/gratistidning.com\/lulea\/wp-json\/wp\/v2\/types\/post"}],"author":[{"embeddable":true,"href":"https:\/\/gratistidning.com\/lulea\/wp-json\/wp\/v2\/users\/24"}],"replies":[{"embeddable":true,"href":"https:\/\/gratistidning.com\/lulea\/wp-json\/wp\/v2\/comments?post=16241"}],"version-history":[{"count":0,"href":"https:\/\/gratistidning.com\/lulea\/wp-json\/wp\/v2\/posts\/16241\/revisions"}],"wp:featuredmedia":[{"embeddable":true,"href":"https:\/\/gratistidning.com\/lulea\/wp-json\/wp\/v2\/media\/16242"}],"wp:attachment":[{"href":"https:\/\/gratistidning.com\/lulea\/wp-json\/wp\/v2\/media?parent=16241"}],"wp:term":[{"taxonomy":"category","embeddable":true,"href":"https:\/\/gratistidning.com\/lulea\/wp-json\/wp\/v2\/categories?post=16241"},{"taxonomy":"post_tag","embeddable":true,"href":"https:\/\/gratistidning.com\/lulea\/wp-json\/wp\/v2\/tags?post=16241"}],"curies":[{"name":"wp","href":"https:\/\/api.w.org\/{rel}","templated":true}]}}