{"id":16380,"date":"2026-02-23T07:30:00","date_gmt":"2026-02-23T06:30:00","guid":{"rendered":"https:\/\/gratistidning.com\/lulea\/blog\/2026\/02\/23\/30-ar-som-varldsarv-del-3-jubileumsinvigning-pa-g-i-g-stad\/"},"modified":"2026-02-23T07:30:00","modified_gmt":"2026-02-23T06:30:00","slug":"30-ar-som-varldsarv-del-3-jubileumsinvigning-pa-g-i-g-stad","status":"publish","type":"post","link":"https:\/\/gratistidning.com\/lulea\/blog\/2026\/02\/23\/30-ar-som-varldsarv-del-3-jubileumsinvigning-pa-g-i-g-stad\/","title":{"rendered":"30 \u00e5r som v\u00e4rldsarv, del 3: Jubileumsinvigning p\u00e5 g i G-stad"},"content":{"rendered":"<p><\/p>\n<div>\n<p class=\"normal\">Jubileumsinvigningen, som arrangeras av Lule\u00e5 kommun och Nederlule\u00e5 f\u00f6rsamling, \u00e4r det f\u00f6rsta av flera evenemang som g\u00e5r av stapeln i kyrkstaden i samband med jubileums\u00e5ret.<\/p>\n<h2 class=\"subheading\" id=\"h-Programforjubileumsinvigningen\">Program f\u00f6r jubileumsinvigningen <br \/>\u2013 L\u00f6rdag 28 februari kl. 10.00-16.00<\/h2>\n<p class=\"normal\"><strong>10.00-11.00<\/strong> <strong>Guidning av v\u00e4rldsarvet Gammelstads kyrkstad \u2013 Visitor Center.<\/strong> <br \/>Anv\u00e4nd rabattkoden GAMMELSTAD30 vid bokning och f\u00e5 30 procents rabatt. <a href=\"https:\/\/www.visitgammelstad.se\/seochgora\/guidadvisningavvarldsarvetgammelstadskyrkstad.4.75e40d211802a8329ae3a5d.html\" rel=\"external\">Visningen \u00e4r p\u00e5 svenska och bokas online (klicka p\u00e5 l\u00e4nken f\u00f6r att komma till bokningen). <svg class=\"env-link-icon\" aria-hidden=\"true\"><use href=\"http:\/\/vartlulea.se\/sitevision\/link-icons.svg#link-external-tab\"\/><\/svg><span class=\"env-assistive-text\"> L\u00e4nk till annan webbplats, \u00f6ppnas i nytt f\u00f6nster.<\/span><\/a><\/p>\n<p class=\"normal\"><strong>10.00-12.00<\/strong> <strong>L\u00f6rdagsfrukost med f\u00f6rel\u00e4sning \u2013 Petrig\u00e5rden.<\/strong><br \/>\u201dFramv\u00e4xten av en stad \u2013 Gammelstad mellan \u00e5ren 1300 och 1600\u201d. Roine Viklund, doktor i teknikhistoria vid Lule\u00e5 tekniska universitet. Kostnad 70 kronor. <a href=\"https:\/\/www.svenskakyrkan.se\/nederlulea\/framvaxten-av-en-stad\">Anm\u00e4lan senast 23 feburari via detta formul\u00e4r (klicka p\u00e5 l\u00e4nken).<svg class=\"env-link-icon\" aria-hidden=\"true\"><use href=\"http:\/\/vartlulea.se\/sitevision\/link-icons.svg#link-external\"\/><\/svg><span class=\"env-assistive-text\"> L\u00e4nk till annan webbplats.<\/span><\/a> Adress: F\u00f6rsamlingsv\u00e4gen 12.<\/p>\n<p class=\"normal\"><strong>11.00-15.00<\/strong> <strong>Kliv in i en riktig kyrkstuga \u2013 Visningsstugan. Fri entr\u00e9.<\/strong><br \/>Nederlule\u00e5 hembygdsf\u00f6rening bjuder in till bes\u00f6k i sin visningsstuga. <br \/>Adress: Kyrkstuga nummer 253\u2013254 (l\u00e4ngs Framl\u00e4nningsv\u00e4gen).<\/p>\n<p class=\"normal\"><strong>12.00\u201316.00<\/strong> <strong>Visitor Center h\u00e5ller \u00f6ppet \u2013 utst\u00e4llning och lekh\u00f6rna med mera. Fri entr\u00e9.<br \/><\/strong>Kolla in utst\u00e4llningen \u201dGammelstad \u2013 Kyrkstad i v\u00e4rldsarvsklass\u201d. H\u00e4r finns bland annat interaktiva inslag, lekh\u00f6rna f\u00f6r barn och en modell av en kyrkstuga som du kan g\u00e5 in i.<\/p>\n<p class=\"normal\"><strong>13.00-14.00<\/strong> <strong>Stor jubileumsinvigning \u2013 Nederlule\u00e5 kyrka. Fri entr\u00e9.<br \/><\/strong>Tal av kommunalr\u00e5d Carina Sammeli och matin\u00e9f\u00f6rest\u00e4llningen \u201dDen magiska nyckeln och det f\u00f6rflutnas skugga\u201d. En sp\u00e4nnande resa i tiden, f\u00f6r barn och andra nyfikna i alla \u00e5ldrar. Kulturvetaren och Gammelstadsk\u00e4nnaren Lisa L\u00e5ng samt lokala k\u00f6rer och akt\u00f6rer medverkar. Efter\u00e5t bjuder f\u00f6rsamlingen p\u00e5 fika. <\/p>\n<p class=\"normal\"><strong>Extra!<\/strong> Dagen till \u00e4ra sl\u00e4pps den nya vandringen \u201dKampen f\u00f6r kyrkstaden \u2013 v\u00e4gen till v\u00e4rldsarvet\u201d i appen Visit Gammelstad. Appen laddar du ner gratis fr\u00e5n AppStore eller GooglePlay.<\/p>\n<h2 class=\"subheading\" id=\"h-sv-default-anchor\">Vill du veta mer om hela jubileums\u00e5ret?<\/h2>\n<p class=\"normal\"><a href=\"https:\/\/www.visitgammelstad.se\/seochgora\/varldsarvetsjubileumsar.4.4f386c1919a29f2f850d996.html\">L\u00e4s mer h\u00e4r. <svg class=\"env-link-icon\" aria-hidden=\"true\"><use href=\"http:\/\/vartlulea.se\/sitevision\/link-icons.svg#link-external\"\/><\/svg><span class=\"env-assistive-text\"> L\u00e4nk till annan webbplats.<\/span><\/a><\/p>\n<p class=\"normal\">V\u00e4l m\u00f6tt i ditt, mitt och hela v\u00e4rldens v\u00e4rldsarv!<\/p>\n<\/div>\n<p>&#8212;&#8212;&#8212;&#8212;&#8212;&#8212;&#8212;&#8212;&#8212;&#8212;&#8212;&#8212;&#8212;&#8212;&#8212;&#8212;&#8212;&#8212;&#8212;&#8211;<br \/>\n<a href=\"https:\/\/vartlulea.se\/arkiv\/upplevelser\/30arsomvarldsarvdel3jubileumsinvigningpagigstad.5.597b1ac319bc2615cfd253d.html\" target=\"_blank\">Klicka h\u00e4r &#8211; l\u00e4nk till originalinl\u00e4gget<\/a><br \/>\n<br \/>\nK\u00e4lla: Lule\u00e5 kommun \/ V\u00e5rt Lule\u00e5<br \/>\n&#8212;&#8212;&#8212;&#8212;&#8212;&#8212;&#8212;&#8212;&#8212;&#8212;&#8212;&#8212;&#8212;&#8212;&#8212;&#8212;&#8212;&#8212;&#8212;&#8211;<\/p>\n","protected":false},"excerpt":{"rendered":"<p>Jubileumsinvigningen, som arrangeras av Lule\u00e5 kommun och Nederlule\u00e5 f\u00f6rsamling, \u00e4r det f\u00f6rsta av flera evenemang som g\u00e5r av stapeln i kyrkstaden i samband med jubileums\u00e5ret. Program f\u00f6r jubileumsinvigningen \u2013 L\u00f6rdag 28 februari kl. 10.00-16.00 10.00-11.00 Guidning av v\u00e4rldsarvet Gammelstads kyrkstad \u2013 Visitor Center. Anv\u00e4nd rabattkoden GAMMELSTAD30 vid bokning och f\u00e5 30 procents rabatt. Visningen \u00e4r [&hellip;]<\/p>\n","protected":false},"author":24,"featured_media":16381,"comment_status":"closed","ping_status":"closed","sticky":false,"template":"","format":"standard","meta":{"_acf_changed":false,"footnotes":"","_links_to":"","_links_to_target":""},"categories":[50,49],"tags":[],"class_list":{"0":"post-16380","1":"post","2":"type-post","3":"status-publish","4":"format-standard","5":"has-post-thumbnail","7":"category-lulea-kommun","8":"category-kommunen"},"featured_image_src":"https:\/\/gratistidning.com\/lulea\/wp-content\/uploads\/sites\/14\/2026\/02\/VC3A5rtLuleC3A5_Webbpuff-1024x684.jpg","blog_images":{"medium":"https:\/\/gratistidning.com\/lulea\/wp-content\/uploads\/sites\/14\/2026\/02\/VC3A5rtLuleC3A5_Webbpuff-300x200.jpg","large":"https:\/\/gratistidning.com\/lulea\/wp-content\/uploads\/sites\/14\/2026\/02\/VC3A5rtLuleC3A5_Webbpuff-1024x684.jpg"},"acf":[],"ams_acf":[],"publishpress_future_action":{"enabled":false,"date":"2026-05-08 05:07:11","action":"change-status","newStatus":"draft","terms":[],"taxonomy":"category","extraData":[]},"publishpress_future_workflow_manual_trigger":{"enabledWorkflows":[]},"_links":{"self":[{"href":"https:\/\/gratistidning.com\/lulea\/wp-json\/wp\/v2\/posts\/16380","targetHints":{"allow":["GET"]}}],"collection":[{"href":"https:\/\/gratistidning.com\/lulea\/wp-json\/wp\/v2\/posts"}],"about":[{"href":"https:\/\/gratistidning.com\/lulea\/wp-json\/wp\/v2\/types\/post"}],"author":[{"embeddable":true,"href":"https:\/\/gratistidning.com\/lulea\/wp-json\/wp\/v2\/users\/24"}],"replies":[{"embeddable":true,"href":"https:\/\/gratistidning.com\/lulea\/wp-json\/wp\/v2\/comments?post=16380"}],"version-history":[{"count":0,"href":"https:\/\/gratistidning.com\/lulea\/wp-json\/wp\/v2\/posts\/16380\/revisions"}],"wp:featuredmedia":[{"embeddable":true,"href":"https:\/\/gratistidning.com\/lulea\/wp-json\/wp\/v2\/media\/16381"}],"wp:attachment":[{"href":"https:\/\/gratistidning.com\/lulea\/wp-json\/wp\/v2\/media?parent=16380"}],"wp:term":[{"taxonomy":"category","embeddable":true,"href":"https:\/\/gratistidning.com\/lulea\/wp-json\/wp\/v2\/categories?post=16380"},{"taxonomy":"post_tag","embeddable":true,"href":"https:\/\/gratistidning.com\/lulea\/wp-json\/wp\/v2\/tags?post=16380"}],"curies":[{"name":"wp","href":"https:\/\/api.w.org\/{rel}","templated":true}]}}