{"id":17259,"date":"2026-04-27T09:05:00","date_gmt":"2026-04-27T07:05:00","guid":{"rendered":"https:\/\/gratistidning.com\/lulea\/blog\/2026\/04\/27\/svenska-bilar-vaxer-luleas-bilar-bland-de-storre\/"},"modified":"2026-04-27T09:05:00","modified_gmt":"2026-04-27T07:05:00","slug":"svenska-bilar-vaxer-luleas-bilar-bland-de-storre","status":"publish","type":"post","link":"https:\/\/gratistidning.com\/lulea\/blog\/2026\/04\/27\/svenska-bilar-vaxer-luleas-bilar-bland-de-storre\/","title":{"rendered":"Svenska bilar v\u00e4xer \u2013 Lule\u00e5s bilar bland de st\u00f6rre"},"content":{"rendered":"<div itemprop=\"articleBody\"><meta content=\"storabilar\" data-region=\"Lule\u00e5 kommun\" data-role=\"featured-image\" data-tag=\"storabilar\" data-type=\"imageFromBank\" property=\"imageFromBank\"\/><\/p>\n<p class=\"lead\">Svenska personbilar har blivit allt st\u00f6rre de senaste \u00e5ren,<br \/>\noch allra st\u00f6rst \u00e4r de i Stockholmsomr\u00e5det.<br \/>\nOch i Lule\u00e5 kommun \u00e4r genomsnittsbilen bland de st\u00f6rre i landet.<\/p>\n<p>En Volvo 240, f\u00f6r 30 \u00e5r sedan fortfarande Sveriges vanligaste bil, var ungef\u00e4r 172 centimeter bred.<br \/>\nDe senaste \u00e5rens b\u00e4sts\u00e4ljare Volvo XC60 \u00e4r som j\u00e4mf\u00f6relse 189 centimeter. Och snittbredden bland svenska bilar forts\u00e4tter \u00f6ka.<\/p>\n<p>Nu har bilarna i Lule\u00e5 passerat 185-centimetersstrecket; Bland bilar i kommunen<br \/>\ntillverkade de senaste fem \u00e5ren \u00e4r snittbredden 186,1 centimeter.<\/p>\n<p>Det har funnits en tydlig trend mot st\u00f6rre bilar i Sverige de senaste \u00e5rtiondena.<br \/>\nEn genomsnittlig bil har vuxit med ungef\u00e4r fem centimeter p\u00e5 h\u00f6jden och l\u00e4ngden,<br \/>\noch fyra centimeter p\u00e5 bredden f\u00f6r varje decennium,<br \/>\nvisar Newsworthys analys av de senaste decenniernas nybilsf\u00f6rs\u00e4ljningar. <\/p>\n<p><meta content=\"cutoff\" name=\"cutoff\"\/><\/p>\n<p>\u00c4ven om den genomsnittliga elbilen \u00e4r n\u00e5got st\u00f6rre \u00e4n fossilbilen,<br \/>\nf\u00f6rklaras storleks\u00f6kningen p\u00e5 bilflottan inte enbart av elektrifieringen.<br \/>\n\u00c4ven fossildrivna bilar har de senaste decenniet vuxit i ungef\u00e4r samma takt.<\/p>\n<p>Den genomsnittliga personbilen i Lule\u00e5 kommun (sett till hela fordonsflottan) \u00e4r nu<br \/>\n181,7 centimeter bred. Det placerar den n\u00e4stan exakt p\u00e5 riksgenomsnittet, men allts\u00e5 i toppen i l\u00e4net. <\/p>\n<p>Om vi tittar p\u00e5 bara bilar fr\u00e5n de senaste fem \u00e5ren, s\u00e5 \u00e4r genomsnittsbredden<br \/>\nf\u00f6r Lule\u00e5s nya bilar allts\u00e5<br \/>\n186,1 centimeter. Lule\u00e5 h\u00f6r med andra ord till den majoritet av kommunerna<br \/>\nd\u00e4r nya bilar i fordonsflottan \u00e4r m\u00e4rkbart bredare \u00e4n \u00e4ldre.<\/p>\n<p>Genomsnittsl\u00e4ngden f\u00f6r en personbil i Lule\u00e5 \u00e4r<br \/>\n461,4 centimeter, att j\u00e4mf\u00f6ra med 454,4 centimeter i riket,<br \/>\noch h\u00f6jden 155,6 centimeter (155,2 centimeter i riket.)<\/p>\n<h2>En cocktail av milj\u00f6- och samh\u00e4llsproblem<\/h2>\n<p>En v\u00e4xande bilflotta p\u00e5verkar b\u00e5de milj\u00f6 och samh\u00e4llet p\u00e5 flera s\u00e4tt, s\u00e4ger <strong>Anders Roth<\/strong>,<br \/>\nsom \u00e4r mobilitetsexpert vid forskningsinstitutet IVL.<br \/>\nHan pekar p\u00e5 b\u00e5de h\u00e4lso-, klimat-, s\u00e4kerhets- och stadsplaneringsproblem.<\/p>\n<p>\u2014 Vikten har betydelse f\u00f6r slitage p\u00e5 d\u00e4ck och v\u00e4gbana,<br \/>\noch f\u00f6r utsl\u00e4ppen av sm\u00e5 luftburna partiklar, fr\u00e4mst s\u00e5 kallande PM 2,5-partiklar,<br \/>\n\u00e4ven om dubbd\u00e4ck \u00e4r en st\u00f6rre bov d\u00e4r. \u00c4ven tillverkningen f\u00e5r st\u00f6rre klimatp\u00e5verkan \u2013<br \/>\ndet g\u00e5r \u00e5t st\u00f6rre batterier och mer material till en stor och tung bil.<br \/>\nDet kan skilja n\u00e4stan 100 procent i klimatp\u00e5verkan bara vid tillverkningen, s\u00e4ger Anders Roth.<\/p>\n<p>Dessutom f\u00e5r storleken i sig konsekvenser i stadsmilj\u00f6.<\/p>\n<p>\u2013 Bredare bilar tar mer plats. Till exempel b\u00f6rjar normala parkeringsplatser bli f\u00f6r sm\u00e5.<br \/>\nBilarna tar d\u00e4rmed mer av stadens yta som skulle kunna anv\u00e4ndas till annat, s\u00e4ger Anders Roth.<\/p>\n<p>Ett st\u00e4lle d\u00e4r de st\u00f6rre bilarna redan f\u00e5tt tydliga konsekvenser \u00e4r v\u00e4gf\u00e4rjorna. Enligt Trafikverket har fem av deras v\u00e4gf\u00e4rjor p\u00e5 H\u00f6n\u00f6leden, Bohus-Malm\u00f6nleden och Nord\u00f6leden i Bohusl\u00e4n och Asp\u00f6leden i Blekinge m\u00e5lats om de senaste \u00e5ren s\u00e5 att det blivit f\u00e4rre<br \/>\nbilfiler, i takt med att de gamla filbredderna inte l\u00e4ngre r\u00e4ckt till. Det inneb\u00e4r<br \/>\natt det nu ryms f\u00e4rre bilar p\u00e5 varje f\u00e4rja, \u00e4ven om g\u00e5ng- och cykelkapaciteten i geng\u00e4ld har kunnat \u00f6kas i n\u00e5gra fall.<\/p>\n<p>Anders Roth pekar ocks\u00e5 p\u00e5 s\u00e4kerhetsaspekten:<\/p>\n<p>\u2013 H\u00f6ga och tunga bilar ger flera g\u00e5nger st\u00f6rre risk f\u00f6r skador vid p\u00e5k\u00f6rning.<br \/>\nEn h\u00f6g och tung bil uppfattas som s\u00e4krare av den som k\u00f6r,<br \/>\nmen \u00e4r farligare f\u00f6r den som blir p\u00e5k\u00f6rd. Speciellt f\u00f6r oskyddade trafikanter.<\/p>\n<p>I andra europeiska l\u00e4nder har en debatt om v\u00e4xande bilar lett till mot\u00e5tg\u00e4rder.<br \/>\nS\u00e5 har till exempel Cardiff i Storbritannien, Paris, Lyon och Grenoble i Frankrike och T\u00fcbingen i Tyskland<br \/>\ndifferentierat parkeringsavgiften s\u00e5 att det \u00e4r dyrare att<br \/>\nparkera stora bilar. Norge har en delvis viktbaserad fordonsskatt, och Bryssel och flera andra st\u00e4der<br \/>\nhar inf\u00f6rt utsl\u00e4ppsbegr\u00e4nsningar som i praktiken riktar sig mot<br \/>\nfossildrivna SUV:ar.<\/p>\n<p>I Sverige lyser s\u00e5dana initiativ \u00e4nnu s\u00e5 l\u00e4nge med sin fr\u00e5nvaro.<\/p>\n<p>\u2013 Det har varit en avv\u00e4gning, tror jag, mellan milj\u00f6 och s\u00e4kerhet \u00e5 ena sidan,<br \/>\noch hur vi gynnar inhemska tillverkare som velat satsa p\u00e5 stora bilar, s\u00e4ger Anders Roth.<\/p>\n<p>\u2013 Och kanske har fr\u00e5gorna om luftkvalitet och trafiks\u00e4kerhet sjunkit undan,<br \/>\nf\u00f6r att man tror att elektrifieringen l\u00f6ser alla biltrafikens problem.<\/p>\n<figure class=\"has-table-wrapper\"><figcaption>S\u00e5 breda \u00e4r bilarna i Norrbottens l\u00e4n<\/figcaption><div class=\"table-wrapper\" style=\"overflow-x:auto; \">\n<table class=\"table responsive\">\n<thead>\n<tr>\n<th scope=\"col\">Kommun<\/th>\n<th scope=\"col\">Bredd<\/th>\n<th scope=\"col\">Nya bilar \u00e4r&#8230;<\/th>\n<\/tr>\n<\/thead>\n<tbody>\n<tr>\n<th scope=\"row\"><a href=\"https:\/\/www.newsworthy.se\/artikel\/414417\">Kalix<\/a><\/th>\n<td class=\"value\" data-title=\"Bredd\" data-value=\"1821.3701550387598\">182,1 cm<\/td>\n<td class=\"value\" data-title=\"Nya bilar \u00e4r...\" data-value=\"1866.7830985915493\">betydligt bredare<\/td>\n<\/tr>\n<tr>\n<th scope=\"row\"><a href=\"https:\/\/www.newsworthy.se\/artikel\/414609\">\u00d6verkalix<\/a><\/th>\n<td class=\"value\" data-title=\"Bredd\" data-value=\"1819.6596244131456\">182,0 cm<\/td>\n<td class=\"value\" data-title=\"Nya bilar \u00e4r...\" data-value=\"1854.0428571428572\">n\u00e5got bredare<\/td>\n<\/tr>\n<tr>\n<th scope=\"row\"><a href=\"https:\/\/www.newsworthy.se\/artikel\/414399\">G\u00e4llivare<\/a><\/th>\n<td class=\"value\" data-title=\"Bredd\" data-value=\"1819.3426363636363\">181,9 cm<\/td>\n<td class=\"value\" data-title=\"Nya bilar \u00e4r...\" data-value=\"1871.2203189604252\">betydligt bredare<\/td>\n<\/tr>\n<tr>\n<th scope=\"row\"><a href=\"https:\/\/www.newsworthy.se\/artikel\/414566\">Kiruna<\/a><\/th>\n<td class=\"value\" data-title=\"Bredd\" data-value=\"1817.6654390525707\">181,8 cm<\/td>\n<td class=\"value\" data-title=\"Nya bilar \u00e4r...\" data-value=\"1870.8346994535518\">betydligt bredare<\/td>\n<\/tr>\n<tr>\n<th scope=\"row\"><a href=\"https:\/\/www.newsworthy.se\/artikel\/414540\">Pite\u00e5<\/a><\/th>\n<td class=\"value\" data-title=\"Bredd\" data-value=\"1817.6077170418007\">181,8 cm<\/td>\n<td class=\"value\" data-title=\"Nya bilar \u00e4r...\" data-value=\"1860.2213468869122\">betydligt bredare<\/td>\n<\/tr>\n<tr>\n<th scope=\"row\"><a href=\"https:\/\/www.newsworthy.se\/artikel\/414568\">Lule\u00e5<\/a><\/th>\n<td class=\"value\" data-title=\"Bredd\" data-value=\"1817.115805168986\">181,7 cm<\/td>\n<td class=\"value\" data-title=\"Nya bilar \u00e4r...\" data-value=\"1860.9230131469856\">betydligt bredare<\/td>\n<\/tr>\n<tr>\n<th scope=\"row\"><a href=\"https:\/\/www.newsworthy.se\/artikel\/414579\">Arvidsjaur<\/a><\/th>\n<td class=\"value\" data-title=\"Bredd\" data-value=\"1816.5219275879654\">181,7 cm<\/td>\n<td class=\"value\" data-title=\"Nya bilar \u00e4r...\" data-value=\"1868.8157894736842\">betydligt bredare<\/td>\n<\/tr>\n<tr>\n<th scope=\"row\"><a href=\"https:\/\/www.newsworthy.se\/artikel\/414503\">Boden<\/a><\/th>\n<td class=\"value\" data-title=\"Bredd\" data-value=\"1815.0002348934172\">181,5 cm<\/td>\n<td class=\"value\" data-title=\"Nya bilar \u00e4r...\" data-value=\"1860.6937134502923\">betydligt bredare<\/td>\n<\/tr>\n<tr>\n<th scope=\"row\"><a href=\"https:\/\/www.newsworthy.se\/artikel\/414536\">\u00d6vertorne\u00e5<\/a><\/th>\n<td class=\"value\" data-title=\"Bredd\" data-value=\"1814.5923640570768\">181,5 cm<\/td>\n<td class=\"value\" data-title=\"Nya bilar \u00e4r...\" data-value=\"1871.8542372881357\">betydligt bredare<\/td>\n<\/tr>\n<tr>\n<th scope=\"row\"><a href=\"https:\/\/www.newsworthy.se\/artikel\/414547\">Haparanda<\/a><\/th>\n<td class=\"value\" data-title=\"Bredd\" data-value=\"1813.63639796111\">181,4 cm<\/td>\n<td class=\"value\" data-title=\"Nya bilar \u00e4r...\" data-value=\"1853.2412645590682\">n\u00e5got bredare<\/td>\n<\/tr>\n<tr>\n<th scope=\"row\"><a href=\"https:\/\/www.newsworthy.se\/artikel\/414629\">\u00c4lvsbyn<\/a><\/th>\n<td class=\"value\" data-title=\"Bredd\" data-value=\"1812.8121404483238\">181,3 cm<\/td>\n<td class=\"value\" data-title=\"Nya bilar \u00e4r...\" data-value=\"1868.6285178236399\">betydligt bredare<\/td>\n<\/tr>\n<tr>\n<th scope=\"row\"><a href=\"https:\/\/www.newsworthy.se\/artikel\/414435\">Pajala<\/a><\/th>\n<td class=\"value\" data-title=\"Bredd\" data-value=\"1811.5717391304347\">181,2 cm<\/td>\n<td class=\"value\" data-title=\"Nya bilar \u00e4r...\" data-value=\"1874.9545454545455\">betydligt bredare<\/td>\n<\/tr>\n<tr>\n<th scope=\"row\"><a href=\"https:\/\/www.newsworthy.se\/artikel\/414419\">Jokkmokk<\/a><\/th>\n<td class=\"value\" data-title=\"Bredd\" data-value=\"1811.3375661375662\">181,1 cm<\/td>\n<td class=\"value\" data-title=\"Nya bilar \u00e4r...\" data-value=\"1867.906914893617\">betydligt bredare<\/td>\n<\/tr>\n<tr>\n<th scope=\"row\"><a href=\"https:\/\/www.newsworthy.se\/artikel\/414522\">Arjeplog<\/a><\/th>\n<td class=\"value\" data-title=\"Bredd\" data-value=\"1811.2308136180034\">181,1 cm<\/td>\n<td class=\"value\" data-title=\"Nya bilar \u00e4r...\" data-value=\"1862.1776315789473\">betydligt bredare<\/td>\n<\/tr>\n<\/tbody>\n<\/table>\n<\/div>\n<div aria-hidden=\"true\" class=\"fignote\" style=\"font-size:80%;padding-top:1em;\">\n<div class=\"chart-download\" style=\"font-size:80%;\">\n<details style=\"text-align:left;\">\n<summary>Kopiera tabellen (f\u00f6r eget CMS, Datawrapper, Infogram, etc.)<\/summary>\n<div class=\"DetailsEdSlim\">\n<p>Os\u00e4ker p\u00e5 hur du kopierar en tabell? L\u00e4s mer p\u00e5 <a href=\"https:\/\/www.newsworthy.se\/kopiera-tabeller-och-grafer\">www.newsworthy.se\/kopiera-tabeller-och-grafer<\/a>.<\/p>\n<p>I vissa CMS finns ett tabellverktyg d\u00e4r du kan klistra in tabelldata direkt i tabellredigeringsverktyget (ofta som csv eller tsv).<br \/>I andra CMS m\u00e5ste du v\u00e4xla till \u201dk\u00e4llredigering\u201d, \u201dkodl\u00e4ge\u201d eller liknande, och klistra in tabellen som html.<\/p>\n<\/div>\n<\/details>\n<\/div>\n<\/div>\n<\/figure>\n<figure class=\"figchart\"><a href=\"https:\/\/d3rbgqmj1364cn.cloudfront.net\/robot-writer\/charts\/1492612445@2x.png\"><picture><source srcset=\"https:\/\/d3rbgqmj1364cn.cloudfront.net\/robot-writer\/charts\/1492612445.png_400.webp 0.5x,https:\/\/d3rbgqmj1364cn.cloudfront.net\/robot-writer\/charts\/1492612445.webp 1x,https:\/\/d3rbgqmj1364cn.cloudfront.net\/robot-writer\/charts\/1492612445@2x.webp 2x\" type=\"image\/webp\"\/><\/picture><\/a><\/figure>\n<aside class=\"Details\">\n<div class=\"Typography--article\">\n<h2 class=\"Typography--h3\">K\u00e4llor och metod<\/h2>\n<p>Uppgifter om nybilsf\u00f6rs\u00e4ljningar kommer fr\u00e5n Mobility Sweden.<br \/>\nNewsworthy har \u00f6versatt bilmodeller till m\u00e5tt, baserat p\u00e5 ett medelv\u00e4rde<br \/>\nf\u00f6r l\u00e4ngd, vikt och h\u00f6jd f\u00f6r respektive modell i den svenska fordonsflottan.<br \/>\nUppgiften \u00e4r allts\u00e5 ungef\u00e4rlig \u2013 ibland kan m\u00e5tten skilja sig avsev\u00e4rt \u00e5t<br \/>\nmellan olika varianter eller \u00e5rsmodeller av en bil.<\/p>\n<p>Uppgifterna om storlek p\u00e5 fordonsflottan i respektive kommun och l\u00e4n<br \/>\nkommer fr\u00e5n The Intelligence Company (TIC), och avser senaste tillg\u00e4ngliga<br \/>\nuppgifter i fordonsregistret (21 april 2026).<br \/>\nH\u00e4r ing\u00e5r alla bilar som klassas som personbilar,<br \/>\nvilket inkluderar sk\u00e5pbilar, pickuper och m\u00e5nga andra typiska arbetsfordon.<\/p>\n<p>I vissa kommuner \u2013 s\u00e4rskilt i storstadsomr\u00e5dena \u2013 kan det finnas<br \/>\nleasingbolag med m\u00e5nga registrerade fordon som i sj\u00e4lva verket k\u00f6rs p\u00e5 andra platser i landet.<br \/>\nDet kan p\u00e5verka siffrorna i den h\u00e4r artikeln.<\/p>\n<\/div>\n<\/aside>\n<\/div>\n<p>&#8212;&#8212;&#8212;&#8212;&#8212;&#8212;&#8212;&#8212;&#8212;&#8212;&#8212;&#8212;&#8212;&#8212;&#8212;&#8212;&#8212;&#8212;&#8212;&#8211;<br \/>\n<a href=\"https:\/\/www.newsworthy.se\/artikel\/414568?utm_campaign=rss&#038;utm_source=lule%C3%A5-kommun target=\"_blank\"\">Klicka h\u00e4r &#8211; l\u00e4nk till originalinl\u00e4gget<\/a><br \/>\n<br \/>\nK\u00e4lla: Newsworthy (Lule\u00e5)<br \/>\n&#8212;&#8212;&#8212;&#8212;&#8212;&#8212;&#8212;&#8212;&#8212;&#8212;&#8212;&#8212;&#8212;&#8212;&#8212;&#8212;&#8212;&#8212;&#8212;&#8211;<\/p>\n","protected":false},"excerpt":{"rendered":"<p>Svenska personbilar har blivit allt st\u00f6rre de senaste \u00e5ren, och allra st\u00f6rst \u00e4r de i Stockholmsomr\u00e5det. Och i Lule\u00e5 kommun \u00e4r genomsnittsbilen bland de st\u00f6rre i landet. En Volvo 240, f\u00f6r 30 \u00e5r sedan fortfarande Sveriges vanligaste bil, var ungef\u00e4r 172 centimeter bred. De senaste \u00e5rens b\u00e4sts\u00e4ljare Volvo XC60 \u00e4r som j\u00e4mf\u00f6relse 189 centimeter. Och [&hellip;]<\/p>\n","protected":false},"author":106,"featured_media":17260,"comment_status":"closed","ping_status":"closed","sticky":false,"template":"","format":"standard","meta":{"_acf_changed":false,"footnotes":"","_links_to":"","_links_to_target":""},"categories":[12],"tags":[],"class_list":{"0":"post-17259","1":"post","2":"type-post","3":"status-publish","4":"format-standard","5":"has-post-thumbnail","7":"category-allmant"},"featured_image_src":"https:\/\/gratistidning.com\/lulea\/wp-content\/uploads\/sites\/14\/2026\/04\/volvo240xc60.jpg_1200x630-1024x538.jpg","blog_images":{"medium":"https:\/\/gratistidning.com\/lulea\/wp-content\/uploads\/sites\/14\/2026\/04\/volvo240xc60.jpg_1200x630-300x158.jpg","large":"https:\/\/gratistidning.com\/lulea\/wp-content\/uploads\/sites\/14\/2026\/04\/volvo240xc60.jpg_1200x630-1024x538.jpg"},"acf":[],"ams_acf":[],"publishpress_future_action":{"enabled":false,"date":"2026-05-06 21:21:59","action":"change-status","newStatus":"draft","terms":[],"taxonomy":"category","extraData":[]},"publishpress_future_workflow_manual_trigger":{"enabledWorkflows":[]},"_links":{"self":[{"href":"https:\/\/gratistidning.com\/lulea\/wp-json\/wp\/v2\/posts\/17259","targetHints":{"allow":["GET"]}}],"collection":[{"href":"https:\/\/gratistidning.com\/lulea\/wp-json\/wp\/v2\/posts"}],"about":[{"href":"https:\/\/gratistidning.com\/lulea\/wp-json\/wp\/v2\/types\/post"}],"author":[{"embeddable":true,"href":"https:\/\/gratistidning.com\/lulea\/wp-json\/wp\/v2\/users\/106"}],"replies":[{"embeddable":true,"href":"https:\/\/gratistidning.com\/lulea\/wp-json\/wp\/v2\/comments?post=17259"}],"version-history":[{"count":0,"href":"https:\/\/gratistidning.com\/lulea\/wp-json\/wp\/v2\/posts\/17259\/revisions"}],"wp:featuredmedia":[{"embeddable":true,"href":"https:\/\/gratistidning.com\/lulea\/wp-json\/wp\/v2\/media\/17260"}],"wp:attachment":[{"href":"https:\/\/gratistidning.com\/lulea\/wp-json\/wp\/v2\/media?parent=17259"}],"wp:term":[{"taxonomy":"category","embeddable":true,"href":"https:\/\/gratistidning.com\/lulea\/wp-json\/wp\/v2\/categories?post=17259"},{"taxonomy":"post_tag","embeddable":true,"href":"https:\/\/gratistidning.com\/lulea\/wp-json\/wp\/v2\/tags?post=17259"}],"curies":[{"name":"wp","href":"https:\/\/api.w.org\/{rel}","templated":true}]}}