{"id":17271,"date":"2026-04-27T15:53:00","date_gmt":"2026-04-27T13:53:00","guid":{"rendered":"https:\/\/gratistidning.com\/lulea\/blog\/2026\/04\/27\/tillvaxtdagen-i-lulea-fokus-pa-kompetens-tillvaxt-och-regionala-skillnader\/"},"modified":"2026-04-27T15:53:00","modified_gmt":"2026-04-27T13:53:00","slug":"tillvaxtdagen-i-lulea-fokus-pa-kompetens-tillvaxt-och-regionala-skillnader","status":"publish","type":"post","link":"https:\/\/gratistidning.com\/lulea\/blog\/2026\/04\/27\/tillvaxtdagen-i-lulea-fokus-pa-kompetens-tillvaxt-och-regionala-skillnader\/","title":{"rendered":"Tillv\u00e4xtdagen i Lule\u00e5: fokus p\u00e5 kompetens, tillv\u00e4xt och regionala skillnader"},"content":{"rendered":"<p><\/p>\n<div>\n<p class=\"normal\">\u00a0<\/p>\n<h2 class=\"subheading\" id=\"h-Samtalpahognivaomsamarbeteochstodtillkommunerna\">Samtal p\u00e5 h\u00f6g niv\u00e5 om samarbete och st\u00f6d till kommunerna<\/h2>\n<p class=\"normal\">Mikael Damberg (S), ekonomisk\u2011politisk talesperson och riksdagsledamot, deltog i Tillv\u00e4xtdagen i Lule\u00e5 arrangerad av Svenskt N\u00e4ringsliv. Hans talade fr\u00e4mst om tillst\u00e5ndsprocesser, investeringar och balansen mellan tillv\u00e4xt och r\u00e4ttss\u00e4kerhet.<\/p>\n<p class=\"normal\">Damberg konstaterade att l\u00e5nga och komplicerade tillst\u00e5ndsprocesser \u00e4r ett verkligt hinder f\u00f6r investeringar och tillv\u00e4xt.<\/p>\n<p class=\"normal\">Energi- och n\u00e4ringsminister Ebba Busch uttalade sig om behovet av kortare tillst\u00e5ndsprocesser, tydligare ansvarsf\u00f6rdelning mellan stat och n\u00e4ringsliv samt elf\u00f6rs\u00f6rjningens betydelse f\u00f6r investeringar i norra Sverige.<\/p>\n<p class=\"normal\">I samband med Tillv\u00e4xtdagen f\u00f6rdes ocks\u00e5 samtal p\u00e5 h\u00f6g niv\u00e5 om hur samverkan kan st\u00e4rkas.<\/p>\n<p>Carina Sammeli:<\/p>\n<p class=\"normal\">\u2013 Jag pratade med Ebba Busch om samarbeten, Lule\u00e5 hamn och om hur vi kan hj\u00e4lpas \u00e5t, inte minst n\u00e4r det g\u00e4ller st\u00f6d till kommunerna. Vi har ett v\u00e4l fungerande n\u00e4ringsliv, men som kommun beh\u00f6ver vi steppa upp f\u00f6r att \u00e4nnu b\u00e4ttre m\u00f6ta n\u00e4ringslivets behov, det vet vi och vi g\u00f6r m\u00e5nga f\u00f6r\u00e4ndringar i kommunens arbetss\u00e4tt med mera.<\/p>\n<p class=\"normal\">H\u00e4r lyfter hon kommunens roll i att anpassa organisation och arbetss\u00e4tt till en snabbt f\u00f6r\u00e4nderlig verklighet.<\/p>\n<h2 class=\"subheading\" id=\"h-sv-default-anchor\">Olika utg\u00e5ngsl\u00e4gen i olika delar av landet<\/h2>\n<p class=\"normal\">Carina Sammeli framh\u00e5ller att nationella l\u00f6sningar inte alltid passar alla regioner.<\/p>\n<p class=\"normal\">\u2013 Det \u00e4r viktigt att de f\u00f6rst\u00e5r att vi har ett annat utg\u00e5ngsl\u00e4ge h\u00e4r, inte minst n\u00e4r det g\u00e4ller kompetensf\u00f6rs\u00f6rjning. S\u00f6dra Sverige brottas med arbetsl\u00f6shet, medan vi f\u00f6rs\u00f6ker hitta arbetskraft. Det kr\u00e4vs en annan politik f\u00f6r det som h\u00e4nder h\u00e4r j\u00e4mf\u00f6rt med det som sker exempelvis i Sk\u00e5ne.<\/p>\n<p>\u2013 Nationell politik beh\u00f6ver ta st\u00f6rre h\u00e4nsyn till regionala f\u00f6ruts\u00e4ttningar.<\/p>\n<\/div>\n<p>&#8212;&#8212;&#8212;&#8212;&#8212;&#8212;&#8212;&#8212;&#8212;&#8212;&#8212;&#8212;&#8212;&#8212;&#8212;&#8212;&#8212;&#8212;&#8212;&#8211;<br \/>\n<a href=\"https:\/\/vartlulea.se\/arkiv\/aktuellt\/tillvaxtdageniluleafokuspakompetenstillvaxtochregionalaskillnader.5.1d9d656019d90a6db6473c0.html\" target=\"_blank\">Klicka h\u00e4r &#8211; l\u00e4nk till originalinl\u00e4gget<\/a><br \/>\n<br \/>\nK\u00e4lla: Lule\u00e5 kommun \/ V\u00e5rt Lule\u00e5<br \/>\n&#8212;&#8212;&#8212;&#8212;&#8212;&#8212;&#8212;&#8212;&#8212;&#8212;&#8212;&#8212;&#8212;&#8212;&#8212;&#8212;&#8212;&#8212;&#8212;&#8211;<\/p>\n","protected":false},"excerpt":{"rendered":"<p>\u00a0 Samtal p\u00e5 h\u00f6g niv\u00e5 om samarbete och st\u00f6d till kommunerna Mikael Damberg (S), ekonomisk\u2011politisk talesperson och riksdagsledamot, deltog i Tillv\u00e4xtdagen i Lule\u00e5 arrangerad av Svenskt N\u00e4ringsliv. Hans talade fr\u00e4mst om tillst\u00e5ndsprocesser, investeringar och balansen mellan tillv\u00e4xt och r\u00e4ttss\u00e4kerhet. Damberg konstaterade att l\u00e5nga och komplicerade tillst\u00e5ndsprocesser \u00e4r ett verkligt hinder f\u00f6r investeringar och tillv\u00e4xt. Energi- [&hellip;]<\/p>\n","protected":false},"author":24,"featured_media":17272,"comment_status":"closed","ping_status":"closed","sticky":false,"template":"","format":"standard","meta":{"_acf_changed":false,"footnotes":"","_links_to":"","_links_to_target":""},"categories":[50,49],"tags":[],"class_list":{"0":"post-17271","1":"post","2":"type-post","3":"status-publish","4":"format-standard","5":"has-post-thumbnail","7":"category-lulea-kommun","8":"category-kommunen"},"featured_image_src":"https:\/\/gratistidning.com\/lulea\/wp-content\/uploads\/sites\/14\/2026\/04\/gruppbild20TillvC3A4xtdagarna-1024x951.jpg","blog_images":{"medium":"https:\/\/gratistidning.com\/lulea\/wp-content\/uploads\/sites\/14\/2026\/04\/gruppbild20TillvC3A4xtdagarna-300x279.jpg","large":"https:\/\/gratistidning.com\/lulea\/wp-content\/uploads\/sites\/14\/2026\/04\/gruppbild20TillvC3A4xtdagarna-1024x951.jpg"},"acf":[],"ams_acf":[],"publishpress_future_action":{"enabled":false,"date":"2026-05-06 21:22:00","action":"change-status","newStatus":"draft","terms":[],"taxonomy":"category","extraData":[]},"publishpress_future_workflow_manual_trigger":{"enabledWorkflows":[]},"_links":{"self":[{"href":"https:\/\/gratistidning.com\/lulea\/wp-json\/wp\/v2\/posts\/17271","targetHints":{"allow":["GET"]}}],"collection":[{"href":"https:\/\/gratistidning.com\/lulea\/wp-json\/wp\/v2\/posts"}],"about":[{"href":"https:\/\/gratistidning.com\/lulea\/wp-json\/wp\/v2\/types\/post"}],"author":[{"embeddable":true,"href":"https:\/\/gratistidning.com\/lulea\/wp-json\/wp\/v2\/users\/24"}],"replies":[{"embeddable":true,"href":"https:\/\/gratistidning.com\/lulea\/wp-json\/wp\/v2\/comments?post=17271"}],"version-history":[{"count":0,"href":"https:\/\/gratistidning.com\/lulea\/wp-json\/wp\/v2\/posts\/17271\/revisions"}],"wp:featuredmedia":[{"embeddable":true,"href":"https:\/\/gratistidning.com\/lulea\/wp-json\/wp\/v2\/media\/17272"}],"wp:attachment":[{"href":"https:\/\/gratistidning.com\/lulea\/wp-json\/wp\/v2\/media?parent=17271"}],"wp:term":[{"taxonomy":"category","embeddable":true,"href":"https:\/\/gratistidning.com\/lulea\/wp-json\/wp\/v2\/categories?post=17271"},{"taxonomy":"post_tag","embeddable":true,"href":"https:\/\/gratistidning.com\/lulea\/wp-json\/wp\/v2\/tags?post=17271"}],"curies":[{"name":"wp","href":"https:\/\/api.w.org\/{rel}","templated":true}]}}