{"id":17286,"date":"2026-04-29T09:37:00","date_gmt":"2026-04-29T07:37:00","guid":{"rendered":"https:\/\/gratistidning.com\/lulea\/blog\/2026\/04\/29\/finalisterna-till-galarens-kultur-och-samhallsbyggnadspris-2026\/"},"modified":"2026-04-29T09:37:00","modified_gmt":"2026-04-29T07:37:00","slug":"finalisterna-till-galarens-kultur-och-samhallsbyggnadspris-2026","status":"publish","type":"post","link":"https:\/\/gratistidning.com\/lulea\/blog\/2026\/04\/29\/finalisterna-till-galarens-kultur-och-samhallsbyggnadspris-2026\/","title":{"rendered":"Finalisterna till Gal\u00e4rens kultur- och samh\u00e4llsbyggnadspris 2026"},"content":{"rendered":"<div>\n<p>\t\t\t\t\t\t<!-- \tToppbild --><\/p>\n<div class=\"main-article-image\">\n\t\t\t\t\t\t\t\t<img width=\"1024\" height=\"612\" src=\"https:\/\/galaren.se\/wp-content\/uploads\/2026\/04\/finalister-galarens-kultur-och-samhallsbyggnadspris-2026.jpg\" class=\"attachment-large size-large wp-post-image\" alt=\"Finalisterna till Gal\u00e4rens kultur- och samh\u00e4llsbyggnadspris 2026\" decoding=\"async\" fetchpriority=\"high\" srcset=\"https:\/\/galaren.se\/wp-content\/uploads\/2026\/04\/finalister-galarens-kultur-och-samhallsbyggnadspris-2026.jpg 1024w, https:\/\/galaren.se\/wp-content\/uploads\/2026\/04\/finalister-galarens-kultur-och-samhallsbyggnadspris-2026-300x179.jpg 300w, https:\/\/galaren.se\/wp-content\/uploads\/2026\/04\/finalister-galarens-kultur-och-samhallsbyggnadspris-2026-768x459.jpg 768w, https:\/\/galaren.se\/wp-content\/uploads\/2026\/04\/finalister-galarens-kultur-och-samhallsbyggnadspris-2026-1000x598.jpg 1000w, https:\/\/galaren.se\/wp-content\/uploads\/2026\/04\/finalister-galarens-kultur-och-samhallsbyggnadspris-2026-500x299.jpg 500w\" sizes=\"(max-width: 1024px) 100vw, 1024px\" data-eio=\"l\"\/>\t\t\t\t\t\t\t<\/div>\n<p>\t\t\t\t\t\t<!-- \/ .Toppbild --><\/p>\n<p>2026-04-29<\/p>\n<p>Gal\u00e4rens kultur- och samh\u00e4llsbyggnadspris 2026 hyllar kulturen. Och nu \u00e4r finalisterna till \u00e5rets pris klara.<\/p>\n<p>Finalisterna \u00e4r:<\/p>\n<p>Vi gratulerar samtliga finalister!<\/p>\n<p>L\u00e4s g\u00e4rna mer om Gal\u00e4rens kultur- och samh\u00e4llsbyggnadspris 2026 och \u00e5rets jury <strong><a href=\"https:\/\/galaren.se\/nyheter\/i-ar-hyllar-vart-pris-kulturen\/\">h\u00e4r<\/a><\/strong>.<\/p>\n<p>Vinnaren kommer att tillk\u00e4nnages under Lule\u00e5 Business Awards galakv\u00e4ll den 29 maj i Lule\u00e5 Energi Arena, och priset delas ut av oss p\u00e5 Gal\u00e4ren.<\/p>\n<\/p><\/div>\n<p>&#8212;&#8212;&#8212;&#8212;&#8212;&#8212;&#8212;&#8212;&#8212;&#8212;&#8212;&#8212;&#8212;&#8212;&#8212;&#8212;&#8212;&#8212;&#8212;&#8211;<br \/>\n<a href=\"https:\/\/galaren.se\/nyheter\/finalisterna-till-galarens-kultur-och-samhallsbyggnadspris-2026\/ target=\"_blank\"\">Klicka h\u00e4r &#8211; l\u00e4nk till originalinl\u00e4gget<\/a><br \/>\n<br \/>\nK\u00e4lla: Gal\u00e4ren Lule\u00e5<br \/>\n&#8212;&#8212;&#8212;&#8212;&#8212;&#8212;&#8212;&#8212;&#8212;&#8212;&#8212;&#8212;&#8212;&#8212;&#8212;&#8212;&#8212;&#8212;&#8212;&#8211;<\/p>\n","protected":false},"excerpt":{"rendered":"<p>2026-04-29 Gal\u00e4rens kultur- och samh\u00e4llsbyggnadspris 2026 hyllar kulturen. Och nu \u00e4r finalisterna till \u00e5rets pris klara. Finalisterna \u00e4r: Vi gratulerar samtliga finalister! L\u00e4s g\u00e4rna mer om Gal\u00e4rens kultur- och samh\u00e4llsbyggnadspris 2026 och \u00e5rets jury h\u00e4r. Vinnaren kommer att tillk\u00e4nnages under Lule\u00e5 Business Awards galakv\u00e4ll den 29 maj i Lule\u00e5 Energi Arena, och priset delas ut [&hellip;]<\/p>\n","protected":false},"author":92,"featured_media":17287,"comment_status":"closed","ping_status":"closed","sticky":false,"template":"","format":"standard","meta":{"_acf_changed":false,"footnotes":"","_links_to":"","_links_to_target":""},"categories":[117,14],"tags":[],"class_list":{"0":"post-17286","1":"post","2":"type-post","3":"status-publish","4":"format-standard","5":"has-post-thumbnail","7":"category-galaren","8":"category-naringsliv"},"featured_image_src":"https:\/\/gratistidning.com\/lulea\/wp-content\/uploads\/sites\/14\/2026\/04\/finalister-galarens-kultur-och-samhallsbyggnadspris-2026.jpg","blog_images":{"medium":"https:\/\/gratistidning.com\/lulea\/wp-content\/uploads\/sites\/14\/2026\/04\/finalister-galarens-kultur-och-samhallsbyggnadspris-2026-300x179.jpg","large":"https:\/\/gratistidning.com\/lulea\/wp-content\/uploads\/sites\/14\/2026\/04\/finalister-galarens-kultur-och-samhallsbyggnadspris-2026.jpg"},"acf":[],"ams_acf":[],"publishpress_future_action":{"enabled":false,"date":"2026-05-06 20:16:54","action":"change-status","newStatus":"draft","terms":[],"taxonomy":"category","extraData":[]},"publishpress_future_workflow_manual_trigger":{"enabledWorkflows":[]},"_links":{"self":[{"href":"https:\/\/gratistidning.com\/lulea\/wp-json\/wp\/v2\/posts\/17286","targetHints":{"allow":["GET"]}}],"collection":[{"href":"https:\/\/gratistidning.com\/lulea\/wp-json\/wp\/v2\/posts"}],"about":[{"href":"https:\/\/gratistidning.com\/lulea\/wp-json\/wp\/v2\/types\/post"}],"author":[{"embeddable":true,"href":"https:\/\/gratistidning.com\/lulea\/wp-json\/wp\/v2\/users\/92"}],"replies":[{"embeddable":true,"href":"https:\/\/gratistidning.com\/lulea\/wp-json\/wp\/v2\/comments?post=17286"}],"version-history":[{"count":0,"href":"https:\/\/gratistidning.com\/lulea\/wp-json\/wp\/v2\/posts\/17286\/revisions"}],"wp:featuredmedia":[{"embeddable":true,"href":"https:\/\/gratistidning.com\/lulea\/wp-json\/wp\/v2\/media\/17287"}],"wp:attachment":[{"href":"https:\/\/gratistidning.com\/lulea\/wp-json\/wp\/v2\/media?parent=17286"}],"wp:term":[{"taxonomy":"category","embeddable":true,"href":"https:\/\/gratistidning.com\/lulea\/wp-json\/wp\/v2\/categories?post=17286"},{"taxonomy":"post_tag","embeddable":true,"href":"https:\/\/gratistidning.com\/lulea\/wp-json\/wp\/v2\/tags?post=17286"}],"curies":[{"name":"wp","href":"https:\/\/api.w.org\/{rel}","templated":true}]}}