{"id":17288,"date":"2026-04-29T11:30:00","date_gmt":"2026-04-29T09:30:00","guid":{"rendered":"https:\/\/gratistidning.com\/lulea\/blog\/2026\/04\/29\/tidig-var-mojliggor-start-for-arets-gatuarbeten\/"},"modified":"2026-04-29T11:30:00","modified_gmt":"2026-04-29T09:30:00","slug":"tidig-var-mojliggor-start-for-arets-gatuarbeten","status":"publish","type":"post","link":"https:\/\/gratistidning.com\/lulea\/blog\/2026\/04\/29\/tidig-var-mojliggor-start-for-arets-gatuarbeten\/","title":{"rendered":"Tidig v\u00e5r m\u00f6jligg\u00f6r start f\u00f6r \u00e5rets gatuarbeten"},"content":{"rendered":"<p><\/p>\n<div>\n<p class=\"normal\">I h\u00f6jd med infart mot Scania, l\u00e4ngs Bj\u00f6rkskataleden, byggs korsningen om till cykel\u00f6verfart f\u00f6r att s\u00e4kra trafikmilj\u00f6n f\u00f6r fotg\u00e4ngare och cyklister, &#8211; Det inneb\u00e4r att det blir en upph\u00f6jd passage som g\u00f6r att farten f\u00f6r bilisterna d\u00e4mpas<strong>, <\/strong>s\u00e4ger Frida Savilahti som projektleder arbetena med g\u00e5ng- och cykelv\u00e4gar.<\/p>\n<p class=\"normal\">Frida Savilahtis team ska \u00e4ven arbeta p\u00e5 Pors\u00f6n, d\u00e5 l\u00e4ngs Universitetsv\u00e4gen och del av Assistentv\u00e4gen som g\u00e5r mellan bostadshusen ned mot strandpromenaden.<\/p>\n<p class=\"normal\">P\u00e5 Herts\u00f6n \u00e4r det en del av Herts\u00f6str\u00e5ket, nedanf\u00f6r den nya Herts\u00f6skolan, som ska f\u00e5 en uppfr\u00e4schning och d\u00e4r breddas \u00e4ven g\u00e5ng- och cykelv\u00e4gen.<\/p>\n<p class=\"normal\">En del av cykelv\u00e4gen mellan Bergn\u00e4set och Kallax rustas. Vid Malmuddsv\u00e4gen och korsningen vid V\u00e4stra Brogatan byggs \u00f6verg\u00e5ngsst\u00e4llet om f\u00f6r en s\u00e4krare framkomlighet,<\/p>\n<p class=\"normal\">Liknande arbete g\u00f6rs vi \u00f6verg\u00e5ngst\u00e4llet vid bussh\u00e5llplatserna p\u00e5 nya Brogatan, p\u00e5 v\u00e4stra Skurholmssidan, men d\u00e5 \u00e4r det renovering av befintlig \u00f6verfart som g\u00e4ller.<\/p>\n<\/div>\n<p>&#8212;&#8212;&#8212;&#8212;&#8212;&#8212;&#8212;&#8212;&#8212;&#8212;&#8212;&#8212;&#8212;&#8212;&#8212;&#8212;&#8212;&#8212;&#8212;&#8211;<br \/>\n<a href=\"https:\/\/vartlulea.se\/arkiv\/aktuellt\/tidigvarmojliggorstartforaretsgatuarbeten.5.1d9d656019d90a6db647739.html\" target=\"_blank\">Klicka h\u00e4r &#8211; l\u00e4nk till originalinl\u00e4gget<\/a><br \/>\n<br \/>\nK\u00e4lla: Lule\u00e5 kommun \/ V\u00e5rt Lule\u00e5<br \/>\n&#8212;&#8212;&#8212;&#8212;&#8212;&#8212;&#8212;&#8212;&#8212;&#8212;&#8212;&#8212;&#8212;&#8212;&#8212;&#8212;&#8212;&#8212;&#8212;&#8211;<\/p>\n","protected":false},"excerpt":{"rendered":"<p>I h\u00f6jd med infart mot Scania, l\u00e4ngs Bj\u00f6rkskataleden, byggs korsningen om till cykel\u00f6verfart f\u00f6r att s\u00e4kra trafikmilj\u00f6n f\u00f6r fotg\u00e4ngare och cyklister, &#8211; Det inneb\u00e4r att det blir en upph\u00f6jd passage som g\u00f6r att farten f\u00f6r bilisterna d\u00e4mpas, s\u00e4ger Frida Savilahti som projektleder arbetena med g\u00e5ng- och cykelv\u00e4gar. Frida Savilahtis team ska \u00e4ven arbeta p\u00e5 Pors\u00f6n, [&hellip;]<\/p>\n","protected":false},"author":24,"featured_media":17289,"comment_status":"closed","ping_status":"closed","sticky":false,"template":"","format":"standard","meta":{"_acf_changed":false,"footnotes":"","_links_to":"","_links_to_target":""},"categories":[50,49],"tags":[],"class_list":{"0":"post-17288","1":"post","2":"type-post","3":"status-publish","4":"format-standard","5":"has-post-thumbnail","7":"category-lulea-kommun","8":"category-kommunen"},"featured_image_src":"https:\/\/gratistidning.com\/lulea\/wp-content\/uploads\/sites\/14\/2026\/04\/till20vl20xs-1024x768.jpg","blog_images":{"medium":"https:\/\/gratistidning.com\/lulea\/wp-content\/uploads\/sites\/14\/2026\/04\/till20vl20xs-300x225.jpg","large":"https:\/\/gratistidning.com\/lulea\/wp-content\/uploads\/sites\/14\/2026\/04\/till20vl20xs-1024x768.jpg"},"acf":[],"ams_acf":[],"publishpress_future_action":{"enabled":false,"date":"2026-05-06 20:04:03","action":"change-status","newStatus":"draft","terms":[],"taxonomy":"category","extraData":[]},"publishpress_future_workflow_manual_trigger":{"enabledWorkflows":[]},"_links":{"self":[{"href":"https:\/\/gratistidning.com\/lulea\/wp-json\/wp\/v2\/posts\/17288","targetHints":{"allow":["GET"]}}],"collection":[{"href":"https:\/\/gratistidning.com\/lulea\/wp-json\/wp\/v2\/posts"}],"about":[{"href":"https:\/\/gratistidning.com\/lulea\/wp-json\/wp\/v2\/types\/post"}],"author":[{"embeddable":true,"href":"https:\/\/gratistidning.com\/lulea\/wp-json\/wp\/v2\/users\/24"}],"replies":[{"embeddable":true,"href":"https:\/\/gratistidning.com\/lulea\/wp-json\/wp\/v2\/comments?post=17288"}],"version-history":[{"count":0,"href":"https:\/\/gratistidning.com\/lulea\/wp-json\/wp\/v2\/posts\/17288\/revisions"}],"wp:featuredmedia":[{"embeddable":true,"href":"https:\/\/gratistidning.com\/lulea\/wp-json\/wp\/v2\/media\/17289"}],"wp:attachment":[{"href":"https:\/\/gratistidning.com\/lulea\/wp-json\/wp\/v2\/media?parent=17288"}],"wp:term":[{"taxonomy":"category","embeddable":true,"href":"https:\/\/gratistidning.com\/lulea\/wp-json\/wp\/v2\/categories?post=17288"},{"taxonomy":"post_tag","embeddable":true,"href":"https:\/\/gratistidning.com\/lulea\/wp-json\/wp\/v2\/tags?post=17288"}],"curies":[{"name":"wp","href":"https:\/\/api.w.org\/{rel}","templated":true}]}}