{"id":17292,"date":"2026-04-30T10:12:00","date_gmt":"2026-04-30T08:12:00","guid":{"rendered":"https:\/\/gratistidning.com\/lulea\/blog\/2026\/04\/30\/skolan-i-lulea-far-ny-verksamhetschef-pa-resurscentrum\/"},"modified":"2026-04-30T10:12:00","modified_gmt":"2026-04-30T08:12:00","slug":"skolan-i-lulea-far-ny-verksamhetschef-pa-resurscentrum","status":"publish","type":"post","link":"https:\/\/gratistidning.com\/lulea\/blog\/2026\/04\/30\/skolan-i-lulea-far-ny-verksamhetschef-pa-resurscentrum\/","title":{"rendered":"Skolan i Lule\u00e5 f\u00e5r ny verksamhetschef p\u00e5 Resurscentrum"},"content":{"rendered":"<p><\/p>\n<div>\n<p class=\"normal\">Resurscentrum, p\u00e5 arbetsmarknads- och utbildningsf\u00f6rvaltningen vid Lule\u00e5 kommun, har flera olika verksamheter som alla \u00e4r ganska olika till sin natur men med ett gemensamt uppdrag att vara st\u00f6d f\u00f6r de olika skolformerna. D\u00e4r ing\u00e5r verksamheter som skolm\u00e5ltider, elevh\u00e4lsa, modersm\u00e5l och flerspr\u00e5kighet samt Kulturskolan.<\/p>\n<p>\u2013 Jag ser fram emot att skapa goda f\u00f6ruts\u00e4ttningar f\u00f6r att barn och elever ska ha en tillg\u00e4nglig elevh\u00e4lsa, f\u00e5r h\u00e4lsosam god mat som \u00e4r ekologiskt h\u00e5llbar och en modersm\u00e5lsundervisning av h\u00f6g kvalitet. En tillg\u00e4nglig Kulturskola \u00e4r viktig f\u00f6r barn och unga, och den \u00e4r ocks\u00e5 en grund f\u00f6r ett kreativt och levande Lule\u00e5, s\u00e4ger Frida M\u00f6rtlund.<\/p>\n<p class=\"normal\">Innan tj\u00e4nsten som h\u00e5llbarhetschef p\u00e5 Region Norrbotten var hon avdelningschef f\u00f6r kansliet p\u00e5 arbetsmarknads-och utbildningsf\u00f6rvaltningen. Hon har erfarenhet av styrning p\u00e5 statlig, kommunal och regional niv\u00e5, samt har arbetat med barnr\u00e4tt, j\u00e4mlik h\u00e4lsa, nationella minoriteter och j\u00e4mst\u00e4lldhet.<\/p>\n<p class=\"normal\">\u2013 Min ambition och f\u00f6rhoppning \u00e4r att forts\u00e4tta skapa bra f\u00f6ruts\u00e4ttningar f\u00f6r det goda arbete som p\u00e5g\u00e5r i Resurscentrum. Det finns otroligt mycket kompetens och driv hos medarbetarna, och jag ser fram emot att jobba vidare tillsammans s\u00e5 att verksamheterna forts\u00e4tter att utvecklas med barn och elevers b\u00e4sta i fokus, s\u00e4ger Frida M\u00f6rtlund.<\/p>\n<p class=\"normal\">Maarit Enbuske, arbetsmarknads- och utbildningsdirekt\u00f6r, \u00e4r mycket n\u00f6jd med rekryteringen.<\/p>\n<p class=\"normal\">\u2013 Frida M\u00f6rtlund \u00e4r en ledare som brinner f\u00f6r barn och elevers b\u00e4sta. Hon \u00e4r en transparent och inlyssnande ledare som har stor tillit till medarbetarnas kompetens, och \u00e4ven vana av att leda specialister, s\u00e4ger Maarit Enbuske.<\/p>\n<\/div>\n<p>&#8212;&#8212;&#8212;&#8212;&#8212;&#8212;&#8212;&#8212;&#8212;&#8212;&#8212;&#8212;&#8212;&#8212;&#8212;&#8212;&#8212;&#8212;&#8212;&#8211;<br \/>\n<a href=\"https:\/\/vartlulea.se\/arkiv\/aktuellt\/skolaniluleafarnyverksamhetschefparesurscentrum.5.1d9d656019d90a6db64938b.html\" target=\"_blank\">Klicka h\u00e4r &#8211; l\u00e4nk till originalinl\u00e4gget<\/a><br \/>\n<br \/>\nK\u00e4lla: Lule\u00e5 kommun \/ V\u00e5rt Lule\u00e5<br \/>\n&#8212;&#8212;&#8212;&#8212;&#8212;&#8212;&#8212;&#8212;&#8212;&#8212;&#8212;&#8212;&#8212;&#8212;&#8212;&#8212;&#8212;&#8212;&#8212;&#8211;<\/p>\n","protected":false},"excerpt":{"rendered":"<p>Resurscentrum, p\u00e5 arbetsmarknads- och utbildningsf\u00f6rvaltningen vid Lule\u00e5 kommun, har flera olika verksamheter som alla \u00e4r ganska olika till sin natur men med ett gemensamt uppdrag att vara st\u00f6d f\u00f6r de olika skolformerna. D\u00e4r ing\u00e5r verksamheter som skolm\u00e5ltider, elevh\u00e4lsa, modersm\u00e5l och flerspr\u00e5kighet samt Kulturskolan. \u2013 Jag ser fram emot att skapa goda f\u00f6ruts\u00e4ttningar f\u00f6r att barn [&hellip;]<\/p>\n","protected":false},"author":24,"featured_media":17293,"comment_status":"closed","ping_status":"closed","sticky":false,"template":"","format":"standard","meta":{"_acf_changed":false,"footnotes":"","_links_to":"","_links_to_target":""},"categories":[50,49],"tags":[],"class_list":{"0":"post-17292","1":"post","2":"type-post","3":"status-publish","4":"format-standard","5":"has-post-thumbnail","7":"category-lulea-kommun","8":"category-kommunen"},"featured_image_src":"https:\/\/gratistidning.com\/lulea\/wp-content\/uploads\/sites\/14\/2026\/04\/Frida20Mortlund_verksamhetschef_Resurscentrum-1024x660.jpg","blog_images":{"medium":"https:\/\/gratistidning.com\/lulea\/wp-content\/uploads\/sites\/14\/2026\/04\/Frida20Mortlund_verksamhetschef_Resurscentrum-300x193.jpg","large":"https:\/\/gratistidning.com\/lulea\/wp-content\/uploads\/sites\/14\/2026\/04\/Frida20Mortlund_verksamhetschef_Resurscentrum-1024x660.jpg"},"acf":[],"ams_acf":[],"publishpress_future_action":{"enabled":false,"date":"2026-05-07 13:47:27","action":"change-status","newStatus":"draft","terms":[],"taxonomy":"category","extraData":[]},"publishpress_future_workflow_manual_trigger":{"enabledWorkflows":[]},"_links":{"self":[{"href":"https:\/\/gratistidning.com\/lulea\/wp-json\/wp\/v2\/posts\/17292","targetHints":{"allow":["GET"]}}],"collection":[{"href":"https:\/\/gratistidning.com\/lulea\/wp-json\/wp\/v2\/posts"}],"about":[{"href":"https:\/\/gratistidning.com\/lulea\/wp-json\/wp\/v2\/types\/post"}],"author":[{"embeddable":true,"href":"https:\/\/gratistidning.com\/lulea\/wp-json\/wp\/v2\/users\/24"}],"replies":[{"embeddable":true,"href":"https:\/\/gratistidning.com\/lulea\/wp-json\/wp\/v2\/comments?post=17292"}],"version-history":[{"count":0,"href":"https:\/\/gratistidning.com\/lulea\/wp-json\/wp\/v2\/posts\/17292\/revisions"}],"wp:featuredmedia":[{"embeddable":true,"href":"https:\/\/gratistidning.com\/lulea\/wp-json\/wp\/v2\/media\/17293"}],"wp:attachment":[{"href":"https:\/\/gratistidning.com\/lulea\/wp-json\/wp\/v2\/media?parent=17292"}],"wp:term":[{"taxonomy":"category","embeddable":true,"href":"https:\/\/gratistidning.com\/lulea\/wp-json\/wp\/v2\/categories?post=17292"},{"taxonomy":"post_tag","embeddable":true,"href":"https:\/\/gratistidning.com\/lulea\/wp-json\/wp\/v2\/tags?post=17292"}],"curies":[{"name":"wp","href":"https:\/\/api.w.org\/{rel}","templated":true}]}}