{"id":17295,"date":"2026-04-30T12:00:00","date_gmt":"2026-04-30T10:00:00","guid":{"rendered":"https:\/\/gratistidning.com\/lulea\/blog\/2026\/04\/30\/arbetslivet-som-hela-skolans-ansvar-en-ny-riktning-for-vuxenutbildningen-i-lulea\/"},"modified":"2026-04-30T12:00:00","modified_gmt":"2026-04-30T10:00:00","slug":"arbetslivet-som-hela-skolans-ansvar-en-ny-riktning-for-vuxenutbildningen-i-lulea","status":"publish","type":"post","link":"https:\/\/gratistidning.com\/lulea\/blog\/2026\/04\/30\/arbetslivet-som-hela-skolans-ansvar-en-ny-riktning-for-vuxenutbildningen-i-lulea\/","title":{"rendered":"Arbetslivet som hela skolans ansvar \u2013 en ny riktning f\u00f6r Vuxenutbildningen i Lule\u00e5"},"content":{"rendered":"<p><\/p>\n<div>\n<p class=\"normal\">Bakom satsningen st\u00e5r en processgrupp av teamledare samt B\u00f6rje Lindqvist och Janita Nilsson fr\u00e5n Vuxenutbildningen i Lule\u00e5, som tillsammans leder arbetet med att utveckla det som kallas ASHSA \u2013 Arbetsliv som hela skolans ansvar.<\/p>\n<h2 class=\"subheading\" id=\"h-Franidetillforskningsbaseratutvecklingsarbete\">Fr\u00e5n id\u00e9 till forskningsbaserat utvecklingsarbete<\/h2>\n<p class=\"normal\">Projektet har sin grund i en nationell satsning d\u00e4r L\u00e4rarh\u00f6gskolan vid Ume\u00e5 universitet utlyste samverkanscheckar inom ramen f\u00f6r ULF \u2013 Utbildning, L\u00e4rande, Forskning. Syftet var att st\u00e4rka samarbetet mellan skola och akademi och skapa nya milj\u00f6er f\u00f6r praktikn\u00e4ra forskning.<\/p>\n<p class=\"normal\">Av flera ans\u00f6kningar valdes projektet i Lule\u00e5 ut som ett av de mest relevanta och genomf\u00f6rbara. Med st\u00f6d p\u00e5 240 000 kronor fram till 2027 f\u00e5r initiativet nu m\u00f6jlighet att utvecklas i n\u00e4ra samarbete med forskare vid Ume\u00e5 universitet.<\/p>\n<h2 class=\"subheading\" id=\"h-Etthelhetsgrepppaarbetslivskunskap\">Ett helhetsgrepp p\u00e5 arbetslivskunskap<\/h2>\n<p class=\"normal\">K\u00e4rnan i projektet \u00e4r att arbetslivsperspektivet inte ska vara ett isolerat inslag, utan genomsyra hela utbildningen \u2013 fr\u00e5n organisation till undervisning i klassrummet.<\/p>\n<p class=\"normal\">Det handlar om att:<\/p>\n<ul class=\" env-text-list normal\">\n<li>integrera arbetslivskunskap i alla \u00e4mnen<\/li>\n<li>st\u00e4rka samarbetet mellan l\u00e4rare och studie- och yrkesv\u00e4gledare<\/li>\n<li>skapa tydligare kopplingar mellan teori och praktik<\/li>\n<\/ul>\n<p class=\"normal\">Som B\u00f6rje Lindqvist uttrycker det:<\/p>\n<p class=\"normal\">\u2013 Arbetslivet kan inte vara n\u00e5got som ligger vid sidan av undervisningen \u2013 det m\u00e5ste vara en naturlig del av hela skolans uppdrag.<\/p>\n<h2 class=\"subheading\" id=\"h-Fyranyckelaktiviteter\">Fyra nyckelaktiviteter<\/h2>\n<p class=\"normal\">Projektet \u00e4r uppdelat i fyra centrala delar som tillsammans bygger en stabil grund f\u00f6r l\u00e5ngsiktig f\u00f6r\u00e4ndring.<\/p>\n<ol class=\" env-text-list normal\">\n<li><strong>Kartl\u00e4ggning av nul\u00e4get<\/strong><br \/>Genom enk\u00e4ter till b\u00e5de l\u00e4rare och elever analyseras hur arbetslivskunskap redan idag integreras i undervisningen \u2013 och hur det kan utvecklas vidare.<\/li>\n<li><strong>F\u00f6rdjupade studier<\/strong><br \/>Fokusgrupper och intervjuer med rektorer, l\u00e4rare och v\u00e4gledare ger en djupare f\u00f6rst\u00e5else f\u00f6r vilka m\u00f6jligheter och hinder som finns i arbetet.<\/li>\n<li><strong>Utveckling av h\u00f6gre utbildning<\/strong><br \/>Resultaten anv\u00e4nds f\u00f6r att revidera kurser inom studie- och yrkesv\u00e4gledarprogrammet, med m\u00e5let att st\u00e4rka kopplingen mellan utbildning och yrkesliv.<\/li>\n<li><strong>V\u00e4gen fram\u00e5t \u2013 forskning<\/strong><br \/>Projektet l\u00e4gger ocks\u00e5 grunden f\u00f6r en st\u00f6rre forskningsans\u00f6kan som ska m\u00f6jligg\u00f6ra ett l\u00e5ngsiktigt, praktikn\u00e4ra forskningsarbete.<\/li>\n<\/ol>\n<h2 class=\"subheading\" id=\"h-Vinsterforbadeeleverochsamhalle\">Vinster f\u00f6r b\u00e5de elever och samh\u00e4lle<\/h2>\n<p class=\"normal\">N\u00e4r arbetslivsperspektivet blir en naturlig del av undervisningen \u00f6kar inte bara elevernas f\u00f6rst\u00e5else f\u00f6r framtida yrkesliv \u2013 det st\u00e4rker ocks\u00e5 deras motivation och m\u00f6jligheter att etablera sig p\u00e5 arbetsmarknaden.<\/p>\n<p class=\"normal\">F\u00f6r Vuxenutbildningen inneb\u00e4r det ett steg mot en mer dynamisk och relevant utbildningsmilj\u00f6, d\u00e4r l\u00e4rande inte sker i ett vakuum utan i n\u00e4ra dialog med samh\u00e4llets behov.<\/p>\n<h2 class=\"subheading\" id=\"h-Enmodellforframtiden\">En modell f\u00f6r framtiden<\/h2>\n<p class=\"normal\">Projektet i Lule\u00e5 kan bli ett viktigt exempel f\u00f6r andra kommuner och utbildningsanordnare. Genom att kombinera forskning, praktisk erfarenhet och samverkan visar satsningen hur utbildning kan utvecklas f\u00f6r att m\u00f6ta framtidens krav.<\/p>\n<p class=\"normal\">Det handlar i grunden om n\u00e5got st\u00f6rre \u00e4n metodutveckling \u2013 det handlar om att omdefiniera skolans roll.<\/p>\n<p class=\"normal\">N\u00e4r arbetslivet blir hela skolans ansvar, blir ocks\u00e5 utbildningen en tydligare v\u00e4g in i framtiden.<\/p>\n<\/div>\n<p>&#8212;&#8212;&#8212;&#8212;&#8212;&#8212;&#8212;&#8212;&#8212;&#8212;&#8212;&#8212;&#8212;&#8212;&#8212;&#8212;&#8212;&#8212;&#8212;&#8211;<br \/>\n<a href=\"https:\/\/vartlulea.se\/arkiv\/aktuellt\/arbetslivetsomhelaskolansansvarennyriktningforvuxenutbildningenilulea.5.6173742319d907107de21412.html\" target=\"_blank\">Klicka h\u00e4r &#8211; l\u00e4nk till originalinl\u00e4gget<\/a><br \/>\n<br \/>\nK\u00e4lla: Lule\u00e5 kommun \/ V\u00e5rt Lule\u00e5<br \/>\n&#8212;&#8212;&#8212;&#8212;&#8212;&#8212;&#8212;&#8212;&#8212;&#8212;&#8212;&#8212;&#8212;&#8212;&#8212;&#8212;&#8212;&#8212;&#8212;&#8211;<\/p>\n","protected":false},"excerpt":{"rendered":"<p>Bakom satsningen st\u00e5r en processgrupp av teamledare samt B\u00f6rje Lindqvist och Janita Nilsson fr\u00e5n Vuxenutbildningen i Lule\u00e5, som tillsammans leder arbetet med att utveckla det som kallas ASHSA \u2013 Arbetsliv som hela skolans ansvar. Fr\u00e5n id\u00e9 till forskningsbaserat utvecklingsarbete Projektet har sin grund i en nationell satsning d\u00e4r L\u00e4rarh\u00f6gskolan vid Ume\u00e5 universitet utlyste samverkanscheckar inom [&hellip;]<\/p>\n","protected":false},"author":24,"featured_media":17296,"comment_status":"closed","ping_status":"closed","sticky":false,"template":"","format":"standard","meta":{"_acf_changed":false,"footnotes":"","_links_to":"","_links_to_target":""},"categories":[50,49],"tags":[],"class_list":{"0":"post-17295","1":"post","2":"type-post","3":"status-publish","4":"format-standard","5":"has-post-thumbnail","7":"category-lulea-kommun","8":"category-kommunen"},"featured_image_src":"https:\/\/gratistidning.com\/lulea\/wp-content\/uploads\/sites\/14\/2026\/04\/janita_borje_1500px-1024x683.jpg","blog_images":{"medium":"https:\/\/gratistidning.com\/lulea\/wp-content\/uploads\/sites\/14\/2026\/04\/janita_borje_1500px-300x200.jpg","large":"https:\/\/gratistidning.com\/lulea\/wp-content\/uploads\/sites\/14\/2026\/04\/janita_borje_1500px-1024x683.jpg"},"acf":[],"ams_acf":[],"publishpress_future_action":{"enabled":false,"date":"2026-05-07 15:58:47","action":"change-status","newStatus":"draft","terms":[],"taxonomy":"category","extraData":[]},"publishpress_future_workflow_manual_trigger":{"enabledWorkflows":[]},"_links":{"self":[{"href":"https:\/\/gratistidning.com\/lulea\/wp-json\/wp\/v2\/posts\/17295","targetHints":{"allow":["GET"]}}],"collection":[{"href":"https:\/\/gratistidning.com\/lulea\/wp-json\/wp\/v2\/posts"}],"about":[{"href":"https:\/\/gratistidning.com\/lulea\/wp-json\/wp\/v2\/types\/post"}],"author":[{"embeddable":true,"href":"https:\/\/gratistidning.com\/lulea\/wp-json\/wp\/v2\/users\/24"}],"replies":[{"embeddable":true,"href":"https:\/\/gratistidning.com\/lulea\/wp-json\/wp\/v2\/comments?post=17295"}],"version-history":[{"count":0,"href":"https:\/\/gratistidning.com\/lulea\/wp-json\/wp\/v2\/posts\/17295\/revisions"}],"wp:featuredmedia":[{"embeddable":true,"href":"https:\/\/gratistidning.com\/lulea\/wp-json\/wp\/v2\/media\/17296"}],"wp:attachment":[{"href":"https:\/\/gratistidning.com\/lulea\/wp-json\/wp\/v2\/media?parent=17295"}],"wp:term":[{"taxonomy":"category","embeddable":true,"href":"https:\/\/gratistidning.com\/lulea\/wp-json\/wp\/v2\/categories?post=17295"},{"taxonomy":"post_tag","embeddable":true,"href":"https:\/\/gratistidning.com\/lulea\/wp-json\/wp\/v2\/tags?post=17295"}],"curies":[{"name":"wp","href":"https:\/\/api.w.org\/{rel}","templated":true}]}}