{"id":17297,"date":"2026-05-01T09:32:00","date_gmt":"2026-05-01T07:32:00","guid":{"rendered":"https:\/\/gratistidning.com\/lulea\/blog\/2026\/05\/01\/tack-stefan-enbom-och-valkommen-per-ekervhen\/"},"modified":"2026-05-01T09:32:00","modified_gmt":"2026-05-01T07:32:00","slug":"tack-stefan-enbom-och-valkommen-per-ekervhen","status":"publish","type":"post","link":"https:\/\/gratistidning.com\/lulea\/blog\/2026\/05\/01\/tack-stefan-enbom-och-valkommen-per-ekervhen\/","title":{"rendered":"Tack Stefan Enbom och v\u00e4lkommen Per Ekervhen!"},"content":{"rendered":"<div data-v-5f3380b5=\"\">\n<p class=\"paragraph text-left\"> Det har sedan en l\u00e4ngre tid varit klart att Stefan Enbom<br \/>\ntackar f\u00f6r sig efter tretton fina \u00e5r med Lule\u00e5 Hockey och att hans eftertr\u00e4dare<br \/>\nblir Per Ekervhen, som n\u00e4rmast kommer fr\u00e5n en roll som vd f\u00f6r Lule\u00e5<br \/>\nMilj\u00f6resurs. Och att det skiftet officiellt skulle ske idag den 1 maj. <\/p>\n<p class=\"paragraph text-left\"> Det \u00e4r en \u00f6verg\u00e5ng som skett gradvis den senaste tiden,<br \/>\ngenom att Per och Stefan jobbat tillsammans inf\u00f6r b\u00e5de \u00f6verl\u00e4mningen som<br \/>\nklubbdirekt\u00f6r och kring arenafr\u00e5gan. <\/p>\n<p class=\"paragraph text-left\"> Det \u00e4r dessutom en \u00f6verg\u00e5ng som kommer att forts\u00e4tta fram<br \/>\ntill och med den 30 juni \u2013 n\u00e4r Stefan Enbom officiellt g\u00f6r sin sista arbetsdag<br \/>\nf\u00f6r Lule\u00e5 Hockey. <\/p>\n<p class=\"paragraph text-left\"> <strong>Ann-Christin Viklund, ordf\u00f6rande<\/strong> <\/p>\n<p class=\"paragraph text-left\"> &#8211; Det k\u00e4nns j\u00e4ttebra att v\u00e4lkomna Per som ny klubbdirekt\u00f6r<br \/>\nf\u00f6r Lule\u00e5 Hockey och att \u00f6verg\u00e5ngen g\u00e5tt v\u00e4ldigt smidigt tillsammans med Stefan<br \/>\nEnbom, som vi alla vet har gjort ett fantastiskt arbete f\u00f6r Lule\u00e5 Hockey under<br \/>\nsina \u00e5r som vd och klubbdirekt\u00f6r. <\/p>\n<p class=\"paragraph text-left\"> &#8211; Den \u00f6verl\u00e4mningen kommer nu forts\u00e4tta och jag \u00e4r \u00f6vertygad<br \/>\nom att Per \u00e4r helt r\u00e4tt person, f\u00f6r att tillsammans med den \u00f6vriga personalen,<br \/>\nforts\u00e4tta utveckla Lule\u00e5 Hockey i den positiva riktning som Stefan stakat ut<br \/>\nunder sina tretton s\u00e4songer som klubbdirekt\u00f6r. <\/p>\n<p class=\"paragraph text-left\"> <strong>Per Ekervhen<\/strong> <\/p>\n<p class=\"paragraph text-left\"> &#8211; Det \u00e4r med stor stolthet och \u00f6dmjukhet jag tar mig an<br \/>\nrollen som klubbdirekt\u00f6r f\u00f6r Lule\u00e5 Hockey. Och jag ser fram emot att<br \/>\ntillsammans med \u00f6vrig personal g\u00f6ra mitt yttersta f\u00f6r b\u00e5de f\u00f6reningen och alla<br \/>\nv\u00e5ra medlemmar.  <\/p>\n<p class=\"paragraph text-left\"> &#8211; Samtidigt vill jag rikta stor tacksamhet till Stefan, som<br \/>\njag haft f\u00f6rm\u00e5nen att jobba med en l\u00e4ngre tid. Och till de i personalen som jag<br \/>\nredan haft m\u00f6ten med. Det har varit v\u00e4ldigt v\u00e4rdefullt med \u00f6ppna diskussionerna,<br \/>\nd\u00e4r vi redan kunnat g\u00e5 p\u00e5 djupet och inte bara skummat p\u00e5 ytan \u2013 vilket kommer<br \/>\nminska min startstr\u00e4cka en hel del.  <\/p>\n<p class=\"paragraph text-left\"> <strong>Stefan Enbom<\/strong> <\/p>\n<p class=\"paragraph text-left\"> &#8211; Lule\u00e5 Hockey \u00e4r och har alltid varit v\u00e4rldens finaste och<br \/>\nvackraste f\u00f6rening. En f\u00f6rening med m\u00e4nniskorna som sin st\u00f6rsta tillg\u00e5ng. En<br \/>\nh\u00e4rlig norrbottnisk gemenskap med en tydlig identitet. F\u00f6r mig har det varit en<br \/>\n\u00e4ra att f\u00e5 vara en del av denna gemenskap. Och att vi alla tillsammans har<br \/>\nfortsatt att utveckla f\u00f6reningen. <\/p>\n<p class=\"paragraph text-left\"> &#8211; Jag k\u00e4nner mig trygg och glad att styrelsen hittat en<br \/>\nmycket bra ers\u00e4ttare i Per Ekervhen. Han kommer med ny energi att<br \/>\nvidareutveckla f\u00f6reningen tillsammans med alla andra i och kring Lule\u00e5 Hockey.<br \/>\nDet kommer att bli grymt bra! <\/p>\n<p class=\"paragraph text-left\"> <em>En mer omfattande och officiell avtackning av Stefan<br \/>\nEnbom kommer att ske i samband med Lule\u00e5 Hockeys \u00e5rsm\u00f6te i mitten p\u00e5 juni.<\/em> <\/p>\n<\/div>\n<p>&#8212;&#8212;&#8212;&#8212;&#8212;&#8212;&#8212;&#8212;&#8212;&#8212;&#8212;&#8212;&#8212;&#8212;&#8212;&#8212;&#8212;&#8212;&#8212;&#8211;<br \/>\n<a href=\"http:\/\/www.luleahockey.se\/article\/kywatec-30c4d\/view\">Klicka h\u00e4r &#8211; l\u00e4nk till originalinl\u00e4gget<\/a><br \/>\n<br \/>\nK\u00e4lla: Lule\u00e5 Hockey<br \/>\n&#8212;&#8212;&#8212;&#8212;&#8212;&#8212;&#8212;&#8212;&#8212;&#8212;&#8212;&#8212;&#8212;&#8212;&#8212;&#8212;&#8212;&#8212;&#8212;&#8211;<\/p>\n","protected":false},"excerpt":{"rendered":"<p>Det har sedan en l\u00e4ngre tid varit klart att Stefan Enbom tackar f\u00f6r sig efter tretton fina \u00e5r med Lule\u00e5 Hockey och att hans eftertr\u00e4dare blir Per Ekervhen, som n\u00e4rmast kommer fr\u00e5n en roll som vd f\u00f6r Lule\u00e5 Milj\u00f6resurs. Och att det skiftet officiellt skulle ske idag den 1 maj. Det \u00e4r en \u00f6verg\u00e5ng som [&hellip;]<\/p>\n","protected":false},"author":68,"featured_media":17298,"comment_status":"closed","ping_status":"closed","sticky":false,"template":"","format":"standard","meta":{"_acf_changed":false,"footnotes":"","_links_to":"","_links_to_target":""},"categories":[81,13],"tags":[],"class_list":{"0":"post-17297","1":"post","2":"type-post","3":"status-publish","4":"format-standard","5":"has-post-thumbnail","7":"category-lulea-hockey","8":"category-sport"},"featured_image_src":"https:\/\/gratistidning.com\/lulea\/wp-content\/uploads\/sites\/14\/2026\/05\/9f3685d3-723f-4af1-84f5-64f205402e0a25111820Ekervhen20169-1024x576.jpg","blog_images":{"medium":"https:\/\/gratistidning.com\/lulea\/wp-content\/uploads\/sites\/14\/2026\/05\/9f3685d3-723f-4af1-84f5-64f205402e0a25111820Ekervhen20169-300x169.jpg","large":"https:\/\/gratistidning.com\/lulea\/wp-content\/uploads\/sites\/14\/2026\/05\/9f3685d3-723f-4af1-84f5-64f205402e0a25111820Ekervhen20169-1024x576.jpg"},"acf":[],"ams_acf":[],"publishpress_future_action":{"enabled":false,"date":"2026-05-08 13:03:18","action":"change-status","newStatus":"draft","terms":[],"taxonomy":"category","extraData":[]},"publishpress_future_workflow_manual_trigger":{"enabledWorkflows":[]},"_links":{"self":[{"href":"https:\/\/gratistidning.com\/lulea\/wp-json\/wp\/v2\/posts\/17297","targetHints":{"allow":["GET"]}}],"collection":[{"href":"https:\/\/gratistidning.com\/lulea\/wp-json\/wp\/v2\/posts"}],"about":[{"href":"https:\/\/gratistidning.com\/lulea\/wp-json\/wp\/v2\/types\/post"}],"author":[{"embeddable":true,"href":"https:\/\/gratistidning.com\/lulea\/wp-json\/wp\/v2\/users\/68"}],"replies":[{"embeddable":true,"href":"https:\/\/gratistidning.com\/lulea\/wp-json\/wp\/v2\/comments?post=17297"}],"version-history":[{"count":0,"href":"https:\/\/gratistidning.com\/lulea\/wp-json\/wp\/v2\/posts\/17297\/revisions"}],"wp:featuredmedia":[{"embeddable":true,"href":"https:\/\/gratistidning.com\/lulea\/wp-json\/wp\/v2\/media\/17298"}],"wp:attachment":[{"href":"https:\/\/gratistidning.com\/lulea\/wp-json\/wp\/v2\/media?parent=17297"}],"wp:term":[{"taxonomy":"category","embeddable":true,"href":"https:\/\/gratistidning.com\/lulea\/wp-json\/wp\/v2\/categories?post=17297"},{"taxonomy":"post_tag","embeddable":true,"href":"https:\/\/gratistidning.com\/lulea\/wp-json\/wp\/v2\/tags?post=17297"}],"curies":[{"name":"wp","href":"https:\/\/api.w.org\/{rel}","templated":true}]}}