{"id":18495,"date":"2026-09-01T07:30:00","date_gmt":"2026-09-01T05:30:00","guid":{"rendered":"https:\/\/gratistidning.com\/lulea\/blog\/2026\/09\/01\/dorrarna-till-blackis-ar-ater-oppna\/"},"modified":"2026-09-01T07:30:00","modified_gmt":"2026-09-01T05:30:00","slug":"dorrarna-till-blackis-ar-ater-oppna","status":"publish","type":"post","link":"https:\/\/gratistidning.com\/lulea\/blog\/2026\/09\/01\/dorrarna-till-blackis-ar-ater-oppna\/","title":{"rendered":"D\u00f6rrarna till Blackis \u00e4r \u00e5ter \u00f6ppna"},"content":{"rendered":"<p><\/p>\n<div>\n<p class=\"normal\">\u00c5terinvigningen skedde i samarbete med Svart\u00f6stadens hembygdsf\u00f6rening, Svart\u00f6stans intressef\u00f6rening och Svart\u00f6stans teaters\u00e4llskap. F\u00f6reningarna hyllades n\u00e4r kommunalr\u00e5det Evelina Rydeker och Ulrika Lundberg, ordf\u00f6rande f\u00f6r infrastruktur-och servicen\u00e4mnden h\u00f6ll sitt gemensamma invigningstal. De lyfte att det \u00e4r f\u00f6reningslivet som fyller huset med k\u00e4rlek och gl\u00e4dje.<\/p>\n<p class=\"normal\">\u2013 M\u00e5nga har l\u00e4ngtat efter att Blackis ska \u00f6ppna igen. Vi beh\u00f6ver platser d\u00e4r m\u00e4nniskor kan m\u00f6tas utanf\u00f6r jobb och hem. Blackis \u00e4r en plats som betytt mycket och kommer att betyda mycket f\u00f6r framtiden, en plats d\u00e4r v\u00e5ra barn och barnbarn kan skapa minnen, s\u00e4ger kommunalr\u00e5det Evelina Rydeker.<\/p>\n<\/div>\n<p>&#8212;&#8212;&#8212;&#8212;&#8212;&#8212;&#8212;&#8212;&#8212;&#8212;&#8212;&#8212;&#8212;&#8212;&#8212;&#8212;&#8212;&#8212;&#8212;&#8211;<br \/>\n<a href=\"https:\/\/vartlulea.se\/arkiv\/upplevelser\/dorrarnatillblackisarateroppna.5.12784d421a0153fccc7601f.html\" target=\"_blank\">Klicka h\u00e4r &#8211; l\u00e4nk till originalinl\u00e4gget<\/a><br \/>\n<br \/>\nK\u00e4lla: Lule\u00e5 kommun \/ V\u00e5rt Lule\u00e5<br \/>\n&#8212;&#8212;&#8212;&#8212;&#8212;&#8212;&#8212;&#8212;&#8212;&#8212;&#8212;&#8212;&#8212;&#8212;&#8212;&#8212;&#8212;&#8212;&#8212;&#8211;<\/p>\n","protected":false},"excerpt":{"rendered":"<p>\u00c5terinvigningen skedde i samarbete med Svart\u00f6stadens hembygdsf\u00f6rening, Svart\u00f6stans intressef\u00f6rening och Svart\u00f6stans teaters\u00e4llskap. F\u00f6reningarna hyllades n\u00e4r kommunalr\u00e5det Evelina Rydeker och Ulrika Lundberg, ordf\u00f6rande f\u00f6r infrastruktur-och servicen\u00e4mnden h\u00f6ll sitt gemensamma invigningstal. De lyfte att det \u00e4r f\u00f6reningslivet som fyller huset med k\u00e4rlek och gl\u00e4dje. \u2013 M\u00e5nga har l\u00e4ngtat efter att Blackis ska \u00f6ppna igen. Vi beh\u00f6ver platser [&hellip;]<\/p>\n","protected":false},"author":24,"featured_media":18496,"comment_status":"closed","ping_status":"closed","sticky":false,"template":"","format":"standard","meta":{"_acf_changed":false,"footnotes":"","_links_to":"","_links_to_target":""},"categories":[50,49],"tags":[],"class_list":["post-18495","post","type-post","status-publish","format-standard","has-post-thumbnail","category-lulea-kommun","category-kommunen"],"featured_image_src":"https:\/\/gratistidning.com\/lulea\/wp-content\/uploads\/sites\/14\/2026\/09\/Dans20paCC8A20soCC88ndagen-1024x694.jpg","blog_images":{"medium":"https:\/\/gratistidning.com\/lulea\/wp-content\/uploads\/sites\/14\/2026\/09\/Dans20paCC8A20soCC88ndagen-300x203.jpg","large":"https:\/\/gratistidning.com\/lulea\/wp-content\/uploads\/sites\/14\/2026\/09\/Dans20paCC8A20soCC88ndagen-1024x694.jpg"},"acf":[],"ams_acf":[],"publishpress_future_action":{"enabled":false,"date":"2026-09-08 08:43:52","action":"change-status","newStatus":"draft","terms":[],"taxonomy":"category","extraData":[]},"publishpress_future_workflow_manual_trigger":{"enabledWorkflows":[]},"_links":{"self":[{"href":"https:\/\/gratistidning.com\/lulea\/wp-json\/wp\/v2\/posts\/18495","targetHints":{"allow":["GET"]}}],"collection":[{"href":"https:\/\/gratistidning.com\/lulea\/wp-json\/wp\/v2\/posts"}],"about":[{"href":"https:\/\/gratistidning.com\/lulea\/wp-json\/wp\/v2\/types\/post"}],"author":[{"embeddable":true,"href":"https:\/\/gratistidning.com\/lulea\/wp-json\/wp\/v2\/users\/24"}],"replies":[{"embeddable":true,"href":"https:\/\/gratistidning.com\/lulea\/wp-json\/wp\/v2\/comments?post=18495"}],"version-history":[{"count":0,"href":"https:\/\/gratistidning.com\/lulea\/wp-json\/wp\/v2\/posts\/18495\/revisions"}],"wp:featuredmedia":[{"embeddable":true,"href":"https:\/\/gratistidning.com\/lulea\/wp-json\/wp\/v2\/media\/18496"}],"wp:attachment":[{"href":"https:\/\/gratistidning.com\/lulea\/wp-json\/wp\/v2\/media?parent=18495"}],"wp:term":[{"taxonomy":"category","embeddable":true,"href":"https:\/\/gratistidning.com\/lulea\/wp-json\/wp\/v2\/categories?post=18495"},{"taxonomy":"post_tag","embeddable":true,"href":"https:\/\/gratistidning.com\/lulea\/wp-json\/wp\/v2\/tags?post=18495"}],"curies":[{"name":"wp","href":"https:\/\/api.w.org\/{rel}","templated":true}]}}