{"id":18497,"date":"2026-09-01T08:16:00","date_gmt":"2026-09-01T06:16:00","guid":{"rendered":"https:\/\/gratistidning.com\/lulea\/blog\/2026\/09\/01\/ledamot-fran-norrbotten-i-riksdagens-talartopp\/"},"modified":"2026-09-01T08:16:00","modified_gmt":"2026-09-01T06:16:00","slug":"ledamot-fran-norrbotten-i-riksdagens-talartopp","status":"publish","type":"post","link":"https:\/\/gratistidning.com\/lulea\/blog\/2026\/09\/01\/ledamot-fran-norrbotten-i-riksdagens-talartopp\/","title":{"rendered":"Ledamot fr\u00e5n Norrbotten i riksdagens talartopp"},"content":{"rendered":"<div itemprop=\"articleBody\"><meta content=\"ledamotsfacit\" data-region=\"Norrbottens l\u00e4n\" data-role=\"featured-image\" data-tag=\"ledamotsfacit\" data-type=\"imageFromBank\" property=\"imageFromBank\"\/><\/p>\n<p class=\"lead\">En mandatperiod \u00e4r till \u00e4nda \u2013 och s\u00e5 har riksdagsledam\u00f6terna fr\u00e5n Norrbottens l\u00e4ns valkrets gjort avtryck i riksdagen. <br \/>\u2713 Han \u00e4r en av riksdagens med talf\u00f6ra.<br \/>\n<br \/>\u2713 Han har undertecknat flest motioner.<br \/>\n<br \/>\u2713 Han har varit mest fr\u00e5gvis. <\/p>\n<p>Totalt 54\u00a0timmar och 34\u00a0minuter har riksdagsledam\u00f6terna fr\u00e5n Norrbottens l\u00e4ns valkretsst\u00e5tt i kammarens talarstol under den senaste mandatperioden.<br \/>\nDet motsvarar i genomsnitt sex\u00a0timmar och 49\u00a0minuter per mandat. Valkretsen tillh\u00f6r varken de mest eller minst pratsamma i riksdagen. <\/p>\n<p><meta content=\"cutoff\" name=\"cutoff\"\/><\/p>\n<h3>Linus Sk\u00f6ld (S) bland de som pratar mest i riksdagen<\/h3>\n<p> D\u00e4remot \u00e4r <strong>Linus Sk\u00f6ld<\/strong> (S) den ledamot som talat tredje mest av alla ledam\u00f6ter i riksdagen: 21\u00a0timmar, 16\u00a0minuter och 35\u00a0sekunder. Han \u00e4r ocks\u00e5 den socialdemokrat som registrerats f\u00f6r n\u00e4st l\u00e4ngst talartid i riksdagen. <\/p>\n<p> Senast Linus Sk\u00f6ld gjorde sin st\u00e4mma h\u00f6rd var den 11\u00a0augusti 2026, d\u00e5 han bland annat diskuterade <em>Nedsk\u00e4rningar i v\u00e4lf\u00e4rden<\/em> med  Erik Slottner (KD) och Lawen Redar (S) i kammaren. Som mest pratade han dock i maj 2025: 36\u00a0minuter och 58\u00a0sekunder i en debatt om <em>Forskning och innovation f\u00f6r framtid, nyfikenhet och nytta<\/em> med bland andra Fredrik Malm (L), Anders \u00c5dahl (C) och Camilla Hans\u00e9n (MP). <\/p>\n<h3>Ministrarna h\u00f6rs \u00e4nnu mer<\/h3>\n<p>Mest av alla riksdagsledam\u00f6ter har <strong>Eva Lindh<\/strong> (S) fr\u00e5n \u00d6sterg\u00f6tlands l\u00e4ns valkrets talat under mandatperioden. Men hennes 30\u00a0timmar, 23\u00a0minuter och 3\u00a0sekunder n\u00e5r \u00e4nd\u00e5 inte upp till en topposition om man tar med ministrarna i ber\u00e4kningen. <strong>Gunnar Str\u00f6mmers<\/strong> (M) r\u00f6st har h\u00f6rts i 45\u00a0timmar, 37\u00a0minuter och fem\u00a0sekunder under mandatperioden, vilket \u00e4r tre\u00a0timmar, 45\u00a0minuter och 23\u00a0sekunder mer \u00e4n den n\u00e4st mest taltr\u00e4ngde ministern, <strong>Andreas Carlson<\/strong> (KD).<\/p>\n<h3>Ingen AI-bump i fr\u00e5gest\u00e4llandet<\/h3>\n<p> Det \u00e4r inte s\u00e4llan de mest pratsamma ledam\u00f6terna som har l\u00e4mnat in flest interpellationer, allts\u00e5 fr\u00e5gor till regeringen som  besvaras och diskuteras i kammaren. I Norrbottens l\u00e4ns valkrets \u00e4r det ocks\u00e5 Linus Sk\u00f6ld som ligger i topp n\u00e4r det g\u00e4ller interpellationer, med 87 stycken under mandatperioden. <\/p>\n<p>Skriftliga fr\u00e5gor \u2013 som ledam\u00f6terna kan st\u00e4lla till regeringen och som besvaras skriftligt utan debatt \u2013 \u00e4r en annan del av riksdagens kontrollmakt. <strong>Fredrik Lundh Sammeli<\/strong> (S) har st\u00e4llt 45 skriftliga fr\u00e5gor, vilket \u00e4r flest i valkretsen. <\/p>\n<p> Under mandatperioden uppm\u00e4rksammades att socialdemokraten <strong>Olle Thorell<\/strong> med <a href=\"https:\/\/www.dn.se\/sverige\/riksdagsledamot-anvander-ai-for-ministerfragor-stallt-180-pa-tva-manader\/\" target=\"_blank\">hj\u00e4lp av AI-verktyg<\/a> l\u00e4mnat in 180 skriftliga fr\u00e5gor p\u00e5 ett par m\u00e5nader \u2013 vilket motsvarade n\u00e4stan 40 procent av alla fr\u00e5gor under den perioden. Sett \u00f6ver hela mandatperioden \u00e4r han ocks\u00e5 den ledamot som l\u00e4mnat in flest skriftliga fr\u00e5gor, 325 stycken, men frekvensen har sjunkit sedan den mest intensiva perioden. <\/p>\n<p>Siffrorna visar ingen generell \u00f6kning av antalet skriftliga fr\u00e5gor efter AI-verktygens int\u00e5g. <\/p>\n<h3>Han har l\u00e4mnat flest motioner<\/h3>\n<p><strong>Eric Palmqvist<\/strong> (SD) har undertecknat flest motioner  av riksdagsledam\u00f6terna fr\u00e5n valkretsen. Han har under mandatperioden undertecknat 190, varav 60 som ensam undertecknare. Den senaste var i april 2026: <em>med anledning av prop. 2025\/26:184 Privatkopieringsers\u00e4ttning<\/em>. <\/p>\n<p>Det placerar honom l\u00e5ngt utanf\u00f6r topplistan \u00f6ver riksdagens flitigaste motion\u00e4rer. Den riksdagsledamot som satt sitt namn p\u00e5 flest motioner under mandatperioden \u00e4r <strong>Sten Bergheden<\/strong> (M) fr\u00e5n V\u00e4stra G\u00f6talands l\u00e4ns \u00f6stra valkrets. Han har undertecknat 613 motioner. <\/p>\n<figure class=\"has-table-wrapper\"><figcaption>Riksdagsaktivitet f\u00f6r ledam\u00f6terna fr\u00e5n Norrbottens l\u00e4ns valkrets<\/figcaption><div class=\"table-wrapper\" style=\"overflow-x:auto; \">\n<table class=\"table responsive\">\n<thead>\n<tr>\n<th scope=\"col\">Ledamot<\/th>\n<th scope=\"col\">Talartid<\/th>\n<th scope=\"col\">Fr\u00e5nvaro<\/th>\n<th scope=\"col\">Motioner<\/th>\n<th scope=\"col\">Interpellationer<\/th>\n<th scope=\"col\">Skriftliga fr\u00e5gor<\/th>\n<\/tr>\n<\/thead>\n<tbody>\n<tr>\n<th scope=\"row\">Linus Sk\u00f6ld (S)<\/th>\n<td class=\"value\" data-title=\"Talartid\" data-value=\"76595\">21\u00a0tim 16\u00a0min 35\u00a0sek<\/td>\n<td class=\"value\" data-title=\"Fr\u00e5nvaro\" data-value=\"0.09773859716366425\">10\u00a0%<\/td>\n<td class=\"value\" data-title=\"Motioner\" data-value=\"99\">99<\/td>\n<td class=\"value\" data-title=\"Interpellationer\" data-value=\"87\">87<\/td>\n<td class=\"value\" data-title=\"Skriftliga fr\u00e5gor\" data-value=\"42\">42<\/td>\n<\/tr>\n<tr>\n<th scope=\"row\">Birger Lahti (V)<\/th>\n<td class=\"value\" data-title=\"Talartid\" data-value=\"40220\">11\u00a0tim 10\u00a0min 20\u00a0sek<\/td>\n<td class=\"value\" data-title=\"Fr\u00e5nvaro\" data-value=\"0.12571866615561517\">13\u00a0%<\/td>\n<td class=\"value\" data-title=\"Motioner\" data-value=\"103\">103<\/td>\n<td class=\"value\" data-title=\"Interpellationer\" data-value=\"2\">2<\/td>\n<td class=\"value\" data-title=\"Skriftliga fr\u00e5gor\" data-value=\"11\">11<\/td>\n<\/tr>\n<tr>\n<th scope=\"row\">Eric Palmqvist (SD)<\/th>\n<td class=\"value\" data-title=\"Talartid\" data-value=\"23450\">6\u00a0tim 30\u00a0min 50\u00a0sek<\/td>\n<td class=\"value\" data-title=\"Fr\u00e5nvaro\" data-value=\"0.08279034112686853\">8\u00a0%<\/td>\n<td class=\"value\" data-title=\"Motioner\" data-value=\"190\">190<\/td>\n<td class=\"value\" data-title=\"Interpellationer\" data-value=\"7\">7<\/td>\n<td class=\"value\" data-title=\"Skriftliga fr\u00e5gor\" data-value=\"15\">15<\/td>\n<\/tr>\n<tr>\n<th scope=\"row\">Fredrik Lundh Sammeli (S)<\/th>\n<td class=\"value\" data-title=\"Talartid\" data-value=\"19508\">5\u00a0tim 25\u00a0min 8\u00a0sek<\/td>\n<td class=\"value\" data-title=\"Fr\u00e5nvaro\" data-value=\"0.1004216174779609\">10\u00a0%<\/td>\n<td class=\"value\" data-title=\"Motioner\" data-value=\"139\">139<\/td>\n<td class=\"value\" data-title=\"Interpellationer\" data-value=\"12\">12<\/td>\n<td class=\"value\" data-title=\"Skriftliga fr\u00e5gor\" data-value=\"45\">45<\/td>\n<\/tr>\n<tr>\n<th scope=\"row\">Ida Karkiainen (S)<\/th>\n<td class=\"value\" data-title=\"Talartid\" data-value=\"16304\">4\u00a0tim 31\u00a0min 44\u00a0sek<\/td>\n<td class=\"value\" data-title=\"Fr\u00e5nvaro\" data-value=\"0.05251054043694902\">5\u00a0%<\/td>\n<td class=\"value\" data-title=\"Motioner\" data-value=\"114\">114<\/td>\n<td class=\"value\" data-title=\"Interpellationer\" data-value=\"4\">4<\/td>\n<td class=\"value\" data-title=\"Skriftliga fr\u00e5gor\" data-value=\"8\">8<\/td>\n<\/tr>\n<tr>\n<th scope=\"row\">Zara Leghissa (S)<\/th>\n<td class=\"value\" data-title=\"Talartid\" data-value=\"10834\">3\u00a0tim 34\u00a0sek<\/td>\n<td class=\"value\" data-title=\"Fr\u00e5nvaro\" data-value=\"0.0540436949022614\">5\u00a0%<\/td>\n<td class=\"value\" data-title=\"Motioner\" data-value=\"115\">115<\/td>\n<td class=\"value\" data-title=\"Interpellationer\" data-value=\"4\">4<\/td>\n<td class=\"value\" data-title=\"Skriftliga fr\u00e5gor\" data-value=\"2\">2<\/td>\n<\/tr>\n<tr>\n<th scope=\"row\">Johnny Svedin (SD)<\/th>\n<td class=\"value\" data-title=\"Talartid\" data-value=\"9220\">2\u00a0tim 33\u00a0min 40\u00a0sek<\/td>\n<td class=\"value\" data-title=\"Fr\u00e5nvaro\" data-value=\"0.04369490226140284\">4\u00a0%<\/td>\n<td class=\"value\" data-title=\"Motioner\" data-value=\"125\">125<\/td>\n<td class=\"value\" data-title=\"Interpellationer\" data-value=\"3\">3<\/td>\n<td class=\"value\" data-title=\"Skriftliga fr\u00e5gor\" data-value=\"21\">21<\/td>\n<\/tr>\n<tr>\n<th scope=\"row\">Mattias Karlsson (M)<\/th>\n<td class=\"value\" data-title=\"Talartid\" data-value=\"300\">5\u00a0min<\/td>\n<td class=\"value\" data-title=\"Fr\u00e5nvaro\" data-value=\"0.2671521655806823\">27\u00a0%<\/td>\n<td class=\"value\" data-title=\"Motioner\" data-value=\"3\">3<\/td>\n<td class=\"value\" data-title=\"Interpellationer\" data-value=\"null\">\u2013<\/td>\n<td class=\"value\" data-title=\"Skriftliga fr\u00e5gor\" data-value=\"null\">\u2013<\/td>\n<\/tr>\n<\/tbody>\n<\/table>\n<\/div>\n<div aria-hidden=\"true\" class=\"fignote\" style=\"font-size:80%;padding-top:1em;\">K\u00e4lla: Riksdagens \u00f6ppna data<\/p>\n<div class=\"chart-download\" style=\"font-size:80%;margin-top:1.333em;\">\n<details style=\"text-align:left;\">\n<summary>Kopiera tabellen (f\u00f6r eget CMS, Datawrapper, Infogram, etc.)<\/summary>\n<div class=\"DetailsEdSlim\" style=\"margin-top:1em;\">\n<p>Os\u00e4ker p\u00e5 hur du kopierar en tabell? L\u00e4s mer p\u00e5 <a href=\"https:\/\/www.newsworthy.se\/kopiera-tabeller-och-grafer\">www.newsworthy.se\/kopiera-tabeller-och-grafer<\/a>.<\/p>\n<p>I vissa CMS finns ett tabellverktyg d\u00e4r du kan klistra in tabelldata direkt i tabellredigeringsverktyget (ofta som csv eller tsv).<br \/>I andra CMS m\u00e5ste du v\u00e4xla till \u201dk\u00e4llredigering\u201d, \u201dkodl\u00e4ge\u201d eller liknande, och klistra in tabellen som html.<\/p>\n<\/div>\n<\/details>\n<\/div>\n<\/div>\n<\/figure>\n<figure class=\"has-table-wrapper\"><figcaption>Riksdagens mest talf\u00f6ra 2022\u20132026<\/figcaption><div class=\"table-wrapper\" style=\"overflow-x:auto; \">\n<table class=\"table responsive\">\n<thead>\n<tr>\n<th scope=\"col\">Ledamot<\/th>\n<th scope=\"col\">Talartid<\/th>\n<\/tr>\n<\/thead>\n<tbody>\n<tr>\n<th scope=\"row\">Eva Lindh (S)<\/th>\n<td class=\"value\" data-title=\"Talartid\" data-value=\"109383\">30\u00a0tim 23\u00a0min 3\u00a0sek<\/td>\n<\/tr>\n<tr>\n<th scope=\"row\">Annika Hirvonen (MP)<\/th>\n<td class=\"value\" data-title=\"Talartid\" data-value=\"103469\">28\u00a0tim 44\u00a0min 29\u00a0sek<\/td>\n<\/tr>\n<tr class=\"highlight\">\n<th scope=\"row\">Linus Sk\u00f6ld (S)<\/th>\n<td class=\"value\" data-title=\"Talartid\" data-value=\"76595\">21\u00a0tim 16\u00a0min 35\u00a0sek<\/td>\n<\/tr>\n<tr>\n<th scope=\"row\">H\u00e5kan Svenneling (V)<\/th>\n<td class=\"value\" data-title=\"Talartid\" data-value=\"73506\">20\u00a0tim 25\u00a0min 6\u00a0sek<\/td>\n<\/tr>\n<tr>\n<th scope=\"row\">Sofia Amloh (S)<\/th>\n<td class=\"value\" data-title=\"Talartid\" data-value=\"70151\">19\u00a0tim 29\u00a0min 11\u00a0sek<\/td>\n<\/tr>\n<tr>\n<th scope=\"row\">Jacob Risberg (MP)<\/th>\n<td class=\"value\" data-title=\"Talartid\" data-value=\"68585\">19\u00a0tim 3\u00a0min 5\u00a0sek<\/td>\n<\/tr>\n<tr>\n<th scope=\"row\">Christofer Bergenblock (C)<\/th>\n<td class=\"value\" data-title=\"Talartid\" data-value=\"66132\">18\u00a0tim 22\u00a0min 12\u00a0sek<\/td>\n<\/tr>\n<tr>\n<th scope=\"row\">Isak From (S)<\/th>\n<td class=\"value\" data-title=\"Talartid\" data-value=\"65942\">18\u00a0tim 19\u00a0min 2\u00a0sek<\/td>\n<\/tr>\n<tr>\n<th scope=\"row\">Fredrik Malm (L)<\/th>\n<td class=\"value\" data-title=\"Talartid\" data-value=\"64759\">17\u00a0tim 59\u00a0min 19\u00a0sek<\/td>\n<\/tr>\n<tr>\n<th scope=\"row\">Lotta Johnsson Fornarve (V)<\/th>\n<td class=\"value\" data-title=\"Talartid\" data-value=\"60990\">16\u00a0tim 56\u00a0min 30\u00a0sek<\/td>\n<\/tr>\n<\/tbody>\n<\/table>\n<\/div>\n<div aria-hidden=\"true\" class=\"fignote\" style=\"font-size:80%;padding-top:1em;\">K\u00e4lla: Riksdagens \u00f6ppna data<\/p>\n<div class=\"chart-download\" style=\"font-size:80%;margin-top:1.333em;\">\n<details style=\"text-align:left;\">\n<summary>Kopiera tabellen (f\u00f6r eget CMS, Datawrapper, Infogram, etc.)<\/summary>\n<div class=\"DetailsEdSlim\" style=\"margin-top:1em;\">\n<p>Os\u00e4ker p\u00e5 hur du kopierar en tabell? L\u00e4s mer p\u00e5 <a href=\"https:\/\/www.newsworthy.se\/kopiera-tabeller-och-grafer\">www.newsworthy.se\/kopiera-tabeller-och-grafer<\/a>.<\/p>\n<p>I vissa CMS finns ett tabellverktyg d\u00e4r du kan klistra in tabelldata direkt i tabellredigeringsverktyget (ofta som csv eller tsv).<br \/>I andra CMS m\u00e5ste du v\u00e4xla till \u201dk\u00e4llredigering\u201d, \u201dkodl\u00e4ge\u201d eller liknande, och klistra in tabellen som html.<\/p>\n<\/div>\n<\/details>\n<\/div>\n<\/div>\n<\/figure>\n<figure class=\"has-table-wrapper\"><figcaption>Riksdagens mesta motion\u00e4rer 2022\u20132026<\/figcaption><div class=\"table-wrapper\" style=\"overflow-x:auto; \">\n<table class=\"table responsive\">\n<thead>\n<tr>\n<th scope=\"col\">Ledamot<\/th>\n<th scope=\"col\">Motioner<\/th>\n<\/tr>\n<\/thead>\n<tbody>\n<tr>\n<th scope=\"row\">Sten Bergheden (M)<\/th>\n<td class=\"value\" data-title=\"Motioner\" data-value=\"613\">613<\/td>\n<\/tr>\n<tr>\n<th scope=\"row\">Ann-Sofie Lifvenhage (M)<\/th>\n<td class=\"value\" data-title=\"Motioner\" data-value=\"530\">530<\/td>\n<\/tr>\n<tr>\n<th scope=\"row\">Markus Wiechel (SD)<\/th>\n<td class=\"value\" data-title=\"Motioner\" data-value=\"508\">508<\/td>\n<\/tr>\n<tr>\n<th scope=\"row\">Annika Hirvonen (MP)<\/th>\n<td class=\"value\" data-title=\"Motioner\" data-value=\"419\">419<\/td>\n<\/tr>\n<tr>\n<th scope=\"row\">Ulrika Westerlund (MP)<\/th>\n<td class=\"value\" data-title=\"Motioner\" data-value=\"402\">402<\/td>\n<\/tr>\n<tr>\n<th scope=\"row\">Janine Alm Ericson (MP)<\/th>\n<td class=\"value\" data-title=\"Motioner\" data-value=\"323\">323<\/td>\n<\/tr>\n<tr>\n<th scope=\"row\">Niels Paarup-Petersen (C)<\/th>\n<td class=\"value\" data-title=\"Motioner\" data-value=\"311\">311<\/td>\n<\/tr>\n<tr>\n<th scope=\"row\">Jan Riise (MP)<\/th>\n<td class=\"value\" data-title=\"Motioner\" data-value=\"287\">287<\/td>\n<\/tr>\n<tr>\n<th scope=\"row\">Katarina Luhr (MP)<\/th>\n<td class=\"value\" data-title=\"Motioner\" data-value=\"283\">283<\/td>\n<\/tr>\n<tr>\n<th scope=\"row\">Camilla Hans\u00e9n (MP)<\/th>\n<td class=\"value\" data-title=\"Motioner\" data-value=\"271\">271<\/td>\n<\/tr>\n<\/tbody>\n<\/table>\n<\/div>\n<div aria-hidden=\"true\" class=\"fignote\" style=\"font-size:80%;padding-top:1em;\">K\u00e4lla: Riksdagens \u00f6ppna data. Motioner som ledamoten skrivit under.<\/p>\n<div class=\"chart-download\" style=\"font-size:80%;margin-top:1.333em;\">\n<details style=\"text-align:left;\">\n<summary>Kopiera tabellen (f\u00f6r eget CMS, Datawrapper, Infogram, etc.)<\/summary>\n<div class=\"DetailsEdSlim\" style=\"margin-top:1em;\">\n<p>Os\u00e4ker p\u00e5 hur du kopierar en tabell? L\u00e4s mer p\u00e5 <a href=\"https:\/\/www.newsworthy.se\/kopiera-tabeller-och-grafer\">www.newsworthy.se\/kopiera-tabeller-och-grafer<\/a>.<\/p>\n<p>I vissa CMS finns ett tabellverktyg d\u00e4r du kan klistra in tabelldata direkt i tabellredigeringsverktyget (ofta som csv eller tsv).<br \/>I andra CMS m\u00e5ste du v\u00e4xla till \u201dk\u00e4llredigering\u201d, \u201dkodl\u00e4ge\u201d eller liknande, och klistra in tabellen som html.<\/p>\n<\/div>\n<\/details>\n<\/div>\n<\/div>\n<\/figure>\n<figure class=\"has-table-wrapper\"><figcaption>Riksdagens flitigaste fr\u00e5gest\u00e4llare 2022\u20132026<\/figcaption><div class=\"table-wrapper\" style=\"overflow-x:auto; \">\n<table class=\"table responsive\">\n<thead>\n<tr>\n<th scope=\"col\">Ledamot<\/th>\n<th scope=\"col\">Skriftliga fr\u00e5gor<\/th>\n<\/tr>\n<\/thead>\n<tbody>\n<tr>\n<th scope=\"row\">Olle Thorell (S)<\/th>\n<td class=\"value\" data-title=\"Skriftliga fr\u00e5gor\" data-value=\"325\">325<\/td>\n<\/tr>\n<tr>\n<th scope=\"row\">Markus Wiechel (SD)<\/th>\n<td class=\"value\" data-title=\"Skriftliga fr\u00e5gor\" data-value=\"244\">244<\/td>\n<\/tr>\n<tr>\n<th scope=\"row\">Bj\u00f6rn S\u00f6der (SD)<\/th>\n<td class=\"value\" data-title=\"Skriftliga fr\u00e5gor\" data-value=\"192\">192<\/td>\n<\/tr>\n<tr>\n<th scope=\"row\">Rickard Nordin (C)<\/th>\n<td class=\"value\" data-title=\"Skriftliga fr\u00e5gor\" data-value=\"168\">168<\/td>\n<\/tr>\n<tr>\n<th scope=\"row\">Laila Naraghi (S)<\/th>\n<td class=\"value\" data-title=\"Skriftliga fr\u00e5gor\" data-value=\"110\">110<\/td>\n<\/tr>\n<tr>\n<th scope=\"row\">Serkan K\u00f6se (S)<\/th>\n<td class=\"value\" data-title=\"Skriftliga fr\u00e5gor\" data-value=\"92\">92<\/td>\n<\/tr>\n<tr>\n<th scope=\"row\">Johanna Haraldsson (S)<\/th>\n<td class=\"value\" data-title=\"Skriftliga fr\u00e5gor\" data-value=\"75\">75<\/td>\n<\/tr>\n<tr>\n<th scope=\"row\">Tobias Andersson (SD)<\/th>\n<td class=\"value\" data-title=\"Skriftliga fr\u00e5gor\" data-value=\"72\">72<\/td>\n<\/tr>\n<tr>\n<th scope=\"row\">Adrian Magnusson (S)<\/th>\n<td class=\"value\" data-title=\"Skriftliga fr\u00e5gor\" data-value=\"70\">70<\/td>\n<\/tr>\n<tr>\n<th scope=\"row\">Mikael Larsson (C)<\/th>\n<td class=\"value\" data-title=\"Skriftliga fr\u00e5gor\" data-value=\"65\">65<\/td>\n<\/tr>\n<\/tbody>\n<\/table>\n<\/div>\n<div aria-hidden=\"true\" class=\"fignote\" style=\"font-size:80%;padding-top:1em;\">K\u00e4lla: Riksdagens \u00f6ppna data<\/p>\n<div class=\"chart-download\" style=\"font-size:80%;margin-top:1.333em;\">\n<details style=\"text-align:left;\">\n<summary>Kopiera tabellen (f\u00f6r eget CMS, Datawrapper, Infogram, etc.)<\/summary>\n<div class=\"DetailsEdSlim\" style=\"margin-top:1em;\">\n<p>Os\u00e4ker p\u00e5 hur du kopierar en tabell? L\u00e4s mer p\u00e5 <a href=\"https:\/\/www.newsworthy.se\/kopiera-tabeller-och-grafer\">www.newsworthy.se\/kopiera-tabeller-och-grafer<\/a>.<\/p>\n<p>I vissa CMS finns ett tabellverktyg d\u00e4r du kan klistra in tabelldata direkt i tabellredigeringsverktyget (ofta som csv eller tsv).<br \/>I andra CMS m\u00e5ste du v\u00e4xla till \u201dk\u00e4llredigering\u201d, \u201dkodl\u00e4ge\u201d eller liknande, och klistra in tabellen som html.<\/p>\n<\/div>\n<\/details>\n<\/div>\n<\/div>\n<\/figure>\n<figure class=\"has-table-wrapper\"><figcaption>S\u00e5 l\u00e4nge talade ministrarna 2022\u20132026<\/figcaption><div class=\"table-wrapper\" style=\"overflow-x:auto; \">\n<table class=\"table responsive\">\n<thead>\n<tr>\n<th scope=\"col\">Minister<\/th>\n<th scope=\"col\">Talartid<\/th>\n<\/tr>\n<\/thead>\n<tbody>\n<tr>\n<th scope=\"row\">Gunnar Str\u00f6mmer (M)<\/th>\n<td class=\"value\" data-title=\"Talartid\" data-value=\"164225\">45\u00a0tim 37\u00a0min 5\u00a0sek<\/td>\n<\/tr>\n<tr>\n<th scope=\"row\">Andreas Carlson (KD)<\/th>\n<td class=\"value\" data-title=\"Talartid\" data-value=\"150702\">41\u00a0tim 51\u00a0min 42\u00a0sek<\/td>\n<\/tr>\n<tr>\n<th scope=\"row\">Elisabeth Svantesson (M)<\/th>\n<td class=\"value\" data-title=\"Talartid\" data-value=\"115415\">32\u00a0tim 3\u00a0min 35\u00a0sek<\/td>\n<\/tr>\n<tr>\n<th scope=\"row\">Anna Tenje (M)<\/th>\n<td class=\"value\" data-title=\"Talartid\" data-value=\"106673\">29\u00a0tim 37\u00a0min 53\u00a0sek<\/td>\n<\/tr>\n<tr>\n<th scope=\"row\">Romina Pourmokhtari (L)<\/th>\n<td class=\"value\" data-title=\"Talartid\" data-value=\"100899\">28\u00a0tim 1\u00a0min 39\u00a0sek<\/td>\n<\/tr>\n<tr>\n<th scope=\"row\">Ebba Busch (KD)<\/th>\n<td class=\"value\" data-title=\"Talartid\" data-value=\"95062\">26\u00a0tim 24\u00a0min 22\u00a0sek<\/td>\n<\/tr>\n<tr>\n<th scope=\"row\">Ulf Kristersson (M)<\/th>\n<td class=\"value\" data-title=\"Talartid\" data-value=\"92124\">25\u00a0tim 35\u00a0min 24\u00a0sek<\/td>\n<\/tr>\n<tr>\n<th scope=\"row\">Erik Slottner (KD)<\/th>\n<td class=\"value\" data-title=\"Talartid\" data-value=\"84261\">23\u00a0tim 24\u00a0min 21\u00a0sek<\/td>\n<\/tr>\n<tr>\n<th scope=\"row\">Maria Malmer Stenergard (M)<\/th>\n<td class=\"value\" data-title=\"Talartid\" data-value=\"78468\">21\u00a0tim 47\u00a0min 48\u00a0sek<\/td>\n<\/tr>\n<tr>\n<th scope=\"row\">Peter Kullgren (KD)<\/th>\n<td class=\"value\" data-title=\"Talartid\" data-value=\"76906\">21\u00a0tim 21\u00a0min 46\u00a0sek<\/td>\n<\/tr>\n<tr>\n<th scope=\"row\">Johan Pehrson (L)<\/th>\n<td class=\"value\" data-title=\"Talartid\" data-value=\"71854\">19\u00a0tim 57\u00a0min 34\u00a0sek<\/td>\n<\/tr>\n<tr>\n<th scope=\"row\">Lotta Edholm (L)<\/th>\n<td class=\"value\" data-title=\"Talartid\" data-value=\"66166\">18\u00a0tim 22\u00a0min 46\u00a0sek<\/td>\n<\/tr>\n<tr>\n<th scope=\"row\">Acko Ankarberg Johansson (KD)<\/th>\n<td class=\"value\" data-title=\"Talartid\" data-value=\"58160\">16\u00a0tim 9\u00a0min 20\u00a0sek<\/td>\n<\/tr>\n<tr>\n<th scope=\"row\">Paulina Brandberg (L)<\/th>\n<td class=\"value\" data-title=\"Talartid\" data-value=\"57547\">15\u00a0tim 59\u00a0min 7\u00a0sek<\/td>\n<\/tr>\n<tr>\n<th scope=\"row\">Camilla Waltersson Gr\u00f6nvall (M)<\/th>\n<td class=\"value\" data-title=\"Talartid\" data-value=\"57313\">15\u00a0tim 55\u00a0min 13\u00a0sek<\/td>\n<\/tr>\n<tr>\n<th scope=\"row\">Jakob Forssmed (KD)<\/th>\n<td class=\"value\" data-title=\"Talartid\" data-value=\"56958\">15\u00a0tim 49\u00a0min 18\u00a0sek<\/td>\n<\/tr>\n<tr>\n<th scope=\"row\">Johan Forssell (M)<\/th>\n<td class=\"value\" data-title=\"Talartid\" data-value=\"48021\">13\u00a0tim 20\u00a0min 21\u00a0sek<\/td>\n<\/tr>\n<tr>\n<th scope=\"row\">P\u00e5l Jonson (M)<\/th>\n<td class=\"value\" data-title=\"Talartid\" data-value=\"46562\">12\u00a0tim 56\u00a0min 2\u00a0sek<\/td>\n<\/tr>\n<tr>\n<th scope=\"row\">Mats Persson (L)<\/th>\n<td class=\"value\" data-title=\"Talartid\" data-value=\"42923\">11\u00a0tim 55\u00a0min 23\u00a0sek<\/td>\n<\/tr>\n<tr>\n<th scope=\"row\">Tobias Billstr\u00f6m (M)<\/th>\n<td class=\"value\" data-title=\"Talartid\" data-value=\"40273\">11\u00a0tim 11\u00a0min 13\u00a0sek<\/td>\n<\/tr>\n<tr>\n<th scope=\"row\">Benjamin Dousa (M)<\/th>\n<td class=\"value\" data-title=\"Talartid\" data-value=\"40029\">11\u00a0tim 7\u00a0min 9\u00a0sek<\/td>\n<\/tr>\n<tr>\n<th scope=\"row\">Niklas Wykman (M)<\/th>\n<td class=\"value\" data-title=\"Talartid\" data-value=\"39832\">11\u00a0tim 3\u00a0min 52\u00a0sek<\/td>\n<\/tr>\n<tr>\n<th scope=\"row\">Parisa Liljestrand (M)<\/th>\n<td class=\"value\" data-title=\"Talartid\" data-value=\"34657\">9\u00a0tim 37\u00a0min 37\u00a0sek<\/td>\n<\/tr>\n<tr>\n<th scope=\"row\">Johan Britz (L)<\/th>\n<td class=\"value\" data-title=\"Talartid\" data-value=\"32587\">9\u00a0tim 3\u00a0min 7\u00a0sek<\/td>\n<\/tr>\n<tr>\n<th scope=\"row\">Carl-Oskar Bohlin (M)<\/th>\n<td class=\"value\" data-title=\"Talartid\" data-value=\"28526\">7\u00a0tim 55\u00a0min 26\u00a0sek<\/td>\n<\/tr>\n<tr>\n<th scope=\"row\">Jessica Rosencrantz (M)<\/th>\n<td class=\"value\" data-title=\"Talartid\" data-value=\"22364\">6\u00a0tim 12\u00a0min 44\u00a0sek<\/td>\n<\/tr>\n<tr>\n<th scope=\"row\">Nina Larsson (L)<\/th>\n<td class=\"value\" data-title=\"Talartid\" data-value=\"20765\">5\u00a0tim 46\u00a0min 5\u00a0sek<\/td>\n<\/tr>\n<tr>\n<th scope=\"row\">Elisabet Lann (KD)<\/th>\n<td class=\"value\" data-title=\"Talartid\" data-value=\"19145\">5\u00a0tim 19\u00a0min 5\u00a0sek<\/td>\n<\/tr>\n<tr>\n<th scope=\"row\">Jessika Roswall (M)<\/th>\n<td class=\"value\" data-title=\"Talartid\" data-value=\"16008\">4\u00a0tim 26\u00a0min 48\u00a0sek<\/td>\n<\/tr>\n<tr>\n<th scope=\"row\">Simona Mohamsson (L)<\/th>\n<td class=\"value\" data-title=\"Talartid\" data-value=\"15729\">4\u00a0tim 22\u00a0min 9\u00a0sek<\/td>\n<\/tr>\n<\/tbody>\n<\/table>\n<\/div>\n<div aria-hidden=\"true\" class=\"fignote\" style=\"font-size:80%;padding-top:1em;\">K\u00e4lla: Riksdagens \u00f6ppna data. H\u00e4r \u00e4r partiledardebatterna bortr\u00e4knade.<\/p>\n<div class=\"chart-download\" style=\"font-size:80%;margin-top:1.333em;\">\n<details style=\"text-align:left;\">\n<summary>Kopiera tabellen (f\u00f6r eget CMS, Datawrapper, Infogram, etc.)<\/summary>\n<div class=\"DetailsEdSlim\" style=\"margin-top:1em;\">\n<p>Os\u00e4ker p\u00e5 hur du kopierar en tabell? L\u00e4s mer p\u00e5 <a href=\"https:\/\/www.newsworthy.se\/kopiera-tabeller-och-grafer\">www.newsworthy.se\/kopiera-tabeller-och-grafer<\/a>.<\/p>\n<p>I vissa CMS finns ett tabellverktyg d\u00e4r du kan klistra in tabelldata direkt i tabellredigeringsverktyget (ofta som csv eller tsv).<br \/>I andra CMS m\u00e5ste du v\u00e4xla till \u201dk\u00e4llredigering\u201d, \u201dkodl\u00e4ge\u201d eller liknande, och klistra in tabellen som html.<\/p>\n<\/div>\n<\/details>\n<\/div>\n<\/div>\n<\/figure>\n<aside class=\"Details\">\n<div class=\"Typography--article\">\n<h2 class=\"Typography--h3\">K\u00e4lla och metod<\/h2>\n<p>All data kommer fr\u00e5n <a href=\"https:\/\/www.riksdagen.se\/sv\/dokument-och-lagar\/riksdagens-oppna-data\/\" target=\"_blank\">Riksdagens \u00f6ppna data<\/a>. G\u00e4ller till och med den 13 augusti 2026. <\/p>\n<\/div>\n<\/aside>\n<h2>De har suttit i riksdagen f\u00f6r Norrbottens l\u00e4ns valkrets 2022\u20132026<\/h2>\n<aside class=\"Details\">\n<div class=\"Typography--article\">\n<h2 class=\"Typography--h3\">Fredrik Lundh Sammeli<\/h2>\n<p> Riksdagsledamot <em>(september 2022\u2013september 2026)<\/em><\/p>\n<p>Parti: Socialdemokraterna <\/p>\n<p>Talartid: 5\u00a0tim 25\u00a0min 8\u00a0sek<\/p>\n<p>Undertecknade motioner: 139<\/p>\n<p>Interpellationer: 12<\/p>\n<p>Skriftliga fr\u00e5gor: 45<\/p>\n<p>Fr\u00e5nvaro vid voteringar: 10 %<\/p>\n<p>Utskott: <\/p>\n<p>Socialutskottet, vice ordf\u00f6rande oktober 2022\u2013september 2026<\/p>\n<p>Socialutskottet, ledamot oktober 2022<\/p>\n<\/div>\n<\/aside>\n<aside class=\"Details\">\n<div class=\"Typography--article\">\n<h2 class=\"Typography--h3\">Birger Lahti<\/h2>\n<p> Riksdagsledamot <em>(september 2022\u2013september 2026)<\/em><\/p>\n<p>Parti: V\u00e4nsterpartiet <\/p>\n<p>Talartid: 11\u00a0tim 10\u00a0min 20\u00a0sek<\/p>\n<p>Undertecknade motioner: 103<\/p>\n<p>Interpellationer: 2<\/p>\n<p>Skriftliga fr\u00e5gor: 11<\/p>\n<p>Fr\u00e5nvaro vid voteringar: 13 %<\/p>\n<p>Utskott: <\/p>\n<p>N\u00e4ringsutskottet, ledamot oktober 2022\u2013september 2026<\/p>\n<p>Civilutskottet, suppleant februari 2023\u2013september 2026<\/p>\n<p>Trafikutskottet, suppleant september 2024\u2013september 2026<\/p>\n<p>F\u00f6rsvarsutskottet, suppleant oktober 2022\u2013september 2025<\/p>\n<\/div>\n<\/aside>\n<aside class=\"Details\">\n<div class=\"Typography--article\">\n<h2 class=\"Typography--h3\">Ida Karkiainen<\/h2>\n<p> Tj\u00e4nstg\u00f6rande riksdagsledamot <em>(ledig september 2022\u2013oktober 2022          )<\/em><\/p>\n<p>Parti: Socialdemokraterna <\/p>\n<p>Talartid: 4\u00a0tim 31\u00a0min 44\u00a0sek<\/p>\n<p>Undertecknade motioner: 114<\/p>\n<p>Interpellationer: 4<\/p>\n<p>Skriftliga fr\u00e5gor: 8<\/p>\n<p>Fr\u00e5nvaro vid voteringar: 5 %<\/p>\n<p>Utskott: <\/p>\n<p>Socialf\u00f6rs\u00e4kringsutskottet, ledamot oktober 2025\u2013september 2026<\/p>\n<p>Konstitutionsutskottet, ordf\u00f6rande oktober 2022\u2013oktober 2025<\/p>\n<p>Konstitutionsutskottet, ledamot oktober 2022<\/p>\n<\/div>\n<\/aside>\n<aside class=\"Details\">\n<div class=\"Typography--article\">\n<h2 class=\"Typography--h3\">Linus Sk\u00f6ld<\/h2>\n<p> Riksdagsledamot <em>(september 2022\u2013september 2026)<\/em><\/p>\n<p>Parti: Socialdemokraterna <\/p>\n<p>Talartid: 21\u00a0tim 16\u00a0min 35\u00a0sek<\/p>\n<p>Undertecknade motioner: 99<\/p>\n<p>Interpellationer: 87<\/p>\n<p>Skriftliga fr\u00e5gor: 42<\/p>\n<p>Fr\u00e5nvaro vid voteringar: 10 %<\/p>\n<p>Utskott: <\/p>\n<p>Utbildningsutskottet, ledamot oktober 2022\u2013september 2026<\/p>\n<\/div>\n<\/aside>\n<aside class=\"Details\">\n<div class=\"Typography--article\">\n<h2 class=\"Typography--h3\">Eric Palmqvist<\/h2>\n<p> Riksdagsledamot <em>(september 2022\u2013september 2026)<\/em><\/p>\n<p>Parti: Sverigedemokraterna <\/p>\n<p>Talartid: 6\u00a0tim 30\u00a0min 50\u00a0sek<\/p>\n<p>Undertecknade motioner: 190<\/p>\n<p>Interpellationer: 7<\/p>\n<p>Skriftliga fr\u00e5gor: 15<\/p>\n<p>Fr\u00e5nvaro vid voteringar: 8 %<\/p>\n<p>Utskott: <\/p>\n<p>N\u00e4ringsutskottet, ledamot mars 2025\u2013september 2026<\/p>\n<p>N\u00e4ringsutskottet, ledamot oktober 2022\u2013mars 2025<\/p>\n<\/div>\n<\/aside>\n<aside class=\"Details\">\n<div class=\"Typography--article\">\n<h2 class=\"Typography--h3\">Mattias Karlsson<\/h2>\n<p> Riksdagsledamot <em>(september 2022\u2013september 2026)<\/em><\/p>\n<p>Parti: Moderaterna <em>(gruppledare)<\/em><\/p>\n<p>Talartid: 5\u00a0min<\/p>\n<p>Undertecknade motioner: 3<\/p>\n<p>Interpellationer: \u2013<\/p>\n<p>Skriftliga fr\u00e5gor: \u2013<\/p>\n<p>Fr\u00e5nvaro vid voteringar: 27 %<\/p>\n<p>Utskott: <\/p>\n<p>Finansutskottet, suppleant oktober 2022<\/p>\n<p>Skatteutskottet, suppleant oktober 2022<\/p>\n<\/div>\n<\/aside>\n<aside class=\"Details\">\n<div class=\"Typography--article\">\n<h2 class=\"Typography--h3\">Johnny Svedin<\/h2>\n<p> Riksdagsledamot <em>(september 2022\u2013september 2026)<\/em><\/p>\n<p>Parti: Sverigedemokraterna <\/p>\n<p>Talartid: 2\u00a0tim 33\u00a0min 40\u00a0sek<\/p>\n<p>Undertecknade motioner: 125<\/p>\n<p>Interpellationer: 3<\/p>\n<p>Skriftliga fr\u00e5gor: 21<\/p>\n<p>Fr\u00e5nvaro vid voteringar: 4 %<\/p>\n<p>Utskott: <\/p>\n<p>N\u00e4ringsutskottet, ledamot mars 2025\u2013september 2026<\/p>\n<p>Skatteutskottet, suppleant september 2023\u2013september 2026<\/p>\n<p>N\u00e4ringsutskottet, suppleant september 2023\u2013mars 2025<\/p>\n<p>Socialutskottet, ledamot oktober 2022\u2013september 2023<\/p>\n<p>EU-n\u00e4mnden, suppleant mars 2025\u2013september 2026<\/p>\n<p>EU-n\u00e4mnden, suppleant oktober 2022\u2013september 2023<\/p>\n<\/div>\n<\/aside>\n<aside class=\"Details\">\n<div class=\"Typography--article\">\n<h2 class=\"Typography--h3\">Zara Leghissa<\/h2>\n<p> Riksdagsledamot <em>(september 2022\u2013september 2026)<\/em><\/p>\n<p>Parti: Socialdemokraterna <\/p>\n<p>Talartid: 3\u00a0tim 34\u00a0sek<\/p>\n<p>Undertecknade motioner: 115<\/p>\n<p>Interpellationer: 4<\/p>\n<p>Skriftliga fr\u00e5gor: 2<\/p>\n<p>Fr\u00e5nvaro vid voteringar: 5 %<\/p>\n<p>Utskott: <\/p>\n<p>Trafikutskottet, suppleant april 2024\u2013september 2026<\/p>\n<p>Socialf\u00f6rs\u00e4kringsutskottet, suppleant oktober 2022\u2013april 2024<\/p>\n<\/div>\n<\/aside>\n<\/div>\n<p>&#8212;&#8212;&#8212;&#8212;&#8212;&#8212;&#8212;&#8212;&#8212;&#8212;&#8212;&#8212;&#8212;&#8212;&#8212;&#8212;&#8212;&#8212;&#8212;&#8211;<br \/>\n<a href=\"https:\/\/www.newsworthy.se\/artikel\/445651?utm_campaign=rss&#038;utm_source=lule%C3%A5-kommun target=\"_blank\"\">Klicka h\u00e4r &#8211; l\u00e4nk till originalinl\u00e4gget<\/a><br \/>\n<br \/>\nK\u00e4lla: Newsworthy (Lule\u00e5)<br \/>\n&#8212;&#8212;&#8212;&#8212;&#8212;&#8212;&#8212;&#8212;&#8212;&#8212;&#8212;&#8212;&#8212;&#8212;&#8212;&#8212;&#8212;&#8212;&#8212;&#8211;<\/p>\n","protected":false},"excerpt":{"rendered":"<p>En mandatperiod \u00e4r till \u00e4nda \u2013 och s\u00e5 har riksdagsledam\u00f6terna fr\u00e5n Norrbottens l\u00e4ns valkrets gjort avtryck i riksdagen. \u2713 Han \u00e4r en av riksdagens med talf\u00f6ra. \u2713 Han har undertecknat flest motioner. \u2713 Han har varit mest fr\u00e5gvis. Totalt 54\u00a0timmar och 34\u00a0minuter har riksdagsledam\u00f6terna fr\u00e5n Norrbottens l\u00e4ns valkretsst\u00e5tt i kammarens talarstol under den senaste mandatperioden. [&hellip;]<\/p>\n","protected":false},"author":106,"featured_media":18498,"comment_status":"closed","ping_status":"closed","sticky":false,"template":"","format":"standard","meta":{"_acf_changed":false,"footnotes":"","_links_to":"","_links_to_target":""},"categories":[12],"tags":[],"class_list":["post-18497","post","type-post","status-publish","format-standard","has-post-thumbnail","category-allmant"],"featured_image_src":"https:\/\/gratistidning.com\/lulea\/wp-content\/uploads\/sites\/14\/2026\/09\/pressbilder-kammaren-under-votering-2023.jpg_1200x630-1024x538.jpg","blog_images":{"medium":"https:\/\/gratistidning.com\/lulea\/wp-content\/uploads\/sites\/14\/2026\/09\/pressbilder-kammaren-under-votering-2023.jpg_1200x630-300x158.jpg","large":"https:\/\/gratistidning.com\/lulea\/wp-content\/uploads\/sites\/14\/2026\/09\/pressbilder-kammaren-under-votering-2023.jpg_1200x630-1024x538.jpg"},"acf":[],"ams_acf":[],"publishpress_future_action":{"enabled":false,"date":"2026-09-08 08:54:40","action":"change-status","newStatus":"draft","terms":[],"taxonomy":"category","extraData":[]},"publishpress_future_workflow_manual_trigger":{"enabledWorkflows":[]},"_links":{"self":[{"href":"https:\/\/gratistidning.com\/lulea\/wp-json\/wp\/v2\/posts\/18497","targetHints":{"allow":["GET"]}}],"collection":[{"href":"https:\/\/gratistidning.com\/lulea\/wp-json\/wp\/v2\/posts"}],"about":[{"href":"https:\/\/gratistidning.com\/lulea\/wp-json\/wp\/v2\/types\/post"}],"author":[{"embeddable":true,"href":"https:\/\/gratistidning.com\/lulea\/wp-json\/wp\/v2\/users\/106"}],"replies":[{"embeddable":true,"href":"https:\/\/gratistidning.com\/lulea\/wp-json\/wp\/v2\/comments?post=18497"}],"version-history":[{"count":0,"href":"https:\/\/gratistidning.com\/lulea\/wp-json\/wp\/v2\/posts\/18497\/revisions"}],"wp:featuredmedia":[{"embeddable":true,"href":"https:\/\/gratistidning.com\/lulea\/wp-json\/wp\/v2\/media\/18498"}],"wp:attachment":[{"href":"https:\/\/gratistidning.com\/lulea\/wp-json\/wp\/v2\/media?parent=18497"}],"wp:term":[{"taxonomy":"category","embeddable":true,"href":"https:\/\/gratistidning.com\/lulea\/wp-json\/wp\/v2\/categories?post=18497"},{"taxonomy":"post_tag","embeddable":true,"href":"https:\/\/gratistidning.com\/lulea\/wp-json\/wp\/v2\/tags?post=18497"}],"curies":[{"name":"wp","href":"https:\/\/api.w.org\/{rel}","templated":true}]}}