{"id":18552,"date":"2026-09-03T11:40:00","date_gmt":"2026-09-03T09:40:00","guid":{"rendered":"https:\/\/gratistidning.com\/lulea\/blog\/2026\/09\/03\/ingen-fortsattning-for-froberg-lulea\/"},"modified":"2026-09-03T11:40:00","modified_gmt":"2026-09-03T09:40:00","slug":"ingen-fortsattning-for-froberg-lulea","status":"publish","type":"post","link":"https:\/\/gratistidning.com\/lulea\/blog\/2026\/09\/03\/ingen-fortsattning-for-froberg-lulea\/","title":{"rendered":"Ingen forts\u00e4ttning f\u00f6r Fr\u00f6berg | Lule\u00e5"},"content":{"rendered":"<div data-v-925f82e7=\"\">\n<p class=\"paragraph text-left\"> Thomas Fr\u00f6berg har ett utg\u00e5ende kontrakt som General Manager<br \/>\nefter den h\u00e4r s\u00e4songen, vilket inneburit att han under en tid haft diskussioner<br \/>\nkring framtiden tillsammans med klubbdirekt\u00f6r Per Ekervhen. <\/p>\n<p class=\"paragraph text-left\"> I samband med dessa diskussioner har Thomas meddelat att han<br \/>\nav familjesk\u00e4l inte kommer att forts\u00e4tta som General Manager f\u00f6r Lule\u00e5 Hockey<br \/>\nn\u00e4r det nuvarande kontraktet g\u00e5r ut. <\/p>\n<p class=\"paragraph text-left\"> <strong>Per Ekervhen, klubbdirekt\u00f6r<\/strong> <\/p>\n<p class=\"paragraph text-left\"> &#8211; Det \u00e4r s\u00e5 klart tr\u00e5kigt att det inte blir n\u00e5gon<br \/>\nforts\u00e4ttning tillsammans med Thomas efter den h\u00e4r s\u00e4songen. Vi har dock st\u00f6rsta<br \/>\nf\u00f6rst\u00e5else f\u00f6r hans familjesituation och \u00f6nskar honom all lycka till fram\u00f6ver. <\/p>\n<p class=\"paragraph text-left\"> &#8211; Samtidigt \u00e4r det sk\u00f6nt att vi f\u00e5tt ett klart besked redan<br \/>\nnu och d\u00e4rmed kan p\u00e5b\u00f6rja rekryteringsarbetet i god tid. Och utifr\u00e5n att Thomas<br \/>\nkommer forts\u00e4tta jobba tillsammans med Ulf Engman under den h\u00e4r s\u00e4songen, s\u00e5 g\u00f6r<br \/>\ndet inte n\u00e5gon st\u00f6rre skillnad i det dagliga arbetet som v\u00e5ra sportchefer g\u00f6r<br \/>\nmed laget eller f\u00f6reningen i stort. <\/p>\n<p class=\"paragraph text-left\"> <strong>Thomas Fr\u00f6berg, General Manager<\/strong> <\/p>\n<p class=\"paragraph text-left\"> &#8211; Utifr\u00e5n min familjesituation och att f\u00f6reningen vill jobba<br \/>\nl\u00e5ngsiktigt inf\u00f6r framtiden, har jag valt att tacka nej till en forts\u00e4ttning<br \/>\nsom General Manager f\u00f6r Lule\u00e5 Hockey n\u00e4r mitt avtal g\u00e5r ut efter den h\u00e4r<br \/>\ns\u00e4songen. <\/p>\n<p class=\"paragraph text-left\"> &#8211; Jag har haft tv\u00e5 fantastiska \u00e5r tillsammans med f\u00f6reningen,<br \/>\nmed SM-guldet 2025 som absolut h\u00f6jdpunkt. Och jag \u00e4r helt inst\u00e4lld p\u00e5 att avsluta<br \/>\nmitt uppdrag med ytterligare en bra s\u00e4song tillsammans med Ulf och laget d\u00e4r vi<br \/>\nalla ska fira tillsammans igen n\u00e4r s\u00e4songen \u00e4r \u00f6ver. <\/p>\n<\/div>\n<p>&#8212;&#8212;&#8212;&#8212;&#8212;&#8212;&#8212;&#8212;&#8212;&#8212;&#8212;&#8212;&#8212;&#8212;&#8212;&#8212;&#8212;&#8212;&#8212;&#8211;<br \/>\n<a href=\"http:\/\/www.luleahockey.se\/article\/6xiatks-30c4d\/view\">Klicka h\u00e4r &#8211; l\u00e4nk till originalinl\u00e4gget<\/a><br \/>\n<br \/>\nK\u00e4lla: Lule\u00e5 Hockey<br \/>\n&#8212;&#8212;&#8212;&#8212;&#8212;&#8212;&#8212;&#8212;&#8212;&#8212;&#8212;&#8212;&#8212;&#8212;&#8212;&#8212;&#8212;&#8212;&#8212;&#8211;<\/p>\n","protected":false},"excerpt":{"rendered":"<p>Thomas Fr\u00f6berg har ett utg\u00e5ende kontrakt som General Manager efter den h\u00e4r s\u00e4songen, vilket inneburit att han under en tid haft diskussioner kring framtiden tillsammans med klubbdirekt\u00f6r Per Ekervhen. I samband med dessa diskussioner har Thomas meddelat att han av familjesk\u00e4l inte kommer att forts\u00e4tta som General Manager f\u00f6r Lule\u00e5 Hockey n\u00e4r det nuvarande kontraktet [&hellip;]<\/p>\n","protected":false},"author":68,"featured_media":18553,"comment_status":"closed","ping_status":"closed","sticky":false,"template":"","format":"standard","meta":{"_acf_changed":false,"footnotes":"","_links_to":"","_links_to_target":""},"categories":[81,13],"tags":[],"class_list":["post-18552","post","type-post","status-publish","format-standard","has-post-thumbnail","category-lulea-hockey","category-sport"],"featured_image_src":"https:\/\/gratistidning.com\/lulea\/wp-content\/uploads\/sites\/14\/2026\/09\/589a1cb9-b3ec-4a13-a68f-f6a7e63809e9Frberg-1024x576.jpg","blog_images":{"medium":"https:\/\/gratistidning.com\/lulea\/wp-content\/uploads\/sites\/14\/2026\/09\/589a1cb9-b3ec-4a13-a68f-f6a7e63809e9Frberg-300x169.jpg","large":"https:\/\/gratistidning.com\/lulea\/wp-content\/uploads\/sites\/14\/2026\/09\/589a1cb9-b3ec-4a13-a68f-f6a7e63809e9Frberg-1024x576.jpg"},"acf":[],"ams_acf":[],"publishpress_future_action":{"enabled":false,"date":"2026-09-11 15:18:13","action":"change-status","newStatus":"draft","terms":[],"taxonomy":"category","extraData":[]},"publishpress_future_workflow_manual_trigger":{"enabledWorkflows":[]},"_links":{"self":[{"href":"https:\/\/gratistidning.com\/lulea\/wp-json\/wp\/v2\/posts\/18552","targetHints":{"allow":["GET"]}}],"collection":[{"href":"https:\/\/gratistidning.com\/lulea\/wp-json\/wp\/v2\/posts"}],"about":[{"href":"https:\/\/gratistidning.com\/lulea\/wp-json\/wp\/v2\/types\/post"}],"author":[{"embeddable":true,"href":"https:\/\/gratistidning.com\/lulea\/wp-json\/wp\/v2\/users\/68"}],"replies":[{"embeddable":true,"href":"https:\/\/gratistidning.com\/lulea\/wp-json\/wp\/v2\/comments?post=18552"}],"version-history":[{"count":0,"href":"https:\/\/gratistidning.com\/lulea\/wp-json\/wp\/v2\/posts\/18552\/revisions"}],"wp:featuredmedia":[{"embeddable":true,"href":"https:\/\/gratistidning.com\/lulea\/wp-json\/wp\/v2\/media\/18553"}],"wp:attachment":[{"href":"https:\/\/gratistidning.com\/lulea\/wp-json\/wp\/v2\/media?parent=18552"}],"wp:term":[{"taxonomy":"category","embeddable":true,"href":"https:\/\/gratistidning.com\/lulea\/wp-json\/wp\/v2\/categories?post=18552"},{"taxonomy":"post_tag","embeddable":true,"href":"https:\/\/gratistidning.com\/lulea\/wp-json\/wp\/v2\/tags?post=18552"}],"curies":[{"name":"wp","href":"https:\/\/api.w.org\/{rel}","templated":true}]}}