{"id":18555,"date":"2026-09-03T11:30:00","date_gmt":"2026-09-03T09:30:00","guid":{"rendered":"https:\/\/gratistidning.com\/lulea\/blog\/2026\/09\/03\/kompetensutveckling-och-kollegialt-larande-starker-forskolan\/"},"modified":"2026-09-03T11:30:00","modified_gmt":"2026-09-03T09:30:00","slug":"kompetensutveckling-och-kollegialt-larande-starker-forskolan","status":"publish","type":"post","link":"https:\/\/gratistidning.com\/lulea\/blog\/2026\/09\/03\/kompetensutveckling-och-kollegialt-larande-starker-forskolan\/","title":{"rendered":"Kompetensutveckling och kollegialt l\u00e4rande st\u00e4rker f\u00f6rskolan"},"content":{"rendered":"<p><\/p>\n<div>\n<p class=\"normal\">F\u00f6rskolans uppdrag f\u00f6r\u00e4ndras och st\u00e4ller nya krav p\u00e5 kunskaper och arbetss\u00e4tt. I Lule\u00e5 kommuns f\u00f6rskolor satsar man p\u00e5 kompetensutveckling, n\u00e4tverk och kollegialt l\u00e4rande f\u00f6r att ge medarbetarna m\u00f6jlighet att b\u00e5de l\u00e4ra nytt och l\u00e4ra av varandra.<\/p>\n<p class=\"normal\">\u2013 Vi arbetar strategiskt f\u00f6r att erbjuda personalen kvalificerad kompetensutveckling, inte genom tillf\u00e4lliga insatser utan som en del av ett l\u00e5ngsiktigt arbete, s\u00e4ger Lovisa Taavo, utvecklingsledare.<\/p>\n<p class=\"normal\">Genom utbildningar och n\u00e4tverk f\u00e5r pedagogerna m\u00f6jlighet att f\u00f6rdjupa sina kunskaper och utveckla arbetss\u00e4tt som kan anv\u00e4ndas direkt i undervisningen. En viktig del \u00e4r att skapa m\u00f6jligheter f\u00f6r pedagoger fr\u00e5n olika f\u00f6rskolor att m\u00f6tas, dela erfarenheter, pr\u00f6va id\u00e9er och l\u00e4ra av varandra. P\u00e5 s\u00e5 s\u00e4tt kan erfarenheter och id\u00e9er spridas mellan f\u00f6rskolorna. I Lule\u00e5 anv\u00e4nds bland annat Kreativt Kompetens Centrum, KKC, som en gemensam m\u00f6tesplats. \u00c5sa Larsson, arbetar som utvecklare och har en nyckelroll i utvecklingen av KKC.<\/p>\n<p class=\"normal\">\u2013 P\u00e5 KKC kan rektorerna h\u00e5lla sina \u00e5rliga kvalitetsdagar, utbildningar och andra m\u00f6ten. H\u00e4r arrangeras ocks\u00e5 kollegiala n\u00e4tverk och pedagogiska caf\u00e9er d\u00e4r pedagoger kan diskutera pedagogiska fr\u00e5gor, dela erfarenheter och inspireras av varandras arbete. Det st\u00e4rker kvalitetsarbetet och bidrar till en mer likv\u00e4rdig f\u00f6rskola, s\u00e4ger \u00c5sa Larsson.<\/p>\n<\/div>\n<p>&#8212;&#8212;&#8212;&#8212;&#8212;&#8212;&#8212;&#8212;&#8212;&#8212;&#8212;&#8212;&#8212;&#8212;&#8212;&#8212;&#8212;&#8212;&#8212;&#8211;<br \/>\n<a href=\"https:\/\/vartlulea.se\/arkiv\/aktuellt\/kompetensutvecklingochkollegialtlarandestarkerforskolan.5.1ec5bfbd1a01557c1a7930e.html\" target=\"_blank\">Klicka h\u00e4r &#8211; l\u00e4nk till originalinl\u00e4gget<\/a><br \/>\n<br \/>\nK\u00e4lla: Lule\u00e5 kommun \/ V\u00e5rt Lule\u00e5<br \/>\n&#8212;&#8212;&#8212;&#8212;&#8212;&#8212;&#8212;&#8212;&#8212;&#8212;&#8212;&#8212;&#8212;&#8212;&#8212;&#8212;&#8212;&#8212;&#8212;&#8211;<\/p>\n","protected":false},"excerpt":{"rendered":"<p>F\u00f6rskolans uppdrag f\u00f6r\u00e4ndras och st\u00e4ller nya krav p\u00e5 kunskaper och arbetss\u00e4tt. I Lule\u00e5 kommuns f\u00f6rskolor satsar man p\u00e5 kompetensutveckling, n\u00e4tverk och kollegialt l\u00e4rande f\u00f6r att ge medarbetarna m\u00f6jlighet att b\u00e5de l\u00e4ra nytt och l\u00e4ra av varandra. \u2013 Vi arbetar strategiskt f\u00f6r att erbjuda personalen kvalificerad kompetensutveckling, inte genom tillf\u00e4lliga insatser utan som en del av [&hellip;]<\/p>\n","protected":false},"author":24,"featured_media":18556,"comment_status":"closed","ping_status":"closed","sticky":false,"template":"","format":"standard","meta":{"_acf_changed":false,"footnotes":"","_links_to":"","_links_to_target":""},"categories":[50,49],"tags":[],"class_list":["post-18555","post","type-post","status-publish","format-standard","has-post-thumbnail","category-lulea-kommun","category-kommunen"],"featured_image_src":"https:\/\/gratistidning.com\/lulea\/wp-content\/uploads\/sites\/14\/2026\/09\/Teknik20Charlottendahl2020009-1024x632.jpg","blog_images":{"medium":"https:\/\/gratistidning.com\/lulea\/wp-content\/uploads\/sites\/14\/2026\/09\/Teknik20Charlottendahl2020009-300x185.jpg","large":"https:\/\/gratistidning.com\/lulea\/wp-content\/uploads\/sites\/14\/2026\/09\/Teknik20Charlottendahl2020009-1024x632.jpg"},"acf":[],"ams_acf":[],"publishpress_future_action":{"enabled":false,"date":"2026-09-11 16:22:15","action":"change-status","newStatus":"draft","terms":[],"taxonomy":"category","extraData":[]},"publishpress_future_workflow_manual_trigger":{"enabledWorkflows":[]},"_links":{"self":[{"href":"https:\/\/gratistidning.com\/lulea\/wp-json\/wp\/v2\/posts\/18555","targetHints":{"allow":["GET"]}}],"collection":[{"href":"https:\/\/gratistidning.com\/lulea\/wp-json\/wp\/v2\/posts"}],"about":[{"href":"https:\/\/gratistidning.com\/lulea\/wp-json\/wp\/v2\/types\/post"}],"author":[{"embeddable":true,"href":"https:\/\/gratistidning.com\/lulea\/wp-json\/wp\/v2\/users\/24"}],"replies":[{"embeddable":true,"href":"https:\/\/gratistidning.com\/lulea\/wp-json\/wp\/v2\/comments?post=18555"}],"version-history":[{"count":0,"href":"https:\/\/gratistidning.com\/lulea\/wp-json\/wp\/v2\/posts\/18555\/revisions"}],"wp:featuredmedia":[{"embeddable":true,"href":"https:\/\/gratistidning.com\/lulea\/wp-json\/wp\/v2\/media\/18556"}],"wp:attachment":[{"href":"https:\/\/gratistidning.com\/lulea\/wp-json\/wp\/v2\/media?parent=18555"}],"wp:term":[{"taxonomy":"category","embeddable":true,"href":"https:\/\/gratistidning.com\/lulea\/wp-json\/wp\/v2\/categories?post=18555"},{"taxonomy":"post_tag","embeddable":true,"href":"https:\/\/gratistidning.com\/lulea\/wp-json\/wp\/v2\/tags?post=18555"}],"curies":[{"name":"wp","href":"https:\/\/api.w.org\/{rel}","templated":true}]}}