{"id":5353,"date":"2024-04-08T11:30:02","date_gmt":"2024-04-08T09:30:02","guid":{"rendered":"https:\/\/gratistidning.com.hemsida.eu\/lulea\/blog\/2024\/04\/08\/aldreomsorgen-utvecklas-missa-inte-chansen-att-tycka-till\/"},"modified":"2024-04-08T11:30:02","modified_gmt":"2024-04-08T09:30:02","slug":"aldreomsorgen-utvecklas-missa-inte-chansen-att-tycka-till","status":"publish","type":"post","link":"https:\/\/gratistidning.com\/lulea\/blog\/2024\/04\/08\/aldreomsorgen-utvecklas-missa-inte-chansen-att-tycka-till\/","title":{"rendered":"\u00c4ldreomsorgen utvecklas \u2013 missa inte chansen att tycka till"},"content":{"rendered":"<p><\/p>\n<div>\n<p class=\"normal\">Ett s\u00e4tt att f\u00f6lja upp kvaliteten \u00e4r att personer \u00f6ver 65 \u00e5r som har st\u00f6d av hemtj\u00e4nst eller bor p\u00e5 v\u00e5rd- och omsorgsboende f\u00f6r \u00e4ldre och f\u00e5r Socialstyrelsens enk\u00e4t \u201dVad tycker de \u00e4ldre om \u00e4ldreomsorgen?\u201d i brevl\u00e5dan, svarar p\u00e5 vad som upplevs positivt och negativt. I 2023 \u00e5rs enk\u00e4tunders\u00f6kning svarade 58 procent av alla personer som har hemtj\u00e4nst och 45 procent av alla personer p\u00e5 v\u00e5rd-och omsorgsboenden.<\/p>\n<p class=\"normal\">\u2013 Resultatet visar att Lule\u00e5 kommun ligger i framkant n\u00e4r det g\u00e4ller bem\u00f6tande, vilket vi \u00e4r otroligt stolta \u00f6ver, s\u00e4ger Katarina Morin.<\/p>\n<p class=\"normal\">Men f\u00f6rra \u00e5rets unders\u00f6kning visar \u00e4ven p\u00e5 behov av f\u00f6rb\u00e4ttringar. <\/p>\n<p class=\"normal\">\u2013 Vi beh\u00f6ver arbeta mer med att \u00f6ka k\u00e4nslan av trygghet och minska k\u00e4nslan av ensamhet bland v\u00e5ra \u00e4ldre, samt bli mer tillg\u00e4ngliga, s\u00e4ger Katarina Morin.<\/p>\n<p class=\"normal\">Handlingsplaner uppr\u00e4ttas utifr\u00e5n resultaten med syfte att f\u00f6rb\u00e4ttra service och kvalitet. <\/p>\n<p class=\"normal\">\u2013 F\u00f6r att f\u00e5 s\u00e5 bra underlag som m\u00f6jligt att arbeta med vill vi g\u00e4rna att fler svarar p\u00e5 enk\u00e4ten. Anh\u00f6riga kan ocks\u00e5 hj\u00e4lpa sina n\u00e4rst\u00e5ende \u00e4ldre att svara, eftersom omv\u00e5rdnadspersonal inte f\u00e5r hj\u00e4lpa till, s\u00e4ger Katarina Morin, tillf\u00f6rordnad verksamhetschef.<\/p>\n<\/div>\n<p>&#8212;&#8212;&#8212;&#8212;&#8212;&#8212;&#8212;&#8212;&#8212;&#8212;&#8212;&#8212;&#8212;&#8212;&#8212;&#8212;&#8212;&#8212;&#8212;&#8211;<br \/>\n<a href=\"https:\/\/vartlulea.se\/arkiv\/aktuellt\/aldreomsorgenutvecklasmissaintechansenatttyckatill.5.5b54d24518e4238dc7316caf.html\" target=\"_blank\" rel=\"noopener\">Klicka h\u00e4r &#8211; l\u00e4nk till originalinl\u00e4gget<\/a><br \/>\n<br \/>\nK\u00e4lla: Lule\u00e5 kommun \/ V\u00e5rt Lule\u00e5<br \/>\n&#8212;&#8212;&#8212;&#8212;&#8212;&#8212;&#8212;&#8212;&#8212;&#8212;&#8212;&#8212;&#8212;&#8212;&#8212;&#8212;&#8212;&#8212;&#8212;&#8211;<\/p>\n","protected":false},"excerpt":{"rendered":"<p>Ett s\u00e4tt att f\u00f6lja upp kvaliteten \u00e4r att personer \u00f6ver 65 \u00e5r som har st\u00f6d av hemtj\u00e4nst eller bor p\u00e5 v\u00e5rd- och omsorgsboende f\u00f6r \u00e4ldre och f\u00e5r Socialstyrelsens enk\u00e4t \u201dVad tycker de \u00e4ldre om \u00e4ldreomsorgen?\u201d i brevl\u00e5dan, svarar p\u00e5 vad som upplevs positivt och negativt. I 2023 \u00e5rs enk\u00e4tunders\u00f6kning svarade 58 procent av alla personer [&hellip;]<\/p>\n","protected":false},"author":24,"featured_media":5354,"comment_status":"closed","ping_status":"closed","sticky":false,"template":"","format":"standard","meta":{"_acf_changed":false,"footnotes":"","_links_to":"","_links_to_target":""},"categories":[50,49],"tags":[],"class_list":{"0":"post-5353","1":"post","2":"type-post","3":"status-publish","4":"format-standard","5":"has-post-thumbnail","7":"category-lulea-kommun","8":"category-kommunen"},"featured_image_src":"https:\/\/gratistidning.com\/lulea\/wp-content\/uploads\/sites\/14\/2024\/04\/shutterstock_2157169755_120020bredd20kopiera-1024x576.jpg","blog_images":{"medium":"https:\/\/gratistidning.com\/lulea\/wp-content\/uploads\/sites\/14\/2024\/04\/shutterstock_2157169755_120020bredd20kopiera-300x169.jpg","large":"https:\/\/gratistidning.com\/lulea\/wp-content\/uploads\/sites\/14\/2024\/04\/shutterstock_2157169755_120020bredd20kopiera-1024x576.jpg"},"acf":[],"ams_acf":[],"publishpress_future_action":{"enabled":false,"date":"2026-05-07 10:43:12","action":"change-status","newStatus":"draft","terms":[],"taxonomy":"category","extraData":[]},"publishpress_future_workflow_manual_trigger":{"enabledWorkflows":[]},"_links":{"self":[{"href":"https:\/\/gratistidning.com\/lulea\/wp-json\/wp\/v2\/posts\/5353","targetHints":{"allow":["GET"]}}],"collection":[{"href":"https:\/\/gratistidning.com\/lulea\/wp-json\/wp\/v2\/posts"}],"about":[{"href":"https:\/\/gratistidning.com\/lulea\/wp-json\/wp\/v2\/types\/post"}],"author":[{"embeddable":true,"href":"https:\/\/gratistidning.com\/lulea\/wp-json\/wp\/v2\/users\/24"}],"replies":[{"embeddable":true,"href":"https:\/\/gratistidning.com\/lulea\/wp-json\/wp\/v2\/comments?post=5353"}],"version-history":[{"count":0,"href":"https:\/\/gratistidning.com\/lulea\/wp-json\/wp\/v2\/posts\/5353\/revisions"}],"wp:featuredmedia":[{"embeddable":true,"href":"https:\/\/gratistidning.com\/lulea\/wp-json\/wp\/v2\/media\/5354"}],"wp:attachment":[{"href":"https:\/\/gratistidning.com\/lulea\/wp-json\/wp\/v2\/media?parent=5353"}],"wp:term":[{"taxonomy":"category","embeddable":true,"href":"https:\/\/gratistidning.com\/lulea\/wp-json\/wp\/v2\/categories?post=5353"},{"taxonomy":"post_tag","embeddable":true,"href":"https:\/\/gratistidning.com\/lulea\/wp-json\/wp\/v2\/tags?post=5353"}],"curies":[{"name":"wp","href":"https:\/\/api.w.org\/{rel}","templated":true}]}}