{"id":537,"date":"2023-06-15T07:35:00","date_gmt":"2023-06-15T07:35:00","guid":{"rendered":"https:\/\/gratistidning.com.hemsida.eu\/lulea\/blog\/2023\/06\/15\/forslag-till-fullmaktige-nya-taxor-for-arcushallen\/"},"modified":"2023-06-15T07:35:00","modified_gmt":"2023-06-15T07:35:00","slug":"forslag-till-fullmaktige-nya-taxor-for-arcushallen","status":"publish","type":"post","link":"https:\/\/gratistidning.com\/lulea\/blog\/2023\/06\/15\/forslag-till-fullmaktige-nya-taxor-for-arcushallen\/","title":{"rendered":"F\u00f6rslag till fullm\u00e4ktige: Nya taxor f\u00f6r Arcushallen"},"content":{"rendered":"<p><\/p>\n<div>\n<p class=\"normal\">I november fattades beslutet att konstgr\u00e4set i Arcushallen \u00e5rligen ska tas upp p\u00e5 v\u00e5ren och l\u00e4ggas tillbaka p\u00e5 h\u00f6sten f\u00f6r att m\u00f6jligg\u00f6ra evenemang i hallen. I samband med beslutet gavs ocks\u00e5 uppdraget att se \u00f6ver taxorna f\u00f6r att hyra hallen. Nu har kultur-och fritidsn\u00e4mnden behandlat en taxa som ska vidare till kommunfullm\u00e4ktige f\u00f6r beslut.<\/p>\n<p class=\"normal\">F\u00f6rslaget \u00e4r att de nya taxorna f\u00f6r f\u00f6reningar som inte arrangerar idrottsevenemang samt f\u00f6r f\u00f6retag b\u00f6rjar g\u00e4lla fr\u00e5n \u00e5rsskiftet samt r\u00e4knas upp \u00e5rligen enligt SKRs index, vilket redan g\u00f6rs p\u00e5 m\u00e5nga av kommunens taxor.<\/p>\n<\/div>\n<p>&#8212;&#8212;&#8212;&#8212;&#8212;&#8212;&#8212;&#8212;&#8212;&#8212;&#8212;&#8212;&#8212;&#8212;&#8212;&#8212;&#8212;&#8212;&#8212;&#8211;<br \/>\n<a href=\"https:\/\/vartlulea.se\/arkiv\/aktuellt\/forslagtillfullmaktigenyataxorforarcushallen.5.30d18681889539abfd5581.html\">Klicka h\u00e4r &#8211; l\u00e4nk till originalinl\u00e4gget<\/a><br \/>\n<br \/>\nK\u00e4lla: Lule\u00e5 kommun \/ V\u00e5rt Lule\u00e5<br \/>\n&#8212;&#8212;&#8212;&#8212;&#8212;&#8212;&#8212;&#8212;&#8212;&#8212;&#8212;&#8212;&#8212;&#8212;&#8212;&#8212;&#8212;&#8212;&#8212;&#8211;<\/p>\n","protected":false},"excerpt":{"rendered":"<p>I november fattades beslutet att konstgr\u00e4set i Arcushallen \u00e5rligen ska tas upp p\u00e5 v\u00e5ren och l\u00e4ggas tillbaka p\u00e5 h\u00f6sten f\u00f6r att m\u00f6jligg\u00f6ra evenemang i hallen. I samband med beslutet gavs ocks\u00e5 uppdraget att se \u00f6ver taxorna f\u00f6r att hyra hallen. Nu har kultur-och fritidsn\u00e4mnden behandlat en taxa som ska vidare till kommunfullm\u00e4ktige f\u00f6r beslut. F\u00f6rslaget [&hellip;]<\/p>\n","protected":false},"author":24,"featured_media":538,"comment_status":"closed","ping_status":"closed","sticky":false,"template":"","format":"standard","meta":{"_acf_changed":false,"footnotes":"","_links_to":"","_links_to_target":""},"categories":[50,49],"tags":[],"class_list":{"0":"post-537","1":"post","2":"type-post","3":"status-publish","4":"format-standard","5":"has-post-thumbnail","7":"category-lulea-kommun","8":"category-kommunen"},"featured_image_src":"https:\/\/gratistidning.com\/lulea\/wp-content\/uploads\/sites\/14\/2023\/06\/Arcushallen-utsida-1024x768.jpg","blog_images":{"medium":"https:\/\/gratistidning.com\/lulea\/wp-content\/uploads\/sites\/14\/2023\/06\/Arcushallen-utsida-300x225.jpg","large":"https:\/\/gratistidning.com\/lulea\/wp-content\/uploads\/sites\/14\/2023\/06\/Arcushallen-utsida-1024x768.jpg"},"acf":[],"ams_acf":[],"publishpress_future_action":{"enabled":false,"date":"2026-05-08 02:09:25","action":"change-status","newStatus":"draft","terms":[],"taxonomy":"category","extraData":[]},"publishpress_future_workflow_manual_trigger":{"enabledWorkflows":[]},"_links":{"self":[{"href":"https:\/\/gratistidning.com\/lulea\/wp-json\/wp\/v2\/posts\/537","targetHints":{"allow":["GET"]}}],"collection":[{"href":"https:\/\/gratistidning.com\/lulea\/wp-json\/wp\/v2\/posts"}],"about":[{"href":"https:\/\/gratistidning.com\/lulea\/wp-json\/wp\/v2\/types\/post"}],"author":[{"embeddable":true,"href":"https:\/\/gratistidning.com\/lulea\/wp-json\/wp\/v2\/users\/24"}],"replies":[{"embeddable":true,"href":"https:\/\/gratistidning.com\/lulea\/wp-json\/wp\/v2\/comments?post=537"}],"version-history":[{"count":0,"href":"https:\/\/gratistidning.com\/lulea\/wp-json\/wp\/v2\/posts\/537\/revisions"}],"wp:featuredmedia":[{"embeddable":true,"href":"https:\/\/gratistidning.com\/lulea\/wp-json\/wp\/v2\/media\/538"}],"wp:attachment":[{"href":"https:\/\/gratistidning.com\/lulea\/wp-json\/wp\/v2\/media?parent=537"}],"wp:term":[{"taxonomy":"category","embeddable":true,"href":"https:\/\/gratistidning.com\/lulea\/wp-json\/wp\/v2\/categories?post=537"},{"taxonomy":"post_tag","embeddable":true,"href":"https:\/\/gratistidning.com\/lulea\/wp-json\/wp\/v2\/tags?post=537"}],"curies":[{"name":"wp","href":"https:\/\/api.w.org\/{rel}","templated":true}]}}