{"id":6909,"date":"2023-06-15T08:11:32","date_gmt":"2023-06-15T06:11:32","guid":{"rendered":"https:\/\/gratistidning.com.hemsida.eu\/lulea\/blog\/2023\/06\/15\/northern-motion-regi-ett-kurspaket-for-dig-som-vill-utvecklas-som-filmregissor\/"},"modified":"2023-06-15T08:11:32","modified_gmt":"2023-06-15T06:11:32","slug":"northern-motion-regi-ett-kurspaket-for-dig-som-vill-utvecklas-som-filmregissor","status":"publish","type":"post","link":"https:\/\/gratistidning.com\/lulea\/blog\/2023\/06\/15\/northern-motion-regi-ett-kurspaket-for-dig-som-vill-utvecklas-som-filmregissor\/","title":{"rendered":"Northern Motion Regi \u2013 Ett kurspaket f\u00f6r dig som vill utvecklas som filmregiss\u00f6r"},"content":{"rendered":"<div>\n<p><strong>Vem kan s\u00f6ka?<br \/><\/strong>Du som har viss erfarenhet inom film och vill satsa p\u00e5 att bli regiss\u00f6r. Erfarenheten kan vara att du studerat film p\u00e5 en utbildning, jobbat p\u00e5 filminspelningar eller gjort egen film. Du kan vara i planeringsstadiet f\u00f6r din f\u00f6rsta fiktiva kortfilm eller i utveckling av din f\u00f6rsta l\u00e5ngfilm, vi ser ett v\u00e4rde av en grupp i med olika \u00e5lder, erfarenhet och bakgrund. Du ska bo i Norrbotten eller i V\u00e4sterbotten eller alternativt ha en stark koppling till en av regionerna. Vi prioriterar personer som bor i regionen.<\/p>\n<p><strong>OBS!<\/strong> Kursen handlar inte om dokument\u00e4rfilmsregi utan riktar sig till dig som vill l\u00e4ra sig att regissera fiktiva filmer.<\/p>\n<p>\u00a0<\/p>\n<p><strong>Kursledare Amanda Kernell <\/strong><br \/>Amanda Kernell, f\u00f6dd 1986 i Ume\u00e5, \u00e4r utbildad regiss\u00f6r fr\u00e5n Den Danske Filmskole och har gjort prisbel\u00f6nta kortfilmer p\u00e5 hemmaplan i V\u00e4sterbotten sedan 2006, inklusive Stoerre Vaerie som var nominerad till en Guldbagge 2015 och I will always love you Kingen som vann Troms\u00f8palmen 2017 och B\u00e4sta Svenska Kortfilm p\u00e5 Uppsala Filmfestival 2016.<\/p>\n<p>Sameblod (2016) var hennes l\u00e5ngfilmsdebut. Filmen hade premi\u00e4r p\u00e5 filmfestivalen i Venedig och vann d\u00e4r Europa Cinemas Label f\u00f6r b\u00e4sta europeiska film f\u00f6r att sen turnera vidare till Toronto, Sundance och Berlinale. Filmen \u00e4r s\u00e5ld till \u00f6ver 80 territorier och vann fyra Guldbaggar 2017 inklusive b\u00e4sta manus. Hennes andra l\u00e5ngfilm CHARTER hade premi\u00e4r p\u00e5 Sundance 2020. CHARTER vann flera guldbaggar 2021 inklusive b\u00e4sta kvinnliga huvudroll, b\u00e4sta foto och b\u00e4sta regi och valdesut som Sveriges bidrag till Oscarsgalan samma \u00e5r.<\/p>\n<p><strong>Vad brinner du f\u00f6r?<br \/><\/strong>Vilken typ av film brinner du f\u00f6r? Vart ligger ditt engagemang? Oavsett om det \u00e4r drama eller skr\u00e4ck, komedi eller thriller, kort eller l\u00e5ngfilm s\u00e5 uppmanar vi dig att s\u00f6ka! Vi beh\u00f6ver fler historier fr\u00e5n norr.<\/p>\n<p><strong>Tidsperiod<\/strong><br \/>Kursen kommer ha en digital uppstartstr\u00e4ff med Filmpool Nord och Film i V\u00e4sterbotten samt tre fysiska tr\u00e4ffar p\u00e5 helger under h\u00f6sten 2023. Det g\u00e5r allts\u00e5 att kombinera denna kurs med jobb eller studier.<\/p>\n<p>F\u00f6ljande datum g\u00e4ller, vi ser g\u00e4rna att du kan vara med p\u00e5 alla men det \u00e4r inte ett absolut krav.<br \/>\u2013 Digital uppstartstr\u00e4ff med Film i V\u00e4sterbotten och Filmpool Nord 7sep<br \/>\u2013 Northern Motion med fokus p\u00e5 manus\/id\u00e9 med Amanda Kernell i Ume\u00e5 23-24 sep<br \/>\u2013 Northern Motion med fokus p\u00e5 personregi med Amanda Kernell i Lule\u00e5 21-22 okt<br \/>\u2013 Northern Motion med fokus p\u00e5 inspelning Ume\u00e5 18-19 nov<\/p>\n<p>Kursen \u00e4r gratis och resa samt boende ing\u00e5r n\u00e4r det kr\u00e4vs. Det finnsbegr\u00e4nsat antal platser.<\/p>\n<p><strong>Ans\u00f6kningsperiod:<\/strong><br \/>Ans\u00f6kan kommer att vara \u00f6ppen fr\u00e5n 15 juni till 10 augusti. Efter det kommer vi g\u00f6ra ett urval bland de som s\u00f6kt Northern Motion.<\/p>\n<p><strong>Anm\u00e4lan \u00e4r \u00f6ppen:<\/strong> <a href=\"https:\/\/docs.google.com\/forms\/d\/e\/1FAIpQLSdDOrJH9GqMt6sTzMoEqwwy24dzpkDyl07boVxPhLKSwe629g\/viewform?usp=sf_link\">https:\/\/docs.google.com\/forms\/d\/e\/1FAIpQLSdDOrJH9GqMt6sTzMoEqwwy24dzpkDyl07boVxPhLKSwe629g\/viewform?usp=sf_link<\/a><\/p>\n<p><strong>Fr\u00e5gor? Kontakta:\u00a0<\/strong><br \/>Johan Lundkvist \u2013 Filmkonsulent talang & branschutveckling Film i V\u00e4sterbotten 070-241 34 37<br \/><a href=\"http:\/\/filmpoolnord.se\/cdn-cgi\/l\/email-protection#690306010807290f000504001f081a1d0c1b0b061d1d0c07470a0604\"><span class=\"__cf_email__\" data-cfemail=\"ec8683848d82ac8a858081859a8d9f98899e8e8398988982c28f8381\">[email\u00a0protected]<\/span><\/a><\/p>\n<p><strong>Arrang\u00f6rer: Film i V\u00e4sterbotten och Filmpool Nord med st\u00f6d av Svenska Filminstitutet<\/strong><\/p>\n<p><\/p>\n<\/div>\n<p>&#8212;&#8212;&#8212;&#8212;&#8212;&#8212;&#8212;&#8212;&#8212;&#8212;&#8212;&#8212;&#8212;&#8212;&#8212;&#8212;&#8212;&#8212;&#8212;&#8211;<br \/>\n<a href=\"https:\/\/filmpoolnord.se\/nyheter\/northern-motion-regi-ett-kurspaket-for-dig-som-vill-utvecklas-som-filmregissor\/\">Klicka h\u00e4r &#8211; l\u00e4nk till originalinl\u00e4gget<\/a><br \/>\n<br \/>\nK\u00e4lla: Filmpool Nord<br \/>\n&#8212;&#8212;&#8212;&#8212;&#8212;&#8212;&#8212;&#8212;&#8212;&#8212;&#8212;&#8212;&#8212;&#8212;&#8212;&#8212;&#8212;&#8212;&#8212;&#8211;<\/p>\n","protected":false},"excerpt":{"rendered":"<p>Vem kan s\u00f6ka?Du som har viss erfarenhet inom film och vill satsa p\u00e5 att bli regiss\u00f6r. Erfarenheten kan vara att du studerat film p\u00e5 en utbildning, jobbat p\u00e5 filminspelningar eller gjort egen film. Du kan vara i planeringsstadiet f\u00f6r din f\u00f6rsta fiktiva kortfilm eller i utveckling av din f\u00f6rsta l\u00e5ngfilm, vi ser ett v\u00e4rde av [&hellip;]<\/p>\n","protected":false},"author":113,"featured_media":6910,"comment_status":"closed","ping_status":"closed","sticky":false,"template":"","format":"standard","meta":{"_acf_changed":false,"footnotes":"","_links_to":"","_links_to_target":""},"categories":[149,11],"tags":[],"class_list":{"0":"post-6909","1":"post","2":"type-post","3":"status-publish","4":"format-standard","5":"has-post-thumbnail","7":"category-filmpool-nord","8":"category-kultur-noje"},"featured_image_src":"https:\/\/gratistidning.com\/lulea\/wp-content\/uploads\/sites\/14\/2024\/08\/amanda-kernell-copyright-carlaorregoveliz-liten.jpeg","blog_images":{"medium":"https:\/\/gratistidning.com\/lulea\/wp-content\/uploads\/sites\/14\/2024\/08\/amanda-kernell-copyright-carlaorregoveliz-liten-300x195.jpeg","large":"https:\/\/gratistidning.com\/lulea\/wp-content\/uploads\/sites\/14\/2024\/08\/amanda-kernell-copyright-carlaorregoveliz-liten.jpeg"},"acf":[],"ams_acf":[],"publishpress_future_action":{"enabled":false,"date":"2026-05-08 03:39:34","action":"change-status","newStatus":"draft","terms":[],"taxonomy":"category","extraData":[]},"publishpress_future_workflow_manual_trigger":{"enabledWorkflows":[]},"_links":{"self":[{"href":"https:\/\/gratistidning.com\/lulea\/wp-json\/wp\/v2\/posts\/6909","targetHints":{"allow":["GET"]}}],"collection":[{"href":"https:\/\/gratistidning.com\/lulea\/wp-json\/wp\/v2\/posts"}],"about":[{"href":"https:\/\/gratistidning.com\/lulea\/wp-json\/wp\/v2\/types\/post"}],"author":[{"embeddable":true,"href":"https:\/\/gratistidning.com\/lulea\/wp-json\/wp\/v2\/users\/113"}],"replies":[{"embeddable":true,"href":"https:\/\/gratistidning.com\/lulea\/wp-json\/wp\/v2\/comments?post=6909"}],"version-history":[{"count":0,"href":"https:\/\/gratistidning.com\/lulea\/wp-json\/wp\/v2\/posts\/6909\/revisions"}],"wp:featuredmedia":[{"embeddable":true,"href":"https:\/\/gratistidning.com\/lulea\/wp-json\/wp\/v2\/media\/6910"}],"wp:attachment":[{"href":"https:\/\/gratistidning.com\/lulea\/wp-json\/wp\/v2\/media?parent=6909"}],"wp:term":[{"taxonomy":"category","embeddable":true,"href":"https:\/\/gratistidning.com\/lulea\/wp-json\/wp\/v2\/categories?post=6909"},{"taxonomy":"post_tag","embeddable":true,"href":"https:\/\/gratistidning.com\/lulea\/wp-json\/wp\/v2\/tags?post=6909"}],"curies":[{"name":"wp","href":"https:\/\/api.w.org\/{rel}","templated":true}]}}