{"id":719,"date":"2023-06-21T09:34:07","date_gmt":"2023-06-21T07:34:07","guid":{"rendered":"https:\/\/gratistidning.com.hemsida.eu\/lulea\/blog\/2023\/06\/21\/cykelskolans-fjarde-ar-avklarat-imponerad-av-hur-drivna-och-positiva-alla-ar\/"},"modified":"2023-06-21T09:34:07","modified_gmt":"2023-06-21T07:34:07","slug":"cykelskolans-fjarde-ar-avklarat-imponerad-av-hur-drivna-och-positiva-alla-ar","status":"publish","type":"post","link":"https:\/\/gratistidning.com\/lulea\/blog\/2023\/06\/21\/cykelskolans-fjarde-ar-avklarat-imponerad-av-hur-drivna-och-positiva-alla-ar\/","title":{"rendered":"Cykelskolans fj\u00e4rde \u00e5r avklarat \u2013 \u201dImponerad av hur drivna och positiva alla \u00e4r!\u201d"},"content":{"rendered":"<p><\/p>\n<div>\n<p class=\"normal\">Steffen Eisele, kemist fr\u00e5n Tyskland, \u00e4r ocks\u00e5 med som frivillig l\u00e4rare. Han anv\u00e4nder ofta cykeln i vardagen och tycker att cykelskolan \u00e4r en bra start f\u00f6r de som inte har n\u00e5gon n\u00e4rst\u00e5ende som kan l\u00e4ra ut:<\/p>\n<p class=\"normal\">\u2013 Det \u00e4r s\u00e4kert m\u00e5nga som funderar p\u00e5 hur man cyklar, hur man ska l\u00e4ra sig eller f\u00f6r den delen inte har n\u00e5gon cykel, s\u00e5 det \u00e4r bra.<\/p>\n<p class=\"normal\"><strong>Hur har utvecklingen varit bland de som deltar? <\/strong><\/p>\n<p class=\"normal\">\u2013 Det \u00e4r m\u00e5nga som l\u00e4r sig snabbt och det \u00e4r kul att se. Engagemanget \u00e4r ocks\u00e5 bra, under m\u00e5ndagspasset var det en som tr\u00e4nade i tv\u00e5 timmar och n\u00e4r vi sedan skulle avsluta ville hon \u00e4nd\u00e5 forts\u00e4tta. Det var j\u00e4ttekul att se!<\/p>\n<h2 class=\"subheading\" id=\"h-Dombetyderalltfoross\">\u201dDom betyder allt f\u00f6r oss\u201d<\/h2>\n<p class=\"normal\">Samuel Bergsten fr\u00e5n Lule\u00e5 kommun och en av alla l\u00e4rare p\u00e5 cykelskolan \u00e4r positiv efter den avslutade cykelskolan:<\/p>\n<p class=\"normal\">\u2013 Det har varit kul att se s\u00e5 m\u00e5nga dyka upp, b\u00e5de unga som gamla. Jag har blivit s\u00e5 imponerad av hur drivna och positiva alla \u00e4r!<\/p>\n<p class=\"normal\"><strong>Hur har responsen varit fr\u00e5n deltagarna? <\/strong><\/p>\n<p class=\"normal\">\u2013 De som dyker upp \u00e4r glada och tydligt best\u00e4mda p\u00e5 att l\u00e4ra sig cykla. De \u00e4r tacksamma och glada f\u00f6r chansen de f\u00e5r men ocks\u00e5 f\u00f6r den sociala biten, s\u00e4ger Bergsten.<\/p>\n<p class=\"normal\"><strong>Cykelskolan har varit ig\u00e5ng sedan 2018 med undantag f\u00f6r pandemi\u00e5ret, varf\u00f6r g\u00f6r ni detta?<\/strong><\/p>\n<p class=\"normal\">\u2013 Det \u00e4r tredelat. F\u00f6rst och fr\u00e4mst g\u00f6r vi det f\u00f6r att fler ska v\u00e4lja h\u00e5llbara resealternativ. Men ocks\u00e5 f\u00f6r m\u00e5l vi har med att \u00f6ka j\u00e4mst\u00e4lldheten och j\u00e4mlikheten i v\u00e5r kommun, f\u00f6rklarar Bergsten och forts\u00e4tter:<\/p>\n<p class=\"normal\">\u2013 Det \u00e4r m\u00e5nga platser d\u00e4r till exempel kvinnor inte f\u00e5r l\u00e4ra sig cykla av olika anledningar, att d\u00e5 kunna erbjuda den m\u00f6jligheten h\u00e4r k\u00e4nns j\u00e4ttebra. Sist men absolut inte minst s\u00e5 g\u00f6r vi det ocks\u00e5 f\u00f6r att det \u00e4r s\u00e5 kul! Det spelar egentligen ingen roll om man g\u00e5tt upp alldeles f\u00f6r tidigt, \u00e4tit d\u00e5ligt eller haft en dag av l\u00e5nga m\u00f6ten. N\u00e4r man g\u00e5r ifr\u00e5n cykelskolan s\u00e5 g\u00f6r man det fylld av energi och gl\u00e4dje<\/p>\n<p class=\"normal\"><strong>Ni har frivilliga som kommer och hj\u00e4lper deltagarna, vad betyder det f\u00f6r er?<\/strong><\/p>\n<p class=\"normal\">\u2013 Allt, utan dem hade inte projektet varit m\u00f6jligt till den grad vi g\u00f6r det just nu.<\/p>\n<\/div>\n<p>&#8212;&#8212;&#8212;&#8212;&#8212;&#8212;&#8212;&#8212;&#8212;&#8212;&#8212;&#8212;&#8212;&#8212;&#8212;&#8212;&#8212;&#8212;&#8212;&#8211;<br \/>\n<a href=\"https:\/\/vartlulea.se\/arkiv\/aktuellt\/cykelskolansfjardearavklaratimponeradavhurdrivnaochpositivaallaar.5.30d18681889539abfda1fc.html\">Klicka h\u00e4r &#8211; l\u00e4nk till originalinl\u00e4gget<\/a><br \/>\n<br \/>\nK\u00e4lla: Lule\u00e5 kommun \/ V\u00e5rt Lule\u00e5<br \/>\n&#8212;&#8212;&#8212;&#8212;&#8212;&#8212;&#8212;&#8212;&#8212;&#8212;&#8212;&#8212;&#8212;&#8212;&#8212;&#8212;&#8212;&#8212;&#8212;&#8211;<\/p>\n","protected":false},"excerpt":{"rendered":"<p>Steffen Eisele, kemist fr\u00e5n Tyskland, \u00e4r ocks\u00e5 med som frivillig l\u00e4rare. Han anv\u00e4nder ofta cykeln i vardagen och tycker att cykelskolan \u00e4r en bra start f\u00f6r de som inte har n\u00e5gon n\u00e4rst\u00e5ende som kan l\u00e4ra ut: \u2013 Det \u00e4r s\u00e4kert m\u00e5nga som funderar p\u00e5 hur man cyklar, hur man ska l\u00e4ra sig eller f\u00f6r den [&hellip;]<\/p>\n","protected":false},"author":24,"featured_media":720,"comment_status":"closed","ping_status":"closed","sticky":false,"template":"","format":"standard","meta":{"_acf_changed":false,"footnotes":"","_links_to":"","_links_to_target":""},"categories":[50,49],"tags":[],"class_list":{"0":"post-719","1":"post","2":"type-post","3":"status-publish","4":"format-standard","5":"has-post-thumbnail","7":"category-lulea-kommun","8":"category-kommunen"},"featured_image_src":"https:\/\/gratistidning.com\/lulea\/wp-content\/uploads\/sites\/14\/2023\/06\/1687333165_Forsta-bild-1024x640.jpg","blog_images":{"medium":"https:\/\/gratistidning.com\/lulea\/wp-content\/uploads\/sites\/14\/2023\/06\/1687333165_Forsta-bild-300x188.jpg","large":"https:\/\/gratistidning.com\/lulea\/wp-content\/uploads\/sites\/14\/2023\/06\/1687333165_Forsta-bild-1024x640.jpg"},"acf":[],"ams_acf":[],"publishpress_future_action":{"enabled":false,"date":"2026-05-08 03:39:34","action":"change-status","newStatus":"draft","terms":[],"taxonomy":"category","extraData":[]},"publishpress_future_workflow_manual_trigger":{"enabledWorkflows":[]},"_links":{"self":[{"href":"https:\/\/gratistidning.com\/lulea\/wp-json\/wp\/v2\/posts\/719","targetHints":{"allow":["GET"]}}],"collection":[{"href":"https:\/\/gratistidning.com\/lulea\/wp-json\/wp\/v2\/posts"}],"about":[{"href":"https:\/\/gratistidning.com\/lulea\/wp-json\/wp\/v2\/types\/post"}],"author":[{"embeddable":true,"href":"https:\/\/gratistidning.com\/lulea\/wp-json\/wp\/v2\/users\/24"}],"replies":[{"embeddable":true,"href":"https:\/\/gratistidning.com\/lulea\/wp-json\/wp\/v2\/comments?post=719"}],"version-history":[{"count":0,"href":"https:\/\/gratistidning.com\/lulea\/wp-json\/wp\/v2\/posts\/719\/revisions"}],"wp:featuredmedia":[{"embeddable":true,"href":"https:\/\/gratistidning.com\/lulea\/wp-json\/wp\/v2\/media\/720"}],"wp:attachment":[{"href":"https:\/\/gratistidning.com\/lulea\/wp-json\/wp\/v2\/media?parent=719"}],"wp:term":[{"taxonomy":"category","embeddable":true,"href":"https:\/\/gratistidning.com\/lulea\/wp-json\/wp\/v2\/categories?post=719"},{"taxonomy":"post_tag","embeddable":true,"href":"https:\/\/gratistidning.com\/lulea\/wp-json\/wp\/v2\/tags?post=719"}],"curies":[{"name":"wp","href":"https:\/\/api.w.org\/{rel}","templated":true}]}}