{"id":1142,"date":"2025-01-02T13:17:00","date_gmt":"2025-01-02T12:17:00","guid":{"rendered":"https:\/\/gratistidning.com.hemsida.eu\/pajala\/blog\/2025\/01\/02\/rekordmycket-el-fran-vindkraft-i-december-priserna-sjunker-i-pajala\/"},"modified":"2025-01-02T13:17:00","modified_gmt":"2025-01-02T12:17:00","slug":"rekordmycket-el-fran-vindkraft-i-december-priserna-sjunker-i-pajala","status":"publish","type":"post","link":"https:\/\/gratistidning.com\/pajala\/blog\/2025\/01\/02\/rekordmycket-el-fran-vindkraft-i-december-priserna-sjunker-i-pajala\/","title":{"rendered":"Rekordmycket el fr\u00e5n vindkraft i december \u2013 priserna sjunker i Pajala"},"content":{"rendered":"<div itemprop=\"articleBody\"><meta content=\"elmarknad\" data-month=\"12\" data-region=\"Pajala kommun\" data-role=\"featured-image\" data-tag=\"elmarknad\" data-type=\"imageFromBank\" property=\"imageFromBank\"\/><\/p>\n<p class=\"lead\">L\u00e4gre priser \u00e4n f\u00f6rra m\u00e5naden \u2013 och billigare \u00e4n f\u00f6r ett \u00e5r sedan,  l\u00e4gre konsumtion \u00e4n i fjol och vindkraften stod f\u00f6r en rekordstor andel av produktionen \u2013 st\u00f6rre \u00e4n k\u00e4rnkraften.<\/p>\n<p>Den offentliga debatten om elmarknaden \u00e4r polariserad och inte s\u00e4llan infekterad. I ett f\u00f6rs\u00f6k att f\u00f6ra fakta till bordet tar vi varje m\u00e5nad fram en rapport som sammanfattar det viktigaste du beh\u00f6ver veta om den senaste tidens priser, konsumtion och produktion p\u00e5 elmarknaden.  <\/p>\n<h3> 1. Elpriserna sj\u00f6nk i Pajala i december<\/h3>\n<p>Spotpriset   \u2013 allts\u00e5 priset som elbolagen k\u00f6per in elen f\u00f6r \u2013 sj\u00f6nk i <em>elomr\u00e5de\u00a01<\/em> som Pajala  tillh\u00f6r. M\u00e5nadspriset i december var <mark class=\"highlight\">13 \u00f6re per kilowattimme<\/mark>, vilket \u00e4r 12 \u00f6re billigare \u00e4n i november. Det h\u00f6gsta priset i elomr\u00e5det hittills noterades i december 2022, d\u00e5 en kilowattimme kostade 206 \u00f6re. F\u00f6r ett \u00e5r sedan \u2013 i december 2023 \u2013 kostade en kilowattimme 73 \u00f6re. \u00c5rets decemberpris var allts\u00e5 en br\u00e5kdel av decemberpriset 2023. <\/p>\n<figure class=\"figchart\"><figcaption\/><a href=\"https:\/\/d3rbgqmj1364cn.cloudfront.net\/charts\/nordpool-monthly--prices-monthly--SE1--2024-12-01.png_1600.png\"><picture><source srcset=\"https:\/\/d3rbgqmj1364cn.cloudfront.net\/charts\/nordpool-monthly--prices-monthly--SE1--2024-12-01.png_400.webp 0.5x,https:\/\/d3rbgqmj1364cn.cloudfront.net\/charts\/nordpool-monthly--prices-monthly--SE1--2024-12-01.png_800.webp 1x,https:\/\/d3rbgqmj1364cn.cloudfront.net\/charts\/nordpool-monthly--prices-monthly--SE1--2024-12-01.png_1600.webp 2x\" type=\"image\/webp\"\/><\/picture><\/a><\/figure>\n<p><meta content=\"cutoff\" name=\"cutoff\"\/><\/p>\n<p>Sverige \u00e4r sedan 2011 uppdelat i fyra elhandelsomr\u00e5den. Det produceras generellt mer el \u00e4n det f\u00f6rbrukas i de norra delarna medan det \u00e4r tv\u00e4rtom i de s\u00f6dra delarna. Mellan omr\u00e5dena finns det begr\u00e4nsningar i hur mycket el som kan transporteras. Sedan 2020 har prisskillnaden mellan de svenska elomr\u00e5dena \u00f6kat. <\/p>\n<figure class=\"figchart\"><figcaption\/><a href=\"https:\/\/d3rbgqmj1364cn.cloudfront.net\/charts\/nordpool-monthly--prices-hourly--SE1--2024-12-01.png_1600.png\"><picture><source srcset=\"https:\/\/d3rbgqmj1364cn.cloudfront.net\/charts\/nordpool-monthly--prices-hourly--SE1--2024-12-01.png_400.webp 0.5x,https:\/\/d3rbgqmj1364cn.cloudfront.net\/charts\/nordpool-monthly--prices-hourly--SE1--2024-12-01.png_800.webp 1x,https:\/\/d3rbgqmj1364cn.cloudfront.net\/charts\/nordpool-monthly--prices-hourly--SE1--2024-12-01.png_1600.webp 2x\" type=\"image\/webp\"\/><img decoding=\"async\" alt=\"Elpriset timme f\u00f6r timme i de olika elomr\u00e5dena\" class=\"chart\" loading=\"lazy\" src=\"https:\/\/d3rbgqmj1364cn.cloudfront.net\/charts\/nordpool-monthly--prices-hourly--SE1--2024-12-01.png_800.png\"\/><\/picture><\/a><\/figure>\n<p>Det \u00e4r inte bara prisskillnaderna mellan prisomr\u00e5dena som har \u00f6kat de senaste \u00e5ren, \u00e4ven inom omr\u00e5dena pendlar priserna timme f\u00f6r timme. Skillnaderna mellan de dyraste och billigaste timmarna har blivit st\u00f6rre sedan 2020. Dyraste timmen i december i Pajala intr\u00e4ffade mellan klockan  7 och 8 den 4\u00a0december, d\u00e5 kostade en kilowattimme 316 \u00f6re. Som l\u00e4gst var priset i omr\u00e5det 0 \u00f6re, till och med n\u00e5gon br\u00e5kdels \u00f6re l\u00e4gre \u00e4n noll. Under december var timpriset negativt under 14 timmar. Negativa timpriser har noterats varje m\u00e5nad under det senaste \u00e5ret. <\/p>\n<p>Om man tittar p\u00e5 m\u00e5nadsmedelpriset brukar de svenska elomr\u00e5dena oftast tillh\u00f6ra de med l\u00e4gst spotpriser i en europeisk j\u00e4mf\u00f6relse. V\u00e4rt att notera \u00e4r att detta handlar om spotpriser, de priser konsumenten sedan betalar beror p\u00e5 nationella avgifter och skatter samt elbolagens p\u00e5slag. I praktiken ligger de svenska konsumentpriserna n\u00e4rmare det europeiska snittet efter skatter och p\u00e5slag.<\/p>\n<figure class=\"figchart\"><figcaption\/><a href=\"https:\/\/d3rbgqmj1364cn.cloudfront.net\/charts\/nordpool-monthly--prices-euro-comp--SE1--2024-12-01.png_1600.png\"><picture><source srcset=\"https:\/\/d3rbgqmj1364cn.cloudfront.net\/charts\/nordpool-monthly--prices-euro-comp--SE1--2024-12-01.png_400.webp 0.5x,https:\/\/d3rbgqmj1364cn.cloudfront.net\/charts\/nordpool-monthly--prices-euro-comp--SE1--2024-12-01.png_800.webp 1x,https:\/\/d3rbgqmj1364cn.cloudfront.net\/charts\/nordpool-monthly--prices-euro-comp--SE1--2024-12-01.png_1600.webp 2x\" type=\"image\/webp\"\/><img decoding=\"async\" alt=\"Elpriset i norra Europa\" class=\"chart\" loading=\"lazy\" src=\"https:\/\/d3rbgqmj1364cn.cloudfront.net\/charts\/nordpool-monthly--prices-euro-comp--SE1--2024-12-01.png_800.png\"\/><\/picture><\/a><\/figure>\n<h3>2. Konsumtionen: L\u00e4gre elf\u00f6rbrukning \u00e4n vanligt i december<\/h3>\n<p>Under december f\u00f6rbrukades det ungef\u00e4r 13\u00a0000 gigawattimmar el i Sverige. Det \u00e4r ungef\u00e4r <mark class=\"highlight\">tre procent mindre \u00e4n snittet<\/mark> f\u00f6r m\u00e5naden och den l\u00e4gsta decembersiffran sedan 2015. Konsumtionen p\u00e5verkas mycket av hur varmt det \u00e4r i landet. Enligt SMHI var december en mild m\u00e5nad i stora delar av landet. <\/p>\n<figure class=\"figchart\"><figcaption\/><a href=\"https:\/\/d3rbgqmj1364cn.cloudfront.net\/charts\/nordpool-monthly--consumtion-seasonal--SE--2024-12-01.png_1600.png\"><picture><source srcset=\"https:\/\/d3rbgqmj1364cn.cloudfront.net\/charts\/nordpool-monthly--consumtion-seasonal--SE--2024-12-01.png_400.webp 0.5x,https:\/\/d3rbgqmj1364cn.cloudfront.net\/charts\/nordpool-monthly--consumtion-seasonal--SE--2024-12-01.png_800.webp 1x,https:\/\/d3rbgqmj1364cn.cloudfront.net\/charts\/nordpool-monthly--consumtion-seasonal--SE--2024-12-01.png_1600.webp 2x\" type=\"image\/webp\"\/><img decoding=\"async\" alt=\"Mest el f\u00f6rbrukas normalt i januari\" class=\"chart\" loading=\"lazy\" src=\"https:\/\/d3rbgqmj1364cn.cloudfront.net\/charts\/nordpool-monthly--consumtion-seasonal--SE--2024-12-01.png_800.png\"\/><\/picture><\/a><\/figure>\n<p>Den 12\u00a0december konsumerades som mest el under ett dygn i Sverige under m\u00e5naden, det var ocks\u00e5 under det dygnet d\u00e5 m\u00e5nadens topptimme uppm\u00e4ttes, mellan klockan  17 och 18.<\/p>\n<figure class=\"figchart\"><figcaption\/><a href=\"https:\/\/d3rbgqmj1364cn.cloudfront.net\/charts\/nordpool-monthly--consumtion-hourly--SE--2024-12-01.png_1600.png\"><picture><source srcset=\"https:\/\/d3rbgqmj1364cn.cloudfront.net\/charts\/nordpool-monthly--consumtion-hourly--SE--2024-12-01.png_400.webp 0.5x,https:\/\/d3rbgqmj1364cn.cloudfront.net\/charts\/nordpool-monthly--consumtion-hourly--SE--2024-12-01.png_800.webp 1x,https:\/\/d3rbgqmj1364cn.cloudfront.net\/charts\/nordpool-monthly--consumtion-hourly--SE--2024-12-01.png_1600.webp 2x\" type=\"image\/webp\"\/><img decoding=\"async\" alt=\"Elkonsumtionen i Sverige timme f\u00f6r timme\" class=\"chart\" loading=\"lazy\" src=\"https:\/\/d3rbgqmj1364cn.cloudfront.net\/charts\/nordpool-monthly--consumtion-hourly--SE--2024-12-01.png_800.png\"\/><\/picture><\/a><\/figure>\n<h3>3. Produktionen: Ovanligt stor andel vindkraft<\/h3>\n<p>Enligt de prelimin\u00e4ra siffrorna kom<br \/>\nungef\u00e4r 35 procent av elproduktionen under december fr\u00e5n vattenkraft, medan omkring 35 procent kom fr\u00e5n vind och 27 procent kom fr\u00e5n k\u00e4rnkraft. Det \u00e4r femte m\u00e5naden hittills d\u00e5 vindkraften totalt sett, \u00f6ver hela m\u00e5naden, st\u00e5r f\u00f6r en st\u00f6rre andel av elproduktionen \u00e4n k\u00e4rnkraften. Tidigare har det h\u00e4nt i  februari 2023, september 2023, januari 2024 och november 2024. <\/p>\n<figure class=\"figchart\"><figcaption\/><a href=\"https:\/\/d3rbgqmj1364cn.cloudfront.net\/charts\/nordpool-monthly--production_monthly--SE--2024-12-01.png_1600.png\"><picture><source srcset=\"https:\/\/d3rbgqmj1364cn.cloudfront.net\/charts\/nordpool-monthly--production_monthly--SE--2024-12-01.png_400.webp 0.5x,https:\/\/d3rbgqmj1364cn.cloudfront.net\/charts\/nordpool-monthly--production_monthly--SE--2024-12-01.png_800.webp 1x,https:\/\/d3rbgqmj1364cn.cloudfront.net\/charts\/nordpool-monthly--production_monthly--SE--2024-12-01.png_1600.webp 2x\" type=\"image\/webp\"\/><img decoding=\"async\" alt=\"Elproduktionen senaste m\u00e5naden nedbruten p\u00e5 kraftslag\" class=\"chart\" loading=\"lazy\" src=\"https:\/\/d3rbgqmj1364cn.cloudfront.net\/charts\/nordpool-monthly--production_monthly--SE--2024-12-01.png_800.png\"\/><\/picture><\/a><\/figure>\n<p>Under \u201dannat\u201d finns solkraft och kraftv\u00e4rme. F\u00f6r den senaste m\u00e5naden har vi \u00e4nnu inte statistik nedbruten p\u00e5 de kraftslagen, men enligt SCB:s senaste data \u2013 till och med oktober 2024 \u2013 har solkraften st\u00e5tt f\u00f6r ungef\u00e4r 2,4 procent av den totala produktionen det senaste \u00e5ret (h\u00e4r r\u00e4knas bara anl\u00e4ggningar anslutna till eln\u00e4ten). <\/p>\n<p>N\u00e4r det g\u00e4ller kraftv\u00e4rme dominerar f\u00f6rnybara br\u00e4nslen. Icke-f\u00f6rnybara br\u00e4nslen \u2013 som till exempel kol, fossilgas och olja \u2013 stod f\u00f6r 1,1 procent av den totala elproduktionen under samma period.<\/p>\n<p>Sammantaget inneb\u00e4r det att omkring <mark class=\"highlight\">99 procent<\/mark> av den svenska elproduktionen var fossilfri och <mark class=\"highlight\">69 procent f\u00f6rnybar<\/mark> (k\u00e4rnkraften exkluderad).<\/p>\n<figure class=\"figchart\"><figcaption\/><a href=\"https:\/\/d3rbgqmj1364cn.cloudfront.net\/charts\/nordpool-monthly--production_hourly--SE--2024-12-01.png_1600.png\"><picture><source srcset=\"https:\/\/d3rbgqmj1364cn.cloudfront.net\/charts\/nordpool-monthly--production_hourly--SE--2024-12-01.png_400.webp 0.5x,https:\/\/d3rbgqmj1364cn.cloudfront.net\/charts\/nordpool-monthly--production_hourly--SE--2024-12-01.png_800.webp 1x,https:\/\/d3rbgqmj1364cn.cloudfront.net\/charts\/nordpool-monthly--production_hourly--SE--2024-12-01.png_1600.webp 2x\" type=\"image\/webp\"\/><img decoding=\"async\" alt=\"Elproduktionen senaste m\u00e5naden nedbruten p\u00e5 kraftslag, timme f\u00f6r timme\" class=\"chart\" loading=\"lazy\" src=\"https:\/\/d3rbgqmj1364cn.cloudfront.net\/charts\/nordpool-monthly--production_hourly--SE--2024-12-01.png_800.png\"\/><\/picture><\/a><\/figure>\n<p>Produktionen av vindkraft \u00e4r sv\u00e5r att planera, den \u00e4r beroende av just vind. F\u00f6r att uppr\u00e4tth\u00e5lla balansen justeras produktionen fr\u00e4mst av vattenkraft \u2013 som f\u00f6rutom att anv\u00e4ndas som baskraft ocks\u00e5 kan startas och stoppas p\u00e5 kort tid och m\u00f6ta variationer i efterfr\u00e5gan. Tittar man p\u00e5 produktionen timme f\u00f6r timme syns det i diagrammet h\u00e4r som en \u201dtaggigare\u201d kurva, medan k\u00e4rnkraftsproduktionen ligger stabil \u00f6ver tid. <\/p>\n<p> Vindkraften stod allts\u00e5 f\u00f6r cirka  35 procent av elproduktionen i december. Det motsvarar ungef\u00e4r 5\u00a0600 gigawattimmar, vilket \u00e4r den den st\u00f6rsta m\u00e5nadsproduktionen fr\u00e5n vindkraft hittills. , vilket \u00e4r den st\u00f6rsta totalproduktionen f\u00f6r n\u00e5gon december-m\u00e5nad och \u00e4r  omkring 2\u00a0500 gigawattimmar mer \u00e4n samma m\u00e5nad i fjol. Sett till de senaste tolv m\u00e5naderna har  vindkraftens produktion \u00f6kat j\u00e4mf\u00f6rt med \u00e5ret innan (+18 procent). J\u00e4mf\u00f6rt med f\u00f6r fem \u00e5r sedan har snittproduktionen fr\u00e5n vindkraft f\u00f6rdubblats. <\/p>\n<figure class=\"figchart\"><figcaption\/><a href=\"https:\/\/d3rbgqmj1364cn.cloudfront.net\/charts\/nordpool-monthly--seasonal_wind_share--SE--2024-12-01.png_1600.png\"><picture><source srcset=\"https:\/\/d3rbgqmj1364cn.cloudfront.net\/charts\/nordpool-monthly--seasonal_wind_share--SE--2024-12-01.png_400.webp 0.5x,https:\/\/d3rbgqmj1364cn.cloudfront.net\/charts\/nordpool-monthly--seasonal_wind_share--SE--2024-12-01.png_800.webp 1x,https:\/\/d3rbgqmj1364cn.cloudfront.net\/charts\/nordpool-monthly--seasonal_wind_share--SE--2024-12-01.png_1600.webp 2x\" type=\"image\/webp\"\/><img decoding=\"async\" alt=\"Vindkraftens andel av produktionen har \u00f6kat\" class=\"chart\" loading=\"lazy\" src=\"https:\/\/d3rbgqmj1364cn.cloudfront.net\/charts\/nordpool-monthly--seasonal_wind_share--SE--2024-12-01.png_800.png\"\/><\/picture><\/a><\/figure>\n<h3> 4. Export och import: Mer import \u00e4n export under elva timmar december<\/h3>\n<p>Det produceras som sagt mer el i Sverige \u00e4n det f\u00f6rbrukas, i alla fall om man tittar p\u00e5 m\u00e5nadsbasis \u2013 bara tv\u00e5 m\u00e5nader under de senaste tio \u00e5ren har Sverige importerat mer el \u00e4n landet exporterat. Tittar man timme f\u00f6r timme \u00e4r h\u00e4nder det att Sverige har nettoimport. Under december importerade Sverige mer el \u00e4n man exporterade under  <mark class=\"highlight\">elva av 744 timmar<\/mark>. <\/p>\n<figure class=\"figchart\"><figcaption\/><a href=\"https:\/\/d3rbgqmj1364cn.cloudfront.net\/charts\/nordpool-monthly--exchange_hourly--SE--2024-12-01.png_1600.png\"><picture><source srcset=\"https:\/\/d3rbgqmj1364cn.cloudfront.net\/charts\/nordpool-monthly--exchange_hourly--SE--2024-12-01.png_400.webp 0.5x,https:\/\/d3rbgqmj1364cn.cloudfront.net\/charts\/nordpool-monthly--exchange_hourly--SE--2024-12-01.png_800.webp 1x,https:\/\/d3rbgqmj1364cn.cloudfront.net\/charts\/nordpool-monthly--exchange_hourly--SE--2024-12-01.png_1600.webp 2x\" type=\"image\/webp\"\/><img decoding=\"async\" alt=\"Sveriges nettoexport av el \u2013 timme f\u00f6r timme\" class=\"chart\" loading=\"lazy\" src=\"https:\/\/d3rbgqmj1364cn.cloudfront.net\/charts\/nordpool-monthly--exchange_hourly--SE--2024-12-01.png_800.png\"\/><\/picture><\/a><\/figure>\n<p>Det \u00e4r ocks\u00e5 relativt ovanligt med hela dygn d\u00e4r importen totalt \u00e4r st\u00f6rre \u00e4n exporten. Det senaste \u00e5ret har det h\u00e4nt en handfull g\u00e5nger.<\/p>\n<figure class=\"figchart\"><figcaption\/><a href=\"https:\/\/d3rbgqmj1364cn.cloudfront.net\/charts\/nordpool-monthly--exchange-monthly--SE--2024-12-01.png_1600.png\"><picture><source srcset=\"https:\/\/d3rbgqmj1364cn.cloudfront.net\/charts\/nordpool-monthly--exchange-monthly--SE--2024-12-01.png_400.webp 0.5x,https:\/\/d3rbgqmj1364cn.cloudfront.net\/charts\/nordpool-monthly--exchange-monthly--SE--2024-12-01.png_800.webp 1x,https:\/\/d3rbgqmj1364cn.cloudfront.net\/charts\/nordpool-monthly--exchange-monthly--SE--2024-12-01.png_1600.webp 2x\" type=\"image\/webp\"\/><img decoding=\"async\" alt=\"Sverige exporterar oftast mer el \u00e4n man importerar\" class=\"chart\" loading=\"lazy\" src=\"https:\/\/d3rbgqmj1364cn.cloudfront.net\/charts\/nordpool-monthly--exchange-monthly--SE--2024-12-01.png_800.png\"\/><\/picture><\/a><\/figure>\n<p> Under december exporterade Sverige mest el till Danmark, medan den st\u00f6rsta importen kom fr\u00e5n Norge. <\/p>\n<figure class=\"figchart\"><figcaption\/><a href=\"https:\/\/d3rbgqmj1364cn.cloudfront.net\/charts\/nordpool-monthly--export-cty--SE--2024-12-01.png_1600.png\"><picture><source srcset=\"https:\/\/d3rbgqmj1364cn.cloudfront.net\/charts\/nordpool-monthly--export-cty--SE--2024-12-01.png_400.webp 0.5x,https:\/\/d3rbgqmj1364cn.cloudfront.net\/charts\/nordpool-monthly--export-cty--SE--2024-12-01.png_800.webp 1x,https:\/\/d3rbgqmj1364cn.cloudfront.net\/charts\/nordpool-monthly--export-cty--SE--2024-12-01.png_1600.webp 2x\" type=\"image\/webp\"\/><img decoding=\"async\" alt=\"Total import och export till och fr\u00e5n Sverige den senaste m\u00e5naden\" class=\"chart\" loading=\"lazy\" src=\"https:\/\/d3rbgqmj1364cn.cloudfront.net\/charts\/nordpool-monthly--export-cty--SE--2024-12-01.png_800.png\"\/><\/picture><\/a><\/figure>\n<aside class=\"Details\">\n<div class=\"Typography--article\">\n<h2 class=\"Typography--h3\">Metod<\/h2>\n<p>Uppgifter om elpriserna kommer fr\u00e5n elb\u00f6rsen Nordpool. Vi j\u00e4mf\u00f6r bak\u00e5t i tiden sedan elomr\u00e5dena inf\u00f6rdes 2011.<\/p>\n<p>N\u00e4r det g\u00e4ller uppgifter om produktion, konsumtion, import och export utg\u00e5r vi fr\u00e5n data som <a href=\"https:\/\/transparency.entsoe.eu\/\" rel=\"nofollow\">tillg\u00e4ngligg\u00f6rs<\/a> via de europeiska stamn\u00e4tsf\u00f6retagens organisation Entso-E. M\u00e5nadsv\u00e4rden \u00e4r summerade timv\u00e4rden. H\u00e4r j\u00e4mf\u00f6r vi bak\u00e5t i tiden till 2015. <\/p>\n<p>Entso-E:s data ska finnas tillg\u00e4nglig en timme efter produktionstillf\u00e4llet. Svenska Kraftn\u00e4t levererar prelimin\u00e4ra siffror hit som i sin tur bygger p\u00e5 prognoser. <\/p>\n<p>SCB publicerar officiell m\u00e5nadsstatistik om elproduktion, konsumtion, import och export ungef\u00e4r sex veckor efter m\u00e5nadens slut \u2013 d\u00e5 med totalv\u00e4rden f\u00f6r m\u00e5naden. Statistiken bygger p\u00e5 en totalunders\u00f6kning. N\u00e4r det g\u00e4ller konsumtion rapporterar eln\u00e4tsf\u00f6retagen in uppgifter. Uppgifter f\u00f6r produktion inh\u00e4mtas fr\u00e5n eln\u00e4tsf\u00f6retagens avr\u00e4kningssystem eller Energif\u00f6retagens webbportal. Solkraft och import- och export sammanst\u00e4lls av Svenska Kraftn\u00e4t. <\/p>\n<p>Fr\u00e5n SCB h\u00e4mtar vi uppgifterna om andelen fossilfri och f\u00f6rnybar energi. H\u00e4r r\u00e4knas vattenkraft, solenergi, vindkraft och \u201dkraftv\u00e4rme f\u00f6rnybar\u201d som f\u00f6rnybara och samma kraftk\u00e4llor, inklusive k\u00e4rnkraft, som fossilfri. <\/p>\n<p>P\u00e5 grund av skillnader i insamlingen skiljer sig siffrorna n\u00e5got \u00e5t mellan SCB och Entso-E. <\/p>\n<\/div>\n<\/aside>\n<\/div>\n<p>&#8212;&#8212;&#8212;&#8212;&#8212;&#8212;&#8212;&#8212;&#8212;&#8212;&#8212;&#8212;&#8212;&#8212;&#8212;&#8212;&#8212;&#8212;&#8212;&#8211;<br \/>\n<a href=\"https:\/\/www.newsworthy.se\/artikel\/296050\" target=\"_blank\" rel=\"noopener\">Klicka h\u00e4r &#8211; l\u00e4nk till originalinl\u00e4gget<\/a><br \/>\n<br \/>\nK\u00e4lla: Newsworthy (Pajala)<br \/>\n&#8212;&#8212;&#8212;&#8212;&#8212;&#8212;&#8212;&#8212;&#8212;&#8212;&#8212;&#8212;&#8212;&#8212;&#8212;&#8212;&#8212;&#8212;&#8212;&#8211;<\/p>\n","protected":false},"excerpt":{"rendered":"<p>L\u00e4gre priser \u00e4n f\u00f6rra m\u00e5naden \u2013 och billigare \u00e4n f\u00f6r ett \u00e5r sedan, l\u00e4gre konsumtion \u00e4n i fjol och vindkraften stod f\u00f6r en rekordstor andel av produktionen \u2013 st\u00f6rre \u00e4n k\u00e4rnkraften. Den offentliga debatten om elmarknaden \u00e4r polariserad och inte s\u00e4llan infekterad. I ett f\u00f6rs\u00f6k att f\u00f6ra fakta till bordet tar vi varje m\u00e5nad fram [&hellip;]<\/p>\n","protected":false},"author":100,"featured_media":1097,"comment_status":"closed","ping_status":"closed","sticky":false,"template":"","format":"standard","meta":{"_acf_changed":false,"footnotes":"","_links_to":"","_links_to_target":""},"categories":[12],"tags":[],"class_list":{"0":"post-1142","1":"post","2":"type-post","3":"status-publish","4":"format-standard","5":"has-post-thumbnail","7":"category-allmant"},"featured_image_src":"https:\/\/gratistidning.com\/pajala\/wp-content\/uploads\/sites\/17\/2024\/12\/elledning01_202212_martin.jpg_1200x630-1024x538.jpg","blog_images":{"medium":"https:\/\/gratistidning.com\/pajala\/wp-content\/uploads\/sites\/17\/2024\/12\/elledning01_202212_martin.jpg_1200x630-300x158.jpg","large":"https:\/\/gratistidning.com\/pajala\/wp-content\/uploads\/sites\/17\/2024\/12\/elledning01_202212_martin.jpg_1200x630-1024x538.jpg"},"acf":[],"ams_acf":[],"publishpress_future_action":{"enabled":false,"date":"2026-05-07 16:19:26","action":"change-status","newStatus":"draft","terms":[],"taxonomy":"category","extraData":[]},"publishpress_future_workflow_manual_trigger":{"enabledWorkflows":[]},"_links":{"self":[{"href":"https:\/\/gratistidning.com\/pajala\/wp-json\/wp\/v2\/posts\/1142","targetHints":{"allow":["GET"]}}],"collection":[{"href":"https:\/\/gratistidning.com\/pajala\/wp-json\/wp\/v2\/posts"}],"about":[{"href":"https:\/\/gratistidning.com\/pajala\/wp-json\/wp\/v2\/types\/post"}],"author":[{"embeddable":true,"href":"https:\/\/gratistidning.com\/pajala\/wp-json\/wp\/v2\/users\/100"}],"replies":[{"embeddable":true,"href":"https:\/\/gratistidning.com\/pajala\/wp-json\/wp\/v2\/comments?post=1142"}],"version-history":[{"count":0,"href":"https:\/\/gratistidning.com\/pajala\/wp-json\/wp\/v2\/posts\/1142\/revisions"}],"wp:featuredmedia":[{"embeddable":true,"href":"https:\/\/gratistidning.com\/pajala\/wp-json\/wp\/v2\/media\/1097"}],"wp:attachment":[{"href":"https:\/\/gratistidning.com\/pajala\/wp-json\/wp\/v2\/media?parent=1142"}],"wp:term":[{"taxonomy":"category","embeddable":true,"href":"https:\/\/gratistidning.com\/pajala\/wp-json\/wp\/v2\/categories?post=1142"},{"taxonomy":"post_tag","embeddable":true,"href":"https:\/\/gratistidning.com\/pajala\/wp-json\/wp\/v2\/tags?post=1142"}],"curies":[{"name":"wp","href":"https:\/\/api.w.org\/{rel}","templated":true}]}}