{"id":1934,"date":"2026-02-24T10:57:00","date_gmt":"2026-02-24T09:57:00","guid":{"rendered":"https:\/\/gratistidning.com\/pajala\/blog\/2026\/02\/24\/fler-doda-an-fodda-befolkningen-krymper-i-pajala-2\/"},"modified":"2026-02-24T10:57:00","modified_gmt":"2026-02-24T09:57:00","slug":"fler-doda-an-fodda-befolkningen-krymper-i-pajala-2","status":"publish","type":"post","link":"https:\/\/gratistidning.com\/pajala\/blog\/2026\/02\/24\/fler-doda-an-fodda-befolkningen-krymper-i-pajala-2\/","title":{"rendered":"Fler d\u00f6da \u00e4n f\u00f6dda: Befolkningen krymper i Pajala"},"content":{"rendered":"<div itemprop=\"articleBody\">\n<p class=\"lead\">Antalet avlidna var st\u00f6rre \u00e4n antalet f\u00f6dda \u2013 och fler flyttade fr\u00e5n \u00e4n till Pajala kommun. Befolkningen  minskade  under det fj\u00e4rde kvartalet 2025. Det visar nya siffror fr\u00e5n SCB. <\/p>\n<p> Befolkningen minskade i Pajala kommun under det fj\u00e4rde kvartalet 2025.<br \/>\nDen 31\u00a0december bodde enligt SCB:s senaste siffror 5\u00a0706 personer i kommunen, vilket \u00e4r 21 f\u00e4rre \u00e4n i slutet av tredje kvartalet. <\/p>\n<figure class=\"figchart\"><a href=\"https:\/\/d3rbgqmj1364cn.cloudfront.net\/robot-writer\/charts\/1019031392@2x.png\"><picture><source srcset=\"https:\/\/d3rbgqmj1364cn.cloudfront.net\/robot-writer\/charts\/1019031392.png_400.webp 0.5x,https:\/\/d3rbgqmj1364cn.cloudfront.net\/robot-writer\/charts\/1019031392.webp 1x,https:\/\/d3rbgqmj1364cn.cloudfront.net\/robot-writer\/charts\/1019031392@2x.webp 2x\" type=\"image\/webp\"\/><\/picture><\/a><\/figure>\n<p><meta content=\"cutoff\" name=\"cutoff\"\/><\/p>\n<p> Befolkningen i Pajala har minskat stadigt sedan tredje kvartalet 2024. Den st\u00f6rsta \u00f6kningen under ett enskilt kvartal noterades under fj\u00e4rde kvartalet 2017, d\u00e5 befolkningen v\u00e4xte med 54 personer.  Den st\u00f6rsta minskningen skedde tredje kvartalet 2007, d\u00e5 Pajala\u00adborna blev 72 f\u00e4rre.<\/p>\n<p> J\u00e4mf\u00f6rt med f\u00f6r ett \u00e5r sedan har befolkningen i Pajala minskat med ungef\u00e4r 150 personer \u2013 vilket motsvarar en  nedg\u00e5ng p\u00e5 2,6 procent. Sedan millennieskiftet har folkm\u00e4ngden minskat med runt 1\u00a0910 personer, eller 25 procent. <\/p>\n<h3> Fler d\u00f6da \u00e4n f\u00f6dda  \u2013 fler utflyttade \u00e4n inflyttade<\/h3>\n<p> Enligt SCB:s siffror f\u00f6ddes 14 barn i Pajala under det senaste kvartalet.  Samtidigt avled  28 personer. Pajala hade allts\u00e5 ett negativt f\u00f6delsenetto, vilket kommunen historiskt sett i princip alltid har haft. <\/p>\n<figure class=\"figchart\"><a href=\"https:\/\/d3rbgqmj1364cn.cloudfront.net\/robot-writer\/charts\/3918861451@2x.png\"><picture><source srcset=\"https:\/\/d3rbgqmj1364cn.cloudfront.net\/robot-writer\/charts\/3918861451.png_400.webp 0.5x,https:\/\/d3rbgqmj1364cn.cloudfront.net\/robot-writer\/charts\/3918861451.webp 1x,https:\/\/d3rbgqmj1364cn.cloudfront.net\/robot-writer\/charts\/3918861451@2x.webp 2x\" type=\"image\/webp\"\/><img decoding=\"async\" class=\"chart\" loading=\"lazy\" src=\"https:\/\/d3rbgqmj1364cn.cloudfront.net\/robot-writer\/charts\/3918861451.png\"\/><\/picture><\/a><\/figure>\n<p> Under fj\u00e4rde kvartalet 2025 flyttade 51 personer till kommunen medan 62 personer flyttade d\u00e4rifr\u00e5n. Sedan seklets b\u00f6rjan har Pajala haft ungef\u00e4r lika m\u00e5nga kvartal med positivt flyttnetto som negativt. <\/p>\n<figure class=\"figchart\"><a href=\"https:\/\/d3rbgqmj1364cn.cloudfront.net\/robot-writer\/charts\/14815779@2x.png\"><picture><source srcset=\"https:\/\/d3rbgqmj1364cn.cloudfront.net\/robot-writer\/charts\/14815779.png_400.webp 0.5x,https:\/\/d3rbgqmj1364cn.cloudfront.net\/robot-writer\/charts\/14815779.webp 1x,https:\/\/d3rbgqmj1364cn.cloudfront.net\/robot-writer\/charts\/14815779@2x.webp 2x\" type=\"image\/webp\"\/><img decoding=\"async\" class=\"chart\" loading=\"lazy\" src=\"https:\/\/d3rbgqmj1364cn.cloudfront.net\/robot-writer\/charts\/14815779.png\"\/><\/picture><\/a><\/figure>\n<p>De flesta som flyttade till Pajala under fj\u00e4rde kvartalet invandrade fr\u00e5n andra l\u00e4nder. \u00c5t andra h\u00e5llet gick flyttlassen oftast till andra kommuner i l\u00e4net. <\/p>\n<h3> Norrbottens befolkning \u00f6kar<\/h3>\n<p> I Norrbotten som helhet \u00f6kade befolkningen med omkring 50 personer. H\u00e4r bor nu 248\u00a0927 personer. Befolkningen \u00f6kade i tv\u00e5 kommuner, medan den krympte i nio kommuner. Boden \u00f6kade mest, procentuellt sett. Minskningen var st\u00f6rst i Haparanda.<\/p>\n<figure class=\"has-table-wrapper\"><figcaption>Befolkning i Norrbotten den 31\u00a0december 2025<\/figcaption><div aria-hidden=\"true\" class=\"fignote\" style=\"font-size:80%;padding-top:1em;\">K\u00e4lla: SCB. Fr\u00e5n och med 2025 tillf\u00f6r SCB en liten, slumpm\u00e4ssig justering av siffrorna f\u00f6r att minska risken f\u00f6r att enskilda personer ska kunna identifieras. P\u00e5 vissa v\u00e4rden \u00e4r det inte n\u00e5gon justering, andra justeras upp eller ned med &#8220;ett litet ental&#8221;. Hur stort det h\u00e4r bruset kan vara vill SCB inte svara p\u00e5. Justeringen f\u00e5r ocks\u00e5 till f\u00f6ljd att summan av kommunernas befolkning inte kommer att vara exakt lika stor som l\u00e4nets.<\/p>\n<div class=\"chart-download\" style=\"font-size:80%;\">\n<details style=\"text-align:left;\">\n<summary>Kopiera tabellen (f\u00f6r eget CMS, Datawrapper, Infogram, etc.)<\/summary>\n<div class=\"DetailsEdSlim\">\n<p>Os\u00e4ker p\u00e5 hur du kopierar en tabell? L\u00e4s mer p\u00e5 <a href=\"https:\/\/www.newsworthy.se\/kopiera-tabeller-och-grafer\">www.newsworthy.se\/kopiera-tabeller-och-grafer<\/a>.<\/p>\n<p>I vissa CMS finns ett tabellverktyg d\u00e4r du kan klistra in tabelldata direkt i tabellredigeringsverktyget (ofta som csv eller tsv).<br \/>I andra CMS m\u00e5ste du v\u00e4xla till \u201dk\u00e4llredigering\u201d, \u201dkodl\u00e4ge\u201d eller liknande, och klistra in tabellen som html.<\/p>\n<\/div>\n<\/details>\n<\/div>\n<\/div>\n<\/figure>\n<aside class=\"Details\">\n<div class=\"Typography--article\">\n<h2 class=\"Typography--h3\">Om siffrorna<\/h2>\n<p>Fr\u00e5n och med 2025 adderar SCB en \u201dliten kontrollerad slumpm\u00e4ssig os\u00e4kerhet\u201d i alla redovisade siffror. Det \u00e4r f\u00f6r att skydda enskilda personer fr\u00e5n att kunna identifieras, men det inneb\u00e4r att totalsiffror inte alltid \u00e4r lika med summan av delarna. <\/p>\n<p>Os\u00e4kerheten kan justera siffrorna b\u00e5de upp\u00e5t och ned\u00e5t. Tidigare har SCB inte velat svara p\u00e5 hur stor os\u00e4kerheten kan vara, men nu meddelar de att det r\u00f6r sig om  maximalt +\/\u22123.<\/p>\n<p>Statistiken \u00e4r prelimin\u00e4r och kan komma att f\u00f6r\u00e4ndras n\u00e5got. Vi j\u00e4mf\u00f6r h\u00e4r med motsvarande prelimin\u00e4r statistik f\u00f6r \u00e5ren 2000 till 2025.<\/p>\n<p>F\u00f6delse\u00f6verskott\/F\u00f6delsenetto \u00e4r antalet f\u00f6dda minus antalet d\u00f6da.<\/p>\n<p>Flyttnings\u00f6verskott\/Flyttningsnetto \u00e4r samtliga inflyttningar minus samtliga utflyttningar.<\/p>\n<p>F\u00f6r att r\u00e4knas som invandrad kr\u00e4vs att man har f\u00f6r avsikt att stanna i Sverige i minst tolv m\u00e5nader samt har uppeh\u00e5llstillst\u00e5nd\/uppeh\u00e5llsr\u00e4tt (g\u00e4ller inte nordiska medborgare) och folkbokf\u00f6r sig i landet.<\/p>\n<p>H\u00e4ndelser som inte kan h\u00e4rledas till en specifik m\u00e5nad under \u00e5ret redovisas under kvartal 1 och f\u00f6rsta halv\u00e5ret. Det \u00e4r i regel d\u00f6dsfall som ber\u00f6rs.<\/p>\n<\/div>\n<\/aside>\n<figure class=\"figchart\"><a href=\"https:\/\/d3rbgqmj1364cn.cloudfront.net\/robot-writer\/charts\/1421307561@2x.png\"><picture><source srcset=\"https:\/\/d3rbgqmj1364cn.cloudfront.net\/robot-writer\/charts\/1421307561.png_400.webp 0.5x,https:\/\/d3rbgqmj1364cn.cloudfront.net\/robot-writer\/charts\/1421307561.webp 1x,https:\/\/d3rbgqmj1364cn.cloudfront.net\/robot-writer\/charts\/1421307561@2x.webp 2x\" type=\"image\/webp\"\/><img decoding=\"async\" class=\"chart\" loading=\"lazy\" src=\"https:\/\/d3rbgqmj1364cn.cloudfront.net\/robot-writer\/charts\/1421307561.png\"\/><\/picture><\/a><\/figure>\n<\/div>\n<p>&#8212;&#8212;&#8212;&#8212;&#8212;&#8212;&#8212;&#8212;&#8212;&#8212;&#8212;&#8212;&#8212;&#8212;&#8212;&#8212;&#8212;&#8212;&#8212;&#8211;<br \/>\n<a href=\"https:\/\/www.newsworthy.se\/artikel\/399862?utm_campaign=rss&#038;utm_source=pajala-kommun\" target=\"_blank\">Klicka h\u00e4r &#8211; l\u00e4nk till originalinl\u00e4gget<\/a><br \/>\n<br \/>\nK\u00e4lla: Newsworthy (Pajala)<br \/>\n&#8212;&#8212;&#8212;&#8212;&#8212;&#8212;&#8212;&#8212;&#8212;&#8212;&#8212;&#8212;&#8212;&#8212;&#8212;&#8212;&#8212;&#8212;&#8212;&#8211;<\/p>\n","protected":false},"excerpt":{"rendered":"<p>Antalet avlidna var st\u00f6rre \u00e4n antalet f\u00f6dda \u2013 och fler flyttade fr\u00e5n \u00e4n till Pajala kommun. Befolkningen minskade under det fj\u00e4rde kvartalet 2025. Det visar nya siffror fr\u00e5n SCB. Befolkningen minskade i Pajala kommun under det fj\u00e4rde kvartalet 2025. Den 31\u00a0december bodde enligt SCB:s senaste siffror 5\u00a0706 personer i kommunen, vilket \u00e4r 21 f\u00e4rre \u00e4n [&hellip;]<\/p>\n","protected":false},"author":100,"featured_media":802,"comment_status":"closed","ping_status":"closed","sticky":false,"template":"","format":"standard","meta":{"_acf_changed":false,"footnotes":"","_links_to":"","_links_to_target":""},"categories":[12],"tags":[],"class_list":{"0":"post-1934","1":"post","2":"type-post","3":"status-publish","4":"format-standard","5":"has-post-thumbnail","7":"category-allmant"},"featured_image_src":"https:\/\/gratistidning.com\/pajala\/wp-content\/uploads\/sites\/17\/2024\/05\/newsworthy-og-1024x536.png","blog_images":{"medium":"https:\/\/gratistidning.com\/pajala\/wp-content\/uploads\/sites\/17\/2024\/05\/newsworthy-og-300x157.png","large":"https:\/\/gratistidning.com\/pajala\/wp-content\/uploads\/sites\/17\/2024\/05\/newsworthy-og-1024x536.png"},"acf":[],"ams_acf":[],"publishpress_future_action":{"enabled":false,"date":"2026-05-07 00:19:11","action":"change-status","newStatus":"draft","terms":[],"taxonomy":"category","extraData":[]},"publishpress_future_workflow_manual_trigger":{"enabledWorkflows":[]},"_links":{"self":[{"href":"https:\/\/gratistidning.com\/pajala\/wp-json\/wp\/v2\/posts\/1934","targetHints":{"allow":["GET"]}}],"collection":[{"href":"https:\/\/gratistidning.com\/pajala\/wp-json\/wp\/v2\/posts"}],"about":[{"href":"https:\/\/gratistidning.com\/pajala\/wp-json\/wp\/v2\/types\/post"}],"author":[{"embeddable":true,"href":"https:\/\/gratistidning.com\/pajala\/wp-json\/wp\/v2\/users\/100"}],"replies":[{"embeddable":true,"href":"https:\/\/gratistidning.com\/pajala\/wp-json\/wp\/v2\/comments?post=1934"}],"version-history":[{"count":0,"href":"https:\/\/gratistidning.com\/pajala\/wp-json\/wp\/v2\/posts\/1934\/revisions"}],"wp:featuredmedia":[{"embeddable":true,"href":"https:\/\/gratistidning.com\/pajala\/wp-json\/wp\/v2\/media\/802"}],"wp:attachment":[{"href":"https:\/\/gratistidning.com\/pajala\/wp-json\/wp\/v2\/media?parent=1934"}],"wp:term":[{"taxonomy":"category","embeddable":true,"href":"https:\/\/gratistidning.com\/pajala\/wp-json\/wp\/v2\/categories?post=1934"},{"taxonomy":"post_tag","embeddable":true,"href":"https:\/\/gratistidning.com\/pajala\/wp-json\/wp\/v2\/tags?post=1934"}],"curies":[{"name":"wp","href":"https:\/\/api.w.org\/{rel}","templated":true}]}}