{"id":637,"date":"2023-09-25T08:48:00","date_gmt":"2023-09-25T06:48:00","guid":{"rendered":"https:\/\/gratistidning.com.hemsida.eu\/pajala\/blog\/2023\/09\/25\/pajala-kommun-delar-ut-pris-till-arets-kvinnliga-foretagare-och-arets-nyforetagare\/"},"modified":"2023-09-26T08:17:50","modified_gmt":"2023-09-26T06:17:50","slug":"pajala-kommun-delar-ut-pris-till-arets-kvinnliga-foretagare-och-arets-nyforetagare","status":"publish","type":"post","link":"https:\/\/gratistidning.com\/pajala\/blog\/2023\/09\/25\/pajala-kommun-delar-ut-pris-till-arets-kvinnliga-foretagare-och-arets-nyforetagare\/","title":{"rendered":"Pajala kommun delar ut pris till \u00e5rets kvinnliga f\u00f6retagare och \u00e5rets nyf\u00f6retagare"},"content":{"rendered":"<div>\n<p><em>Ulrica Hammarstr\u00f6m, kommunalr\u00e5d och Robert Hawkins, n\u00e4ringslivsutvecklare i Pajala kommun. Foto: Pajala kommun.<\/em><\/p>\n<p><strong>Under \u00e5rets Pajala gala kommer Pajala kommun att dela ut tv\u00e5 priser som riktar sig till f\u00f6retagare i kommunen.<\/strong><\/p>\n<p><!--\n\n<strong>Under &aring;rets Pajala gala kommer Pajala kommun att dela ut tv&aring; priser som riktar sig till\nf&ouml;retagare i kommunen.\n<\/strong>\n\n--><\/p>\n<p>Fredag den 29 september g\u00e5r Pajala Galan av stapeln. Galan som arrangeras av Visit Pajala tillsammans med Husets bar och bistro syftar till att uppm\u00e4rksamma f\u00f6retag, f\u00f6reningar och eldsj\u00e4lar i kommunen. Under galan kommer ett antal olika priser delas ut, bland annat ska \u00c5rets F\u00f6retag koras av regionala F\u00f6retagarna. Pajala kommun kommer att dela ut tv\u00e5 priser under kv\u00e4llen varav ett \u00e4r till \u00e5rets kvinnliga f\u00f6retagare.<\/p>\n<p>\u2013 Vi vill lyfta kvinnors f\u00f6retagande som en viktig faktor f\u00f6r j\u00e4mst\u00e4lldhet. F\u00f6r att uppm\u00e4rksamma och hylla kvinnliga f\u00f6retagare i kommunen har vi valt att initiera ett pris som riktas till f\u00f6retag som drivs av kvinnor, s\u00e4ger Ulrica Hammarstr\u00f6m (S), kommunalr\u00e5d Pajala kommun.<\/p>\n<p>Under galan kommer kommunen \u00e4ven dela ut pris till \u00c5rets nyf\u00f6retagare.<\/p>\n<p>\u2013 Ett starkt och expansivt n\u00e4ringsliv \u00e4r en f\u00f6ruts\u00e4ttning f\u00f6r kommunens utveckling. D\u00e4rf\u00f6r vill vi lyfta nya f\u00f6retagare som har en tydlig drivkraft och goda entrepren\u00f6rsegenskaper, s\u00e4ger Robert Hawkins, n\u00e4ringslivsutvecklare Pajala kommun.<\/p>\n<p>Vinnarna av utm\u00e4rkelserna kommer att f\u00e5 en statyett, ett diplom och ett presentkort f\u00f6r utbildning och n\u00e4tverkande. Vinnarna presenteras under Pajala Galan fredag den 29 september.<\/p>\n<\/div>\n<p>&#8212;&#8212;&#8212;&#8212;&#8212;&#8212;&#8212;&#8212;&#8212;&#8212;&#8212;&#8212;&#8212;&#8212;&#8212;&#8212;&#8212;&#8212;&#8212;&#8211;<br \/>\n<a href=\"https:\/\/press.newsmachine.com\/pressrelease\/view\/pajala-kommun-delar-ut-pris-till-arets-kvinnliga-foretagare-och-arets-nyforetagare-40285\" target=\"_blank\" rel=\"noopener\">Klicka h\u00e4r &#8211; l\u00e4nk till originalinl\u00e4gget<\/a><\/p>\n<p>K\u00e4lla: Pajala kommun<br \/>\n&#8212;&#8212;&#8212;&#8212;&#8212;&#8212;&#8212;&#8212;&#8212;&#8212;&#8212;&#8212;&#8212;&#8212;&#8212;&#8212;&#8212;&#8212;&#8212;&#8211;<\/p>\n","protected":false},"excerpt":{"rendered":"<p>Ulrica Hammarstr\u00f6m, kommunalr\u00e5d och Robert Hawkins, n\u00e4ringslivsutvecklare i Pajala kommun. Foto: Pajala kommun. Under \u00e5rets Pajala gala kommer Pajala kommun att dela ut tv\u00e5 priser som riktar sig till f\u00f6retagare i kommunen. Fredag den 29 september g\u00e5r Pajala Galan av stapeln. Galan som arrangeras av Visit Pajala tillsammans med Husets bar och bistro syftar till [&hellip;]<\/p>\n","protected":false},"author":49,"featured_media":638,"comment_status":"closed","ping_status":"closed","sticky":false,"template":"","format":"standard","meta":{"_acf_changed":false,"footnotes":"","_links_to":"","_links_to_target":""},"categories":[50,51],"tags":[],"class_list":{"0":"post-637","1":"post","2":"type-post","3":"status-publish","4":"format-standard","5":"has-post-thumbnail","7":"category-pajala-kommun","8":"category-kommunen"},"featured_image_src":"https:\/\/gratistidning.com\/pajala\/wp-content\/uploads\/sites\/17\/2023\/09\/1695627227_obj.jpeg","blog_images":{"medium":"https:\/\/gratistidning.com\/pajala\/wp-content\/uploads\/sites\/17\/2023\/09\/1695627227_obj-300x251.jpeg","large":"https:\/\/gratistidning.com\/pajala\/wp-content\/uploads\/sites\/17\/2023\/09\/1695627227_obj.jpeg"},"acf":[],"ams_acf":[],"publishpress_future_action":{"enabled":false,"date":"2026-05-07 02:31:30","action":"change-status","newStatus":"draft","terms":[],"taxonomy":"category","extraData":[]},"publishpress_future_workflow_manual_trigger":{"enabledWorkflows":[]},"_links":{"self":[{"href":"https:\/\/gratistidning.com\/pajala\/wp-json\/wp\/v2\/posts\/637","targetHints":{"allow":["GET"]}}],"collection":[{"href":"https:\/\/gratistidning.com\/pajala\/wp-json\/wp\/v2\/posts"}],"about":[{"href":"https:\/\/gratistidning.com\/pajala\/wp-json\/wp\/v2\/types\/post"}],"author":[{"embeddable":true,"href":"https:\/\/gratistidning.com\/pajala\/wp-json\/wp\/v2\/users\/49"}],"replies":[{"embeddable":true,"href":"https:\/\/gratistidning.com\/pajala\/wp-json\/wp\/v2\/comments?post=637"}],"version-history":[{"count":3,"href":"https:\/\/gratistidning.com\/pajala\/wp-json\/wp\/v2\/posts\/637\/revisions"}],"predecessor-version":[{"id":641,"href":"https:\/\/gratistidning.com\/pajala\/wp-json\/wp\/v2\/posts\/637\/revisions\/641"}],"wp:featuredmedia":[{"embeddable":true,"href":"https:\/\/gratistidning.com\/pajala\/wp-json\/wp\/v2\/media\/638"}],"wp:attachment":[{"href":"https:\/\/gratistidning.com\/pajala\/wp-json\/wp\/v2\/media?parent=637"}],"wp:term":[{"taxonomy":"category","embeddable":true,"href":"https:\/\/gratistidning.com\/pajala\/wp-json\/wp\/v2\/categories?post=637"},{"taxonomy":"post_tag","embeddable":true,"href":"https:\/\/gratistidning.com\/pajala\/wp-json\/wp\/v2\/tags?post=637"}],"curies":[{"name":"wp","href":"https:\/\/api.w.org\/{rel}","templated":true}]}}