{"id":651,"date":"2023-10-13T13:55:00","date_gmt":"2023-10-13T11:55:00","guid":{"rendered":"https:\/\/gratistidning.com.hemsida.eu\/pajala\/blog\/2023\/10\/13\/aldre-moter-yngre-i-nytt-projekt-traffarna-praglas-av-mycket-gladje-och-skratt\/"},"modified":"2023-10-13T13:55:00","modified_gmt":"2023-10-13T11:55:00","slug":"aldre-moter-yngre-i-nytt-projekt-traffarna-praglas-av-mycket-gladje-och-skratt","status":"publish","type":"post","link":"https:\/\/gratistidning.com\/pajala\/blog\/2023\/10\/13\/aldre-moter-yngre-i-nytt-projekt-traffarna-praglas-av-mycket-gladje-och-skratt\/","title":{"rendered":"\u00c4ldre m\u00f6ter yngre i nytt projekt: \u201dTr\u00e4ffarna pr\u00e4glas av mycket gl\u00e4dje och skratt\u201d"},"content":{"rendered":"<div>\n<p><strong>Barn fr\u00e5n f\u00f6rskolor i Pajala centralort bes\u00f6ker \u00e4ldreboenden i projektet \u00c4ldre m\u00f6ter yngre f\u00f6r &#13;<br \/>\natt bland annat st\u00e4rka barnens anknytning till me\u00e4nkieli och den tornedalska kulturen.<\/strong><\/p>\n<div class=\"d-flex justify-content-center\">\n<figure class=\"figure\">\n\t\t\t\t\t\t\t\t\t<figcaption class=\"figure-caption\"> Fotograf\/K\u00e4lla: Klara \u00c5strand<\/figcaption><\/figure>\n<\/p><\/div>\n<p>\t\t\t\t\t\t\t\t\t\t\t\t<!--\t\n\n<p><strong>Barn fr&aring;n f&ouml;rskolor i Pajala centralort bes&ouml;ker &auml;ldreboenden i projektet &Auml;ldre m&ouml;ter yngre f&ouml;r \natt bland annat st&auml;rka barnens anknytning till me&auml;nkieli och den tornedalska kulturen.<\/strong><\/p>\n\n --><\/p>\n<p>\u00c4ldre m\u00f6ter yngre \u00e4r en del av VARP-projektet som genomf\u00f6rdes under sommaren 2023, som kultur, skola och st\u00f6d och omsorg \u00e4r delaktiga i. Det \u00e4r m\u00f6tet och utbytet mellan barn och \u00e4ldre som \u00e4r k\u00e4rnan i delprojektet.<\/p>\n<p>&#8211; Projektet g\u00e5r ut p\u00e5 att personer p\u00e5 \u00e4ldreboende tr\u00e4ffar barn fr\u00e5n n\u00e4rliggande f\u00f6rskolor f\u00f6r att m\u00f6tas \u00f6ver generationsgr\u00e4nser, n\u00e5got som f\u00f6r m\u00e5nga i dessa \u00e5ldersgrupper sker s\u00e4llan eller aldrig, ber\u00e4ttar Klara \u00c5strand, projektledare.<\/p>\n<p>&#8211; Ut\u00f6ver m\u00f6te \u00f6ver generationsgr\u00e4nserna syftar projektet till att st\u00e4rka barnens anknytning till me\u00e4nkieli och den tornedalska kulturen samt ta reda p\u00e5 om det sker n\u00e5gon f\u00f6r\u00e4ndring g\u00e4llande de \u00e4ldre deltagarnas psykiska och fysiska h\u00e4lsa.<\/p>\n<p>&#8211; Vi har bara f\u00e5tt positiv respons, b\u00e5de fr\u00e5n de \u00e4ldre deltagarna, barnen, medarbetare och f\u00f6r\u00e4ldrar. De \u00e4ldre lyser upp och blir s\u00e5 glada n\u00e4r de f\u00e5r bes\u00f6k av barnen. Barnen har blivit mer varma i kl\u00e4derna nu n\u00e4r de varit p\u00e5 bes\u00f6k n\u00e5gra g\u00e5nger och vet vilka de ska tr\u00e4ffa. Tr\u00e4ffarna pr\u00e4glas av mycket gl\u00e4dje och skratt, s\u00e4ger Klara \u00c5strand.<\/p>\n<p>P\u00e5 tr\u00e4ffarna ritar, pratar och fikar barnen och de \u00e4ldre tillsammans.<\/p>\n<p>&#8211; F\u00f6rhoppningen \u00e4r att kunna visa hur pass bra det h\u00e4r fungerar och vilka positiva effekter det skapar s\u00e5 att det s\u00e5 sm\u00e5ningom blir en sj\u00e4lvklar del av arbetss\u00e4ttet b\u00e5de p\u00e5 f\u00f6rskolor och \u00e4ldreboenden och att vi kan arbeta p\u00e5 samma s\u00e4tt \u00e4ven p\u00e5 andra orter i kommunen, s\u00e4ger Klara \u00c5strand.\u00a0<\/p>\n<p>Under de fyra f\u00f6rsta veckorna bes\u00f6kte f\u00f6rskolebarnen de \u00e4ldre en g\u00e5ng i veckan, d\u00e4refter genomf\u00f6rdes en utv\u00e4rdering och utifr\u00e5n det har en ny plan skapats som inneb\u00e4r att en av f\u00f6rskolorna forts\u00e4tter att komma p\u00e5 bes\u00f6k en g\u00e5ng i veckan, de tv\u00e5 andra f\u00f6rskolorna kommer i st\u00e4llet p\u00e5 bes\u00f6k varannan vecka.<\/p>\n<p><strong>Fakta:<\/strong><\/p>\n<ul>&#13;<\/p>\n<li>Tre f\u00f6rskolor i Pajala centralort deltar i projektet, de bes\u00f6ker de tv\u00e5 \u00e4ldreboendena i Pajala.<\/li>\n<p>&#13;<\/p>\n<li>Del av kulturprojektet VARP<\/li>\n<p>&#13;<\/p>\n<li>Projektet p\u00e5g\u00e5r under ett skol\u00e5r och avslutas i juni-24.<\/li>\n<p>&#13;<\/p>\n<li>F\u00f6rhoppning om att inf\u00f6ra arbetss\u00e4ttet p\u00e5 andra orter i kommunen.<\/li>\n<p>&#13;\n<\/ul>\n<\/p><\/div>\n<p>&#8212;&#8212;&#8212;&#8212;&#8212;&#8212;&#8212;&#8212;&#8212;&#8212;&#8212;&#8212;&#8212;&#8212;&#8212;&#8212;&#8212;&#8212;&#8212;&#8211;<br \/>\n<a href=\"https:\/\/press.newsmachine.com\/pressrelease\/view\/aldre-moter-yngre-i-nytt-projekt-traffarna-praglas-av-mycket-gladje-och-skratt-40440\" target=\"_blank\" rel=\"noopener\">Klicka h\u00e4r &#8211; l\u00e4nk till originalinl\u00e4gget<\/a><br \/>\n<br \/>\nK\u00e4lla: Pajala kommun<br \/>\n&#8212;&#8212;&#8212;&#8212;&#8212;&#8212;&#8212;&#8212;&#8212;&#8212;&#8212;&#8212;&#8212;&#8212;&#8212;&#8212;&#8212;&#8212;&#8212;&#8211;<\/p>\n","protected":false},"excerpt":{"rendered":"<p>Barn fr\u00e5n f\u00f6rskolor i Pajala centralort bes\u00f6ker \u00e4ldreboenden i projektet \u00c4ldre m\u00f6ter yngre f\u00f6r &#13; att bland annat st\u00e4rka barnens anknytning till me\u00e4nkieli och den tornedalska kulturen. Fotograf\/K\u00e4lla: Klara \u00c5strand \u00c4ldre m\u00f6ter yngre \u00e4r en del av VARP-projektet som genomf\u00f6rdes under sommaren 2023, som kultur, skola och st\u00f6d och omsorg \u00e4r delaktiga i. Det \u00e4r [&hellip;]<\/p>\n","protected":false},"author":49,"featured_media":652,"comment_status":"closed","ping_status":"closed","sticky":false,"template":"","format":"standard","meta":{"_acf_changed":false,"footnotes":"","_links_to":"","_links_to_target":""},"categories":[50,51],"tags":[],"class_list":{"0":"post-651","1":"post","2":"type-post","3":"status-publish","4":"format-standard","5":"has-post-thumbnail","7":"category-pajala-kommun","8":"category-kommunen"},"featured_image_src":"https:\/\/gratistidning.com\/pajala\/wp-content\/uploads\/sites\/17\/2023\/10\/obj-1024x577.png","blog_images":{"medium":"https:\/\/gratistidning.com\/pajala\/wp-content\/uploads\/sites\/17\/2023\/10\/obj-300x169.png","large":"https:\/\/gratistidning.com\/pajala\/wp-content\/uploads\/sites\/17\/2023\/10\/obj-1024x577.png"},"acf":[],"ams_acf":[],"publishpress_future_action":{"enabled":false,"date":"2026-05-07 04:30:45","action":"change-status","newStatus":"draft","terms":[],"taxonomy":"category","extraData":[]},"publishpress_future_workflow_manual_trigger":{"enabledWorkflows":[]},"_links":{"self":[{"href":"https:\/\/gratistidning.com\/pajala\/wp-json\/wp\/v2\/posts\/651","targetHints":{"allow":["GET"]}}],"collection":[{"href":"https:\/\/gratistidning.com\/pajala\/wp-json\/wp\/v2\/posts"}],"about":[{"href":"https:\/\/gratistidning.com\/pajala\/wp-json\/wp\/v2\/types\/post"}],"author":[{"embeddable":true,"href":"https:\/\/gratistidning.com\/pajala\/wp-json\/wp\/v2\/users\/49"}],"replies":[{"embeddable":true,"href":"https:\/\/gratistidning.com\/pajala\/wp-json\/wp\/v2\/comments?post=651"}],"version-history":[{"count":0,"href":"https:\/\/gratistidning.com\/pajala\/wp-json\/wp\/v2\/posts\/651\/revisions"}],"wp:featuredmedia":[{"embeddable":true,"href":"https:\/\/gratistidning.com\/pajala\/wp-json\/wp\/v2\/media\/652"}],"wp:attachment":[{"href":"https:\/\/gratistidning.com\/pajala\/wp-json\/wp\/v2\/media?parent=651"}],"wp:term":[{"taxonomy":"category","embeddable":true,"href":"https:\/\/gratistidning.com\/pajala\/wp-json\/wp\/v2\/categories?post=651"},{"taxonomy":"post_tag","embeddable":true,"href":"https:\/\/gratistidning.com\/pajala\/wp-json\/wp\/v2\/tags?post=651"}],"curies":[{"name":"wp","href":"https:\/\/api.w.org\/{rel}","templated":true}]}}