{"id":657,"date":"2023-10-19T08:00:00","date_gmt":"2023-10-19T06:00:00","guid":{"rendered":"https:\/\/gratistidning.com.hemsida.eu\/pajala\/blog\/2023\/10\/19\/vi-firar-offentliga-maltidens-dag\/"},"modified":"2023-10-19T08:00:00","modified_gmt":"2023-10-19T06:00:00","slug":"vi-firar-offentliga-maltidens-dag","status":"publish","type":"post","link":"https:\/\/gratistidning.com\/pajala\/blog\/2023\/10\/19\/vi-firar-offentliga-maltidens-dag\/","title":{"rendered":"Vi firar Offentliga m\u00e5ltidens dag"},"content":{"rendered":"<div>\n<p><strong>Varje dag serveras drygt 3 miljoner m\u00e5ltider inom offentlig sektor i Sverige. Idag, den 19 &#13;<br \/>\noktober \u00e4r det Offentliga m\u00e5ltidens dag som \u00e4r en dag d\u00e5 vi hyllar alla dessa fantastiska &#13;<br \/>\nm\u00e5ltider och uppm\u00e4rksammar allt arbete bakom dem.<\/strong><\/p>\n<div class=\"d-flex justify-content-center\">\n<figure class=\"figure\">\n\t\t\t\t\t\t\t\t\t<figcaption class=\"figure-caption\"> Fotograf\/K\u00e4lla: Pajala kommun<\/figcaption><\/figure>\n<\/p><\/div>\n<p>\t\t\t\t\t\t\t\t\t\t\t\t<!--\t\n\n<p><strong>Varje dag serveras drygt 3 miljoner m&aring;ltider inom offentlig sektor i Sverige. Idag, den 19 \noktober &auml;r det Offentliga m&aring;ltidens dag som &auml;r en dag d&aring; vi hyllar alla dessa fantastiska \nm&aring;ltider och uppm&auml;rksammar allt arbete bakom dem.<\/strong><\/p>\n\n --><\/p>\n<p>Varje dag serveras det ca 1300 portioner i v\u00e5ra kommunala f\u00f6rskolor, skolor och inom \u00e4ldrev\u00e5rden i Pajala kommun. Det arbetar totalt 22 personer i kommunens produktions och mottagningsk\u00f6k som ser till att det finns m\u00e5ltider att servera 365 dagar om \u00e5ret.<\/p>\n<p>&#8211; I m\u00f6jligaste m\u00e5n f\u00f6rs\u00f6ker vi anv\u00e4nda r\u00e5varor fr\u00e5n norrl\u00e4ndska livsmedelsproducenter och n\u00e4r det \u00e4r m\u00f6jligt, s\u00e4rskilt vid speciella tillf\u00e4llen, handlar vi lokalt, ber\u00e4ttar Joel Medelid, kostchef i Pajala kommun.<\/p>\n<p>Matsedlarna till skolan s\u00e4tts samman utifr\u00e5n unders\u00f6kningar av elevernas favorit respektive minst favoritr\u00e4tter samt styrs av budget, lagar och regler.<\/p>\n<p>&#8211; Enligt v\u00e5ra unders\u00f6kningar \u00e4r favoritr\u00e4tterna i Pajala kommuns skolor k\u00f6ttbullar och makaroner, lasagne och tacos, s\u00e4ger Joel Medelid.<\/p>\n<p>De offentliga m\u00e5ltiderna har stor betydelse f\u00f6r att fr\u00e4mja folkh\u00e4lsan, n\u00e5 m\u00e5len i Agenda 2030 och st\u00e4rka svensk matproduktion. M\u00e5ltidens dag har instiftats av M\u00e5ltidsakademien och infaller alltid tredje torsdagen i oktober. MATtanken f\u00f6rst\u00e4rker dagen i samverkan med M\u00e5ltidsakademien.<\/p>\n<\/p><\/div>\n<p>&#8212;&#8212;&#8212;&#8212;&#8212;&#8212;&#8212;&#8212;&#8212;&#8212;&#8212;&#8212;&#8212;&#8212;&#8212;&#8212;&#8212;&#8212;&#8212;&#8211;<br \/>\n<a href=\"https:\/\/press.newsmachine.com\/pressrelease\/view\/vi-firar-offentliga-maltidens-dag-40391\" target=\"_blank\" rel=\"noopener\">Klicka h\u00e4r &#8211; l\u00e4nk till originalinl\u00e4gget<\/a><br \/>\n<br \/>\nK\u00e4lla: Pajala kommun<br \/>\n&#8212;&#8212;&#8212;&#8212;&#8212;&#8212;&#8212;&#8212;&#8212;&#8212;&#8212;&#8212;&#8212;&#8212;&#8212;&#8212;&#8212;&#8212;&#8212;&#8211;<\/p>\n","protected":false},"excerpt":{"rendered":"<p>Varje dag serveras drygt 3 miljoner m\u00e5ltider inom offentlig sektor i Sverige. Idag, den 19 &#13; oktober \u00e4r det Offentliga m\u00e5ltidens dag som \u00e4r en dag d\u00e5 vi hyllar alla dessa fantastiska &#13; m\u00e5ltider och uppm\u00e4rksammar allt arbete bakom dem. Fotograf\/K\u00e4lla: Pajala kommun Varje dag serveras det ca 1300 portioner i v\u00e5ra kommunala f\u00f6rskolor, skolor [&hellip;]<\/p>\n","protected":false},"author":49,"featured_media":658,"comment_status":"closed","ping_status":"closed","sticky":false,"template":"","format":"standard","meta":{"_acf_changed":false,"footnotes":"","_links_to":"","_links_to_target":""},"categories":[50,51],"tags":[],"class_list":{"0":"post-657","1":"post","2":"type-post","3":"status-publish","4":"format-standard","5":"has-post-thumbnail","7":"category-pajala-kommun","8":"category-kommunen"},"featured_image_src":"https:\/\/gratistidning.com\/pajala\/wp-content\/uploads\/sites\/17\/2023\/10\/1697698097_obj-1024x576.png","blog_images":{"medium":"https:\/\/gratistidning.com\/pajala\/wp-content\/uploads\/sites\/17\/2023\/10\/1697698097_obj-300x169.png","large":"https:\/\/gratistidning.com\/pajala\/wp-content\/uploads\/sites\/17\/2023\/10\/1697698097_obj-1024x576.png"},"acf":[],"ams_acf":[],"publishpress_future_action":{"enabled":false,"date":"2026-05-06 23:25:10","action":"change-status","newStatus":"draft","terms":[],"taxonomy":"category","extraData":[]},"publishpress_future_workflow_manual_trigger":{"enabledWorkflows":[]},"_links":{"self":[{"href":"https:\/\/gratistidning.com\/pajala\/wp-json\/wp\/v2\/posts\/657","targetHints":{"allow":["GET"]}}],"collection":[{"href":"https:\/\/gratistidning.com\/pajala\/wp-json\/wp\/v2\/posts"}],"about":[{"href":"https:\/\/gratistidning.com\/pajala\/wp-json\/wp\/v2\/types\/post"}],"author":[{"embeddable":true,"href":"https:\/\/gratistidning.com\/pajala\/wp-json\/wp\/v2\/users\/49"}],"replies":[{"embeddable":true,"href":"https:\/\/gratistidning.com\/pajala\/wp-json\/wp\/v2\/comments?post=657"}],"version-history":[{"count":0,"href":"https:\/\/gratistidning.com\/pajala\/wp-json\/wp\/v2\/posts\/657\/revisions"}],"wp:featuredmedia":[{"embeddable":true,"href":"https:\/\/gratistidning.com\/pajala\/wp-json\/wp\/v2\/media\/658"}],"wp:attachment":[{"href":"https:\/\/gratistidning.com\/pajala\/wp-json\/wp\/v2\/media?parent=657"}],"wp:term":[{"taxonomy":"category","embeddable":true,"href":"https:\/\/gratistidning.com\/pajala\/wp-json\/wp\/v2\/categories?post=657"},{"taxonomy":"post_tag","embeddable":true,"href":"https:\/\/gratistidning.com\/pajala\/wp-json\/wp\/v2\/tags?post=657"}],"curies":[{"name":"wp","href":"https:\/\/api.w.org\/{rel}","templated":true}]}}