{"id":918,"date":"2024-08-12T15:18:00","date_gmt":"2024-08-12T13:18:00","guid":{"rendered":"https:\/\/gratistidning.com.hemsida.eu\/pajala\/blog\/2024\/08\/12\/forsta-motet-for-nya-kommunstyrelsen\/"},"modified":"2024-08-12T15:18:00","modified_gmt":"2024-08-12T13:18:00","slug":"forsta-motet-for-nya-kommunstyrelsen","status":"publish","type":"post","link":"https:\/\/gratistidning.com\/pajala\/blog\/2024\/08\/12\/forsta-motet-for-nya-kommunstyrelsen\/","title":{"rendered":"F\u00f6rsta m\u00f6tet f\u00f6r nya kommunstyrelsen"},"content":{"rendered":"<div>\n<p><strong>Idag, m\u00e5ndagen den 12 augusti, genomf\u00f6rdes det f\u00f6rsta sammantr\u00e4det f\u00f6r Pajala kommuns &#13;<br \/>\nnya kommunstyrelse.<\/strong><\/p>\n<div class=\"d-flex justify-content-center\">\n<figure class=\"figure\">\n\t\t\t\t\t\t\t\t\t<figcaption class=\"figure-caption\">2024-08-12 Fotograf\/K\u00e4lla: Pajala kommun<\/figcaption><\/figure>\n<\/p><\/div>\n<p>\t\t\t\t\t\t\t\t\t\t\t\t<!--\t\n\n<p><strong>Idag, m&aring;ndagen den 12 augusti, genomf&ouml;rdes det f&ouml;rsta sammantr&auml;det f&ouml;r Pajala kommuns \nnya kommunstyrelse.<\/strong><\/p>\n\n --><\/p>\n<p>Fokus f\u00f6r det extrainsatta sammantr\u00e4det var besluts\u00e4rendet\u00a0val av ledam\u00f6ter till utskotten.\u00a0\u00a0<\/p>\n<p>\u2013 Det h\u00e4r k\u00e4nns bra. Det r\u00e5dde stor enighet under hela sammantr\u00e4det och vi hade god dialog mellan majoritet och opposition, s\u00e4ger Birgitta Rantatalo (S), kommunalr\u00e5d och tillika kommunstyrelsens ordf\u00f6rande i Pajala kommun.\u00a0\u00a0<\/p>\n<p>P\u00e5 sammantr\u00e4det deltog Bengt-Ola M\u00f6rtlund (V), Marika Solgevik Svala (S), Birgitta Rantatalo (S), Anita Sk\u00f6ld (M), Ann-Mari M\u00e4ki Larsson (FrS), Stefan Brandl\u00f6v (S), Jan Larsson (FrS), Peter Ericsson (KD), Lennart Ojantlatva (SJVP), Stig T\u00f6yr\u00e4 (KD) och Johny Lantto (FrS).\u00a0<\/p>\n<p>Under m\u00f6tet fick kommunstyrelsen en avrapportering av socialchef Carin Johansson ang\u00e5ende arbetet med att minska antalet konsulter i verksamheten. Ytterligare behandlades omst\u00e4llningsst\u00f6d till avg\u00e5ende kommunstyrelseordf\u00f6rande (KSO) d\u00e4r styrelsen beslutade enligt f\u00f6rvaltningens f\u00f6rslag.\u00a0<\/p>\n<p>&#8211; Utifr\u00e5n de av fullm\u00e4ktige sedan tidigare antagna best\u00e4mmelser, som \u00e4r baserade p\u00e5 SKR:s f\u00f6reskrifter, har avg\u00e5ende KSO r\u00e4tt till ett omst\u00e4llningsst\u00f6d, s\u00e4ger Birgitta Rantatalo.\u00a0\u00a0<\/p>\n<p>N\u00e4sta sammantr\u00e4de f\u00f6r kommunstyrelsen \u00e4r den 9 september.\u00a0<\/p>\n<\/p><\/div>\n<p>&#8212;&#8212;&#8212;&#8212;&#8212;&#8212;&#8212;&#8212;&#8212;&#8212;&#8212;&#8212;&#8212;&#8212;&#8212;&#8212;&#8212;&#8212;&#8212;&#8211;<br \/>\n<a href=\"https:\/\/press.newsmachine.com\/pressrelease\/view\/forsta-motet-for-nya-kommunstyrelsen-44138\" target=\"_blank\" rel=\"noopener\">Klicka h\u00e4r &#8211; l\u00e4nk till originalinl\u00e4gget<\/a><br \/>\n<br \/>\nK\u00e4lla: Pajala kommun<br \/>\n&#8212;&#8212;&#8212;&#8212;&#8212;&#8212;&#8212;&#8212;&#8212;&#8212;&#8212;&#8212;&#8212;&#8212;&#8212;&#8212;&#8212;&#8212;&#8212;&#8211;<\/p>\n","protected":false},"excerpt":{"rendered":"<p>Idag, m\u00e5ndagen den 12 augusti, genomf\u00f6rdes det f\u00f6rsta sammantr\u00e4det f\u00f6r Pajala kommuns &#13; nya kommunstyrelse. 2024-08-12 Fotograf\/K\u00e4lla: Pajala kommun Fokus f\u00f6r det extrainsatta sammantr\u00e4det var besluts\u00e4rendet\u00a0val av ledam\u00f6ter till utskotten.\u00a0\u00a0 \u2013 Det h\u00e4r k\u00e4nns bra. Det r\u00e5dde stor enighet under hela sammantr\u00e4det och vi hade god dialog mellan majoritet och opposition, s\u00e4ger Birgitta Rantatalo (S), [&hellip;]<\/p>\n","protected":false},"author":49,"featured_media":919,"comment_status":"closed","ping_status":"closed","sticky":false,"template":"","format":"standard","meta":{"_acf_changed":false,"footnotes":"","_links_to":"","_links_to_target":""},"categories":[50,51],"tags":[],"class_list":{"0":"post-918","1":"post","2":"type-post","3":"status-publish","4":"format-standard","5":"has-post-thumbnail","7":"category-pajala-kommun","8":"category-kommunen"},"featured_image_src":"https:\/\/gratistidning.com\/pajala\/wp-content\/uploads\/sites\/17\/2024\/08\/obj.jpeg","blog_images":{"medium":"https:\/\/gratistidning.com\/pajala\/wp-content\/uploads\/sites\/17\/2024\/08\/obj-300x169.jpeg","large":"https:\/\/gratistidning.com\/pajala\/wp-content\/uploads\/sites\/17\/2024\/08\/obj.jpeg"},"acf":[],"ams_acf":[],"publishpress_future_action":{"enabled":false,"date":"2026-05-07 00:39:50","action":"change-status","newStatus":"draft","terms":[],"taxonomy":"category","extraData":[]},"publishpress_future_workflow_manual_trigger":{"enabledWorkflows":[]},"_links":{"self":[{"href":"https:\/\/gratistidning.com\/pajala\/wp-json\/wp\/v2\/posts\/918","targetHints":{"allow":["GET"]}}],"collection":[{"href":"https:\/\/gratistidning.com\/pajala\/wp-json\/wp\/v2\/posts"}],"about":[{"href":"https:\/\/gratistidning.com\/pajala\/wp-json\/wp\/v2\/types\/post"}],"author":[{"embeddable":true,"href":"https:\/\/gratistidning.com\/pajala\/wp-json\/wp\/v2\/users\/49"}],"replies":[{"embeddable":true,"href":"https:\/\/gratistidning.com\/pajala\/wp-json\/wp\/v2\/comments?post=918"}],"version-history":[{"count":0,"href":"https:\/\/gratistidning.com\/pajala\/wp-json\/wp\/v2\/posts\/918\/revisions"}],"wp:featuredmedia":[{"embeddable":true,"href":"https:\/\/gratistidning.com\/pajala\/wp-json\/wp\/v2\/media\/919"}],"wp:attachment":[{"href":"https:\/\/gratistidning.com\/pajala\/wp-json\/wp\/v2\/media?parent=918"}],"wp:term":[{"taxonomy":"category","embeddable":true,"href":"https:\/\/gratistidning.com\/pajala\/wp-json\/wp\/v2\/categories?post=918"},{"taxonomy":"post_tag","embeddable":true,"href":"https:\/\/gratistidning.com\/pajala\/wp-json\/wp\/v2\/tags?post=918"}],"curies":[{"name":"wp","href":"https:\/\/api.w.org\/{rel}","templated":true}]}}