{"id":8366,"date":"2026-07-20T07:04:00","date_gmt":"2026-07-20T05:04:00","guid":{"rendered":"https:\/\/gratistidning.com\/pitea\/blog\/2026\/07\/20\/farre-med-bistand-i-pitea-under-mandatperioden\/"},"modified":"2026-07-20T07:04:00","modified_gmt":"2026-07-20T05:04:00","slug":"farre-med-bistand-i-pitea-under-mandatperioden","status":"publish","type":"post","link":"https:\/\/gratistidning.com\/pitea\/blog\/2026\/07\/20\/farre-med-bistand-i-pitea-under-mandatperioden\/","title":{"rendered":"F\u00e4rre med bist\u00e5nd i Pite\u00e5 under mandatperioden"},"content":{"rendered":"<div itemprop=\"articleBody\"><meta content=\"arbetsmarknad\" data-region=\"Pite\u00e5 kommun\" data-role=\"featured-image\" data-tag=\"arbetsmarknad\" data-type=\"imageFromBank\" property=\"imageFromBank\"\/><\/p>\n<p class=\"lead\">Den totala arbetsl\u00f6sheten har \u00f6kat i Sverige under mandatperioden,<br \/>\nsamtidigt som kommunernas kostnader f\u00f6r ekonomiskt bist\u00e5nd \u00f6kar.<br \/>\nMen variationerna \u00f6ver landet \u00e4r stora.<br \/>\nS\u00e5 h\u00e4r har arbetsmarknaden i Pite\u00e5 kommun klarat den g\u00e5ngna mandatperioden.<\/p>\n<p>Den svenska arbetsl\u00f6sheten \u00e4r h\u00f6gre nu \u00e4n i slutet av f\u00f6rra mandatperioden, och kostnaderna f\u00f6r ekonomiskt bist\u00e5nd har \u00f6kat.<br \/>\nMen variationerna \u00f6ver landet \u00e4r stora.<br \/>\nS\u00e4mst g\u00e5r det f\u00f6r landsbygdskommuner i s\u00f6der, b\u00e4st i de gr\u00f6na n\u00e4ringarnas kommuner i norr. <\/p>\n<aside class=\"Details\">\n<div class=\"Typography--article\">\n<p>Tillsammans med Dagens Samh\u00e4lle kartl\u00e4gger vi i en femdelad artikelserie<br \/>\nhur landets alla kommuner utvecklats under den g\u00e5ngna mandatperioden.<\/p>\n<p>I den h\u00e4r artikeln studerar vi arbetsmarknaden, utifr\u00e5n fyra nyckeltal:<br \/>\nantal anst\u00e4llda i n\u00e4ringslivet, arbetsl\u00f6shet, vad kommunen betalar f\u00f6r ekonomiskt bist\u00e5nd,<br \/>\noch andel inv\u00e5nare med <i>l\u00e5ngvarigt<\/i> ekonomiskt bist\u00e5nd.<\/p>\n<\/div>\n<\/aside>\n<p><meta content=\"cutoff\" name=\"cutoff\"\/><\/p>\n<h2>Nu omkring 12\u00a0200 anst\u00e4llda i n\u00e4ringslivet<\/h2>\n<p>I fjol arbetade 12\u00a0246 personer inom Pite\u00e5s privata n\u00e4ringsliv. Det \u00e4r ungef\u00e4r lika m\u00e5nga som 2022. <\/p>\n<figure class=\"figchart\"><a href=\"https:\/\/d3rbgqmj1364cn.cloudfront.net\/robot-writer\/charts\/2222764646@2x.png\"><picture><source srcset=\"https:\/\/d3rbgqmj1364cn.cloudfront.net\/robot-writer\/charts\/2222764646.avif 1x,https:\/\/d3rbgqmj1364cn.cloudfront.net\/robot-writer\/charts\/2222764646@2x.avif 2x\" type=\"image\/avif\"\/><source srcset=\"https:\/\/d3rbgqmj1364cn.cloudfront.net\/robot-writer\/charts\/2222764646.png_400.webp 0.5x,https:\/\/d3rbgqmj1364cn.cloudfront.net\/robot-writer\/charts\/2222764646.webp 1x,https:\/\/d3rbgqmj1364cn.cloudfront.net\/robot-writer\/charts\/2222764646@2x.webp 2x\" type=\"image\/webp\"\/><\/picture><\/a><\/figure>\n<p>Antalet anst\u00e4llda inom n\u00e4ringslivet i Sverige \u00f6kade kraftigt i slutet av f\u00f6rra mandatperioden, \u00e5ren efter pandemin.<br \/>\nMen 2023 n\u00e5dde \u00e5terh\u00e4mtningen en topp, och de senaste tv\u00e5 \u00e5ren har kurvan v\u00e4nt ned\u00e5t: B\u00e5de 2024 och 2025 minskade antalet anst\u00e4llda i riket som helhet,<br \/>\nliksom i en majoritet av landets kommuner. <\/p>\n<p>Parallellt med att antalet anst\u00e4llda v\u00e4nt ned\u00e5t i landet har arbetsl\u00f6sheten \u00f6kat i en majoritet av landets kommuner. I Pite\u00e5 \u00e4r arbetsl\u00f6sheten d\u00e4remot l\u00e4gre nu \u00e4n i mandatperiodens inledning,<br \/>\n3,3 procent i maj, j\u00e4mf\u00f6rt med 4,4 procent fyra \u00e5r tidigare. <\/p>\n<figure class=\"figchart\"><a href=\"https:\/\/d3rbgqmj1364cn.cloudfront.net\/robot-writer\/charts\/2379394501@2x.png\"><picture><source srcset=\"https:\/\/d3rbgqmj1364cn.cloudfront.net\/robot-writer\/charts\/2379394501.avif 1x,https:\/\/d3rbgqmj1364cn.cloudfront.net\/robot-writer\/charts\/2379394501@2x.avif 2x\" type=\"image\/avif\"\/><source srcset=\"https:\/\/d3rbgqmj1364cn.cloudfront.net\/robot-writer\/charts\/2379394501.png_400.webp 0.5x,https:\/\/d3rbgqmj1364cn.cloudfront.net\/robot-writer\/charts\/2379394501.webp 1x,https:\/\/d3rbgqmj1364cn.cloudfront.net\/robot-writer\/charts\/2379394501@2x.webp 2x\" type=\"image\/webp\"\/><img decoding=\"async\" class=\"chart\" loading=\"lazy\" src=\"https:\/\/d3rbgqmj1364cn.cloudfront.net\/robot-writer\/charts\/2379394501.png\"\/><\/picture><\/a><\/figure>\n<h2>Mindre ekonomiskt bist\u00e5nd i kommunen<\/h2>\n<p>I genomsnitt har 0,4 procent av Pite\u00e5\u00adborna haft ekonomiskt st\u00f6d fr\u00e5n kommunen<br \/>\nunder en l\u00e4ngre period under den g\u00e5ngna mandatperioden. Det \u00e4r en mindre andel \u00e4n under mandatperioden innan, d\u00e5 motsvarande siffra var 0,6 procent.<\/p>\n<p>Samtidigt som andelen med l\u00e5ngvarigt ekonomiskt bist\u00e5nd minskat, har kommunens totala kostnader f\u00f6r<br \/>\nolika ekonomiska st\u00f6d sjunkit. Den har varit i snitt 699 kronor per inv\u00e5nare, att j\u00e4mf\u00f6ra med<br \/>\ni snitt 785 kronor per inv\u00e5nare f\u00f6reg\u00e5ende mandatperiod. Det kan st\u00e4llas mot omkring 1\u00a0100 kronor i mediankommunen.<\/p>\n<p>Kostnaderna f\u00f6r ekonomiskt bist\u00e5nd har \u00f6kat i en majoritet av landets kommuner, \u00e4ven p\u00e5 m\u00e5nga st\u00e4llen d\u00e4r arbetsl\u00f6sheten sjunkit \u2013<br \/>\nett tecken p\u00e5 att m\u00e5nga m\u00e4nniskor st\u00e5r l\u00e5ngt fr\u00e5n arbetsmarknaden ocks\u00e5 i kommuner d\u00e4r tillv\u00e4xten varit god.<\/p>\n<p><b>Alexandru Panican<\/b>, professor i socialt arbete vid Malm\u00f6 universitet, ser allvarligt p\u00e5 det:<\/p>\n<p>\u2013 Grundproblemet \u00e4r att man inte lyckas matcha folk till jobben.<br \/>\nOch detta har f\u00e5tt fortg\u00e5 alldeles f\u00f6r l\u00e4nge. Vi har h\u00f6gre ungdomsarbetsl\u00f6shet \u00e4n m\u00e5nga j\u00e4mf\u00f6rbara l\u00e4nder.<\/p>\n<p><b>Vad har g\u00e5tt fel?<\/b><\/p>\n<p>\u2013 F\u00f6r f\u00e5 ungdomar l\u00e4ser yrkesprogram. I dag \u00e4r det cirka 30 procent, det borde vara 55 procent f\u00f6r att kunna matcha behoven p\u00e5 arbetsmarknaden.<\/p>\n<p>Han \u00e4r kritisk till den utbredda hyllningen av \u201dklassresor\u201d.<\/p>\n<p>\u2013 Jag menar att det \u00e4r skadligt, det \u00e4r en typ av kunskapselitism, att vissa yrken skulle vara finare \u00e4n andra.<br \/>\nVar och en ska utg\u00e5 fr\u00e5n sin egen beg\u00e5vning och sina egna intressen, s\u00e4ger Alexandru Panican.<\/p>\n<figure class=\"figchart\"><a href=\"https:\/\/d3rbgqmj1364cn.cloudfront.net\/robot-writer\/charts\/1949471335@2x.png\"><picture><source srcset=\"https:\/\/d3rbgqmj1364cn.cloudfront.net\/robot-writer\/charts\/1949471335.avif 1x,https:\/\/d3rbgqmj1364cn.cloudfront.net\/robot-writer\/charts\/1949471335@2x.avif 2x\" type=\"image\/avif\"\/><source srcset=\"https:\/\/d3rbgqmj1364cn.cloudfront.net\/robot-writer\/charts\/1949471335.png_400.webp 0.5x,https:\/\/d3rbgqmj1364cn.cloudfront.net\/robot-writer\/charts\/1949471335.webp 1x,https:\/\/d3rbgqmj1364cn.cloudfront.net\/robot-writer\/charts\/1949471335@2x.webp 2x\" type=\"image\/webp\"\/><img decoding=\"async\" class=\"chart\" loading=\"lazy\" src=\"https:\/\/d3rbgqmj1364cn.cloudfront.net\/robot-writer\/charts\/1949471335.png\"\/><\/picture><\/a><\/figure>\n<figure class=\"figchart\"><a href=\"https:\/\/d3rbgqmj1364cn.cloudfront.net\/robot-writer\/charts\/300782950@2x.png\"><picture><source srcset=\"https:\/\/d3rbgqmj1364cn.cloudfront.net\/robot-writer\/charts\/300782950.avif 1x,https:\/\/d3rbgqmj1364cn.cloudfront.net\/robot-writer\/charts\/300782950@2x.avif 2x\" type=\"image\/avif\"\/><source srcset=\"https:\/\/d3rbgqmj1364cn.cloudfront.net\/robot-writer\/charts\/300782950.png_400.webp 0.5x,https:\/\/d3rbgqmj1364cn.cloudfront.net\/robot-writer\/charts\/300782950.webp 1x,https:\/\/d3rbgqmj1364cn.cloudfront.net\/robot-writer\/charts\/300782950@2x.webp 2x\" type=\"image\/webp\"\/><img decoding=\"async\" class=\"chart\" loading=\"lazy\" src=\"https:\/\/d3rbgqmj1364cn.cloudfront.net\/robot-writer\/charts\/300782950.png\"\/><\/picture><\/a><\/figure>\n<figure class=\"figchart\"><a href=\"https:\/\/d3rbgqmj1364cn.cloudfront.net\/robot-writer\/charts\/4212052891@2x.png\"><picture><source srcset=\"https:\/\/d3rbgqmj1364cn.cloudfront.net\/robot-writer\/charts\/4212052891.avif 1x,https:\/\/d3rbgqmj1364cn.cloudfront.net\/robot-writer\/charts\/4212052891@2x.avif 2x\" type=\"image\/avif\"\/><source srcset=\"https:\/\/d3rbgqmj1364cn.cloudfront.net\/robot-writer\/charts\/4212052891.png_400.webp 0.5x,https:\/\/d3rbgqmj1364cn.cloudfront.net\/robot-writer\/charts\/4212052891.webp 1x,https:\/\/d3rbgqmj1364cn.cloudfront.net\/robot-writer\/charts\/4212052891@2x.webp 2x\" type=\"image\/webp\"\/><img decoding=\"async\" class=\"chart\" loading=\"lazy\" src=\"https:\/\/d3rbgqmj1364cn.cloudfront.net\/robot-writer\/charts\/4212052891.png\"\/><\/picture><\/a><\/figure>\n<figure class=\"has-table-wrapper\"><figcaption>F\u00f6r\u00e4ndring under mandatperioden i Norrbottens l\u00e4n<\/figcaption><div class=\"table-wrapper\" style=\"overflow-x:auto; \">\n<table class=\"table responsive\">\n<thead>\n<tr>\n<th scope=\"col\">Kommun<\/th>\n<th scope=\"col\">Arbetsl\u00f6shet<\/th>\n<th scope=\"col\">Anst\u00e4llda i n\u00e4ringslivet<\/th>\n<th scope=\"col\">Kostnad f\u00f6r ekonomiskt bist\u00e5nd (kr\/inv)<\/th>\n<th scope=\"col\">Andel med l\u00e5ngvarigt bist\u00e5nd<\/th>\n<\/tr>\n<\/thead>\n<tbody>\n<tr>\n<th scope=\"row\"><a href=\"https:\/\/www.newsworthy.se\/artikel\/436496\">Arjeplog<\/a><\/th>\n<td class=\"value\" data-title=\"Arbetsl\u00f6shet\" data-value=\"0.0049999999999999\">+0,5  \ud83d\udd34<\/td>\n<td class=\"value\" data-title=\"Anst\u00e4llda i n\u00e4ringslivet\" data-value=\"7\">+7  \u26aa<\/td>\n<td class=\"value\" data-title=\"Kostnad f\u00f6r ekonomiskt bist\u00e5nd (kr\/inv)\" data-value=\"-86.35240734999991\">\u221286  \ud83d\udfe2<\/td>\n<td class=\"text\" data-title=\"Andel med l\u00e5ngvarigt bist\u00e5nd\" data-value=\"null\"><i>uppgift saknas<\/i><\/td>\n<\/tr>\n<tr>\n<th scope=\"row\"><a href=\"https:\/\/www.newsworthy.se\/artikel\/436574\">Arvidsjaur<\/a><\/th>\n<td class=\"value\" data-title=\"Arbetsl\u00f6shet\" data-value=\"-0.0139999999999999\">\u22121,4  \ud83d\udfe2<\/td>\n<td class=\"value\" data-title=\"Anst\u00e4llda i n\u00e4ringslivet\" data-value=\"5\">+5  \u26aa<\/td>\n<td class=\"value\" data-title=\"Kostnad f\u00f6r ekonomiskt bist\u00e5nd (kr\/inv)\" data-value=\"84.53998920000004\">+85  \ud83d\udd34<\/td>\n<td class=\"value\" data-title=\"Andel med l\u00e5ngvarigt bist\u00e5nd\" data-value=\"-0.0011081314999999\">\u22120,11  \ud83d\udfe2<\/td>\n<\/tr>\n<tr>\n<th scope=\"row\"><a href=\"https:\/\/www.newsworthy.se\/artikel\/436566\">Boden<\/a><\/th>\n<td class=\"value\" data-title=\"Arbetsl\u00f6shet\" data-value=\"-0.019\">\u22121,9  \ud83d\udfe2<\/td>\n<td class=\"value\" data-title=\"Anst\u00e4llda i n\u00e4ringslivet\" data-value=\"702\">+702  \ud83d\udfe2<\/td>\n<td class=\"value\" data-title=\"Kostnad f\u00f6r ekonomiskt bist\u00e5nd (kr\/inv)\" data-value=\"14.378455900000064\">+14  \u26aa<\/td>\n<td class=\"value\" data-title=\"Andel med l\u00e5ngvarigt bist\u00e5nd\" data-value=\"-0.0014949494999999\">\u22120,15  \ud83d\udfe2<\/td>\n<\/tr>\n<tr>\n<th scope=\"row\"><a href=\"https:\/\/www.newsworthy.se\/artikel\/436532\">G\u00e4llivare<\/a><\/th>\n<td class=\"value\" data-title=\"Arbetsl\u00f6shet\" data-value=\"-0.011\">\u22121,1  \ud83d\udfe2<\/td>\n<td class=\"value\" data-title=\"Anst\u00e4llda i n\u00e4ringslivet\" data-value=\"293\">+293  \ud83d\udfe2<\/td>\n<td class=\"value\" data-title=\"Kostnad f\u00f6r ekonomiskt bist\u00e5nd (kr\/inv)\" data-value=\"-103.9965069\">\u2212104  \ud83d\udfe2<\/td>\n<td class=\"value\" data-title=\"Andel med l\u00e5ngvarigt bist\u00e5nd\" data-value=\"0.000002044000000000091\">\u00b10,00  \u26aa<\/td>\n<\/tr>\n<tr>\n<th scope=\"row\"><a href=\"https:\/\/www.newsworthy.se\/artikel\/436573\">Haparanda<\/a><\/th>\n<td class=\"value\" data-title=\"Arbetsl\u00f6shet\" data-value=\"-0.019\">\u22121,9  \ud83d\udfe2<\/td>\n<td class=\"value\" data-title=\"Anst\u00e4llda i n\u00e4ringslivet\" data-value=\"97\">+97  \ud83d\udfe2<\/td>\n<td class=\"value\" data-title=\"Kostnad f\u00f6r ekonomiskt bist\u00e5nd (kr\/inv)\" data-value=\"13.60717765000004\">+14  \u26aa<\/td>\n<td class=\"value\" data-title=\"Andel med l\u00e5ngvarigt bist\u00e5nd\" data-value=\"-0.001317205\">\u22120,13  \ud83d\udfe2<\/td>\n<\/tr>\n<tr>\n<th scope=\"row\"><a href=\"https:\/\/www.newsworthy.se\/artikel\/436565\">Jokkmokk<\/a><\/th>\n<td class=\"value\" data-title=\"Arbetsl\u00f6shet\" data-value=\"-0.01\">\u22121,0  \ud83d\udfe2<\/td>\n<td class=\"value\" data-title=\"Anst\u00e4llda i n\u00e4ringslivet\" data-value=\"48\">+48  \ud83d\udfe2<\/td>\n<td class=\"value\" data-title=\"Kostnad f\u00f6r ekonomiskt bist\u00e5nd (kr\/inv)\" data-value=\"-229.1598904499998\">\u2212229  \ud83d\udfe2<\/td>\n<td class=\"value\" data-title=\"Andel med l\u00e5ngvarigt bist\u00e5nd\" data-value=\"-0.0022682086666666\">\u22120,23  \ud83d\udfe2<\/td>\n<\/tr>\n<tr>\n<th scope=\"row\"><a href=\"https:\/\/www.newsworthy.se\/artikel\/436493\">Kalix<\/a><\/th>\n<td class=\"value\" data-title=\"Arbetsl\u00f6shet\" data-value=\"-0.008\">\u22120,8  \ud83d\udfe2<\/td>\n<td class=\"value\" data-title=\"Anst\u00e4llda i n\u00e4ringslivet\" data-value=\"-408\">\u2212408  \ud83d\udd34<\/td>\n<td class=\"value\" data-title=\"Kostnad f\u00f6r ekonomiskt bist\u00e5nd (kr\/inv)\" data-value=\"-28.366234950000035\">\u221228  \ud83d\udfe2<\/td>\n<td class=\"value\" data-title=\"Andel med l\u00e5ngvarigt bist\u00e5nd\" data-value=\"-0.002840225\">\u22120,28  \ud83d\udfe2<\/td>\n<\/tr>\n<tr>\n<th scope=\"row\"><a href=\"https:\/\/www.newsworthy.se\/artikel\/436580\">Kiruna<\/a><\/th>\n<td class=\"value\" data-title=\"Arbetsl\u00f6shet\" data-value=\"-0.005\">\u22120,5  \ud83d\udfe2<\/td>\n<td class=\"value\" data-title=\"Anst\u00e4llda i n\u00e4ringslivet\" data-value=\"152\">+152  \ud83d\udfe2<\/td>\n<td class=\"value\" data-title=\"Kostnad f\u00f6r ekonomiskt bist\u00e5nd (kr\/inv)\" data-value=\"329.31590874999995\">+329  \ud83d\udd34<\/td>\n<td class=\"value\" data-title=\"Andel med l\u00e5ngvarigt bist\u00e5nd\" data-value=\"-0.0013064115\">\u22120,13  \ud83d\udfe2<\/td>\n<\/tr>\n<tr>\n<th scope=\"row\"><a href=\"https:\/\/www.newsworthy.se\/artikel\/436557\">Lule\u00e5<\/a><\/th>\n<td class=\"value\" data-title=\"Arbetsl\u00f6shet\" data-value=\"-0.0139999999999999\">\u22121,4  \ud83d\udfe2<\/td>\n<td class=\"value\" data-title=\"Anst\u00e4llda i n\u00e4ringslivet\" data-value=\"1228\">+1\u00a0228  \ud83d\udfe2<\/td>\n<td class=\"value\" data-title=\"Kostnad f\u00f6r ekonomiskt bist\u00e5nd (kr\/inv)\" data-value=\"4.169977499999732\">+4  \u26aa<\/td>\n<td class=\"value\" data-title=\"Andel med l\u00e5ngvarigt bist\u00e5nd\" data-value=\"-0.0014079234999999\">\u22120,14  \ud83d\udfe2<\/td>\n<\/tr>\n<tr>\n<th scope=\"row\"><a href=\"https:\/\/www.newsworthy.se\/artikel\/436514\">Pajala<\/a><\/th>\n<td class=\"value\" data-title=\"Arbetsl\u00f6shet\" data-value=\"-0.005\">\u22120,5  \ud83d\udfe2<\/td>\n<td class=\"value\" data-title=\"Anst\u00e4llda i n\u00e4ringslivet\" data-value=\"141\">+141  \ud83d\udfe2<\/td>\n<td class=\"value\" data-title=\"Kostnad f\u00f6r ekonomiskt bist\u00e5nd (kr\/inv)\" data-value=\"167.9690697000001\">+168  \ud83d\udd34<\/td>\n<td class=\"value\" data-title=\"Andel med l\u00e5ngvarigt bist\u00e5nd\" data-value=\"-0.000986646\">\u22120,10  \u26aa<\/td>\n<\/tr>\n<tr class=\"highlight\">\n<th scope=\"row\"><a href=\"https:\/\/www.newsworthy.se\/artikel\/436473\">Pite\u00e5<\/a><\/th>\n<td class=\"value\" data-title=\"Arbetsl\u00f6shet\" data-value=\"-0.0109999999999999\">\u22121,1  \ud83d\udfe2<\/td>\n<td class=\"value\" data-title=\"Anst\u00e4llda i n\u00e4ringslivet\" data-value=\"-27\">\u221227  \u26aa<\/td>\n<td class=\"value\" data-title=\"Kostnad f\u00f6r ekonomiskt bist\u00e5nd (kr\/inv)\" data-value=\"-85.37138974999993\">\u221285  \ud83d\udfe2<\/td>\n<td class=\"value\" data-title=\"Andel med l\u00e5ngvarigt bist\u00e5nd\" data-value=\"-0.001905155\">\u22120,19  \ud83d\udfe2<\/td>\n<\/tr>\n<tr>\n<th scope=\"row\"><a href=\"https:\/\/www.newsworthy.se\/artikel\/436547\">\u00c4lvsbyn<\/a><\/th>\n<td class=\"value\" data-title=\"Arbetsl\u00f6shet\" data-value=\"-0.017\">\u22121,7  \ud83d\udfe2<\/td>\n<td class=\"value\" data-title=\"Anst\u00e4llda i n\u00e4ringslivet\" data-value=\"73\">+73  \ud83d\udfe2<\/td>\n<td class=\"value\" data-title=\"Kostnad f\u00f6r ekonomiskt bist\u00e5nd (kr\/inv)\" data-value=\"-29.023506949999955\">\u221229  \ud83d\udfe2<\/td>\n<td class=\"value\" data-title=\"Andel med l\u00e5ngvarigt bist\u00e5nd\" data-value=\"-0.0023608049999999\">\u22120,24  \ud83d\udfe2<\/td>\n<\/tr>\n<tr>\n<th scope=\"row\"><a href=\"https:\/\/www.newsworthy.se\/artikel\/436581\">\u00d6verkalix<\/a><\/th>\n<td class=\"value\" data-title=\"Arbetsl\u00f6shet\" data-value=\"-0.011\">\u22121,1  \ud83d\udfe2<\/td>\n<td class=\"value\" data-title=\"Anst\u00e4llda i n\u00e4ringslivet\" data-value=\"-116\">\u2212116  \ud83d\udd34<\/td>\n<td class=\"value\" data-title=\"Kostnad f\u00f6r ekonomiskt bist\u00e5nd (kr\/inv)\" data-value=\"163.85087039999985\">+164  \ud83d\udd34<\/td>\n<td class=\"value\" data-title=\"Andel med l\u00e5ngvarigt bist\u00e5nd\" data-value=\"-0.0003632469999999\">\u22120,04  \u26aa<\/td>\n<\/tr>\n<tr>\n<th scope=\"row\"><a href=\"https:\/\/www.newsworthy.se\/artikel\/436579\">\u00d6vertorne\u00e5<\/a><\/th>\n<td class=\"value\" data-title=\"Arbetsl\u00f6shet\" data-value=\"-0.008\">\u22120,8  \ud83d\udfe2<\/td>\n<td class=\"value\" data-title=\"Anst\u00e4llda i n\u00e4ringslivet\" data-value=\"-73\">\u221273  \ud83d\udd34<\/td>\n<td class=\"value\" data-title=\"Kostnad f\u00f6r ekonomiskt bist\u00e5nd (kr\/inv)\" data-value=\"69.59249740000018\">+70  \ud83d\udd34<\/td>\n<td class=\"value\" data-title=\"Andel med l\u00e5ngvarigt bist\u00e5nd\" data-value=\"-0.0035755044999999\">\u22120,36  \ud83d\udfe2<\/td>\n<\/tr>\n<\/tbody>\n<\/table>\n<\/div>\n<div aria-hidden=\"true\" class=\"fignote\" style=\"font-size:80%;padding-top:1em;\">Arbetsl\u00f6shet: J\u00e4mf\u00f6r f\u00f6r\u00e4ndringen mellan maj 2022 och maj 2026.<br \/>Anst\u00e4llda i n\u00e4ringslivet: J\u00e4mf\u00f6r f\u00f6r\u00e4ndringen mellan 2022 och 2025.<br \/>Kostnad f\u00f6r ekonomiskt bist\u00e5nd: J\u00e4mf\u00f6r genomsnittet under 2018\u20132022 med genomsnittet 2022\u20132025.<br \/>Andel med l\u00e5ngvarigt bist\u00e5nd: J\u00e4mf\u00f6r genomsnittet under 2018\u20132022 med genomsnittet 2022\u20132025.<\/p>\n<div class=\"chart-download\" style=\"font-size:80%;margin-top:1.333em;\">\n<details style=\"text-align:left;\">\n<summary>Kopiera tabellen (f\u00f6r eget CMS, Datawrapper, Infogram, etc.)<\/summary>\n<div class=\"DetailsEdSlim\" style=\"margin-top:1em;\">\n<p>Os\u00e4ker p\u00e5 hur du kopierar en tabell? L\u00e4s mer p\u00e5 <a href=\"https:\/\/www.newsworthy.se\/kopiera-tabeller-och-grafer\">www.newsworthy.se\/kopiera-tabeller-och-grafer<\/a>.<\/p>\n<p>I vissa CMS finns ett tabellverktyg d\u00e4r du kan klistra in tabelldata direkt i tabellredigeringsverktyget (ofta som csv eller tsv).<br \/>I andra CMS m\u00e5ste du v\u00e4xla till \u201dk\u00e4llredigering\u201d, \u201dkodl\u00e4ge\u201d eller liknande, och klistra in tabellen som html.<\/p>\n<\/div>\n<\/details>\n<\/div>\n<\/div>\n<\/figure>\n<aside class=\"Details\">\n<div class=\"Typography--article\">\n<h2 class=\"Typography--h3\">K\u00e4llor och kommentarer<\/h2>\n<p>Den h\u00e4r artikeln bygger p\u00e5 fyra nyckeltal:<\/p>\n<dl>\n<dt><a href=\"https:\/\/www.statistikdatabasen.scb.se\/pxweb\/sv\/ssd\/START__AM__AM0210__AM0210B\/SektorSyssAr\/\">Anst\u00e4llda i n\u00e4ringslivet<\/a><\/dt>\n<dd>H\u00e4r m\u00e4ter vi hur m\u00e5nga 15\u201374-\u00e5ringar som arbetar inom det privata n\u00e4ringslivet.<br \/>\nSiffrorna bygger p\u00e5 arbetsst\u00e4llets bel\u00e4genhet.<br \/>\nK\u00e4lla: SCB.<\/dd>\n<dt><a href=\"https:\/\/arbetsformedlingen.se\/statistik\/statistikverktyget\/andel-inskrivna-arbetslosa-manad\">Arbetsl\u00f6shet enligt Arbetsf\u00f6rmedlingen<\/a><\/dt>\n<dd>Den h\u00e4r artikeln bygger p\u00e5 Arbetsf\u00f6rmedlingens arbetsl\u00f6shetsstatistik, som skiljer sig en del fr\u00e5n<br \/>\nden officiella arbetsl\u00f6shetsstatistiken hos SCB. Arbetsf\u00f6rmedlingens siffror anger hur m\u00e5nga som varit registrerade som arbetsl\u00f6sa hos myndigheten,<br \/>\nmedan SCB:s siffror kommer fr\u00e5n en m\u00e5natlig telefonunders\u00f6kning. Arbetsf\u00f6rmedlingens uppgifter \u00e4r de som finns p\u00e5 kommunniv\u00e5. <br \/>Arbetsl\u00f6sheten \u00e4r h\u00f6gre i SCB:s statistik, bland annat eftersom en del studerande r\u00e4knas som arbetsl\u00f6sa d\u00e4r, men inte hos Arbetsf\u00f6rmedlingen.<\/dd>\n<dt><a href=\"https:\/\/www.kolada.se\/verktyg\/fri-sokning\/?kpis=127981&amp;years=30203,30202,30201&amp;municipals=146551&amp;rows=municipal,kpi&amp;visualization=\">Andel med l\u00e5ngvarigt ekonomiskt bist\u00e5nd<\/a><\/dt>\n<dd>Andel vuxna i kommunen som haft ekonomiskt bist\u00e5nd 10 m\u00e5nader eller mer under \u00e5ret.<br \/>\nK\u00e4lla: Kolada\/Socialstyrelsen.<\/dd>\n<dt><a href=\"https:\/\/www.kolada.se\/verktyg\/fri-sokning\/?kpis=23536&amp;years=30203,30202,30201&amp;municipals=146551&amp;rows=municipal,kpi&amp;visualization=\">Nettokostnad f\u00f6r ekonomiskt bist\u00e5nd<\/a><\/dt>\n<dd>Kommunens totala kostnad f\u00f6r utbetalt ekonomiskt bist\u00e5nd under ett \u00e5r, per inv\u00e5nare.<br \/>\nK\u00e4lla: Kolada\/SCB.<\/dd>\n<\/dl>\n<\/div>\n<\/aside>\n<aside class=\"DetailsEd\">\n<div class=\"Typography--article\">\n<h2 class=\"Typography--h3\">Fler artiklar<\/h2>\n<p>Den h\u00e4r artikeln \u00e4r en del i en artikelserie i samarbete mellan Newsworthy och Dagens Samh\u00e4lle. <\/p>\n<ol>\n<li><a href=\"https:\/\/www.newsworthy.se\/artikel\/432626\">Ekonomin<\/a> (6 juli)<\/li>\n<li><a href=\"https:\/\/www.newsworthy.se\/artikel\/434540\">\u00c4ldreomsorgen<\/a> (13 juli)<\/li>\n<li><a href=\"https:\/\/www.newsworthy.se\/artikel\/436473\">Arbetsmarknaden<\/a> (20 juli)<\/li>\n<li><span class=\"nw-article-link\" data-batch=\"mandatperioden-bostadsbyggande|2026-01-01\" data-region=\"Pite\u00e5 kommun\">Bostadsbyggandet<\/span> (27 juli)<\/li>\n<li><span class=\"nw-article-link\" data-batch=\"mandatperioden-skola|2026-01-01\" data-region=\"Pite\u00e5 kommun\">Skolan<\/span> (3 augusti)<\/li>\n<\/ol>\n<p>Se \u00e4ven Dagens Samh\u00e4lles publiceringar:<\/p>\n<\/div>\n<\/aside>\n<\/div>\n<p>&#8212;&#8212;&#8212;&#8212;&#8212;&#8212;&#8212;&#8212;&#8212;&#8212;&#8212;&#8212;&#8212;&#8212;&#8212;&#8212;&#8212;&#8212;&#8212;&#8211;<br \/>\n<a href=\"https:\/\/www.newsworthy.se\/artikel\/436473?utm_campaign=rss&#038;utm_source=pite%C3%A5-kommun\" target=\"_blank\">Klicka h\u00e4r &#8211; l\u00e4nk till originalinl\u00e4gget<\/a><br \/>\n<br \/>\nK\u00e4lla: Newsworthy (Pite\u00e5)<br \/>\n&#8212;&#8212;&#8212;&#8212;&#8212;&#8212;&#8212;&#8212;&#8212;&#8212;&#8212;&#8212;&#8212;&#8212;&#8212;&#8212;&#8212;&#8212;&#8212;&#8211;<\/p>\n","protected":false},"excerpt":{"rendered":"<p>Den totala arbetsl\u00f6sheten har \u00f6kat i Sverige under mandatperioden, samtidigt som kommunernas kostnader f\u00f6r ekonomiskt bist\u00e5nd \u00f6kar. Men variationerna \u00f6ver landet \u00e4r stora. S\u00e5 h\u00e4r har arbetsmarknaden i Pite\u00e5 kommun klarat den g\u00e5ngna mandatperioden. Den svenska arbetsl\u00f6sheten \u00e4r h\u00f6gre nu \u00e4n i slutet av f\u00f6rra mandatperioden, och kostnaderna f\u00f6r ekonomiskt bist\u00e5nd har \u00f6kat. Men variationerna [&hellip;]<\/p>\n","protected":false},"author":105,"featured_media":2495,"comment_status":"closed","ping_status":"closed","sticky":false,"template":"","format":"standard","meta":{"_acf_changed":false,"footnotes":"","_links_to":"","_links_to_target":""},"categories":[12],"tags":[],"class_list":["post-8366","post","type-post","status-publish","format-standard","has-post-thumbnail","category-allmant"],"featured_image_src":"https:\/\/gratistidning.com\/pitea\/wp-content\/uploads\/sites\/8\/2024\/05\/platsbanken_001.jpg_1200x630-1024x538.jpg","blog_images":{"medium":"https:\/\/gratistidning.com\/pitea\/wp-content\/uploads\/sites\/8\/2024\/05\/platsbanken_001.jpg_1200x630-300x158.jpg","large":"https:\/\/gratistidning.com\/pitea\/wp-content\/uploads\/sites\/8\/2024\/05\/platsbanken_001.jpg_1200x630-1024x538.jpg"},"acf":[],"ams_acf":[],"publishpress_future_action":{"enabled":false,"date":"2026-09-12 21:51:49","action":"change-status","newStatus":"draft","terms":[],"taxonomy":"category","extraData":[]},"publishpress_future_workflow_manual_trigger":{"enabledWorkflows":[]},"_links":{"self":[{"href":"https:\/\/gratistidning.com\/pitea\/wp-json\/wp\/v2\/posts\/8366","targetHints":{"allow":["GET"]}}],"collection":[{"href":"https:\/\/gratistidning.com\/pitea\/wp-json\/wp\/v2\/posts"}],"about":[{"href":"https:\/\/gratistidning.com\/pitea\/wp-json\/wp\/v2\/types\/post"}],"author":[{"embeddable":true,"href":"https:\/\/gratistidning.com\/pitea\/wp-json\/wp\/v2\/users\/105"}],"replies":[{"embeddable":true,"href":"https:\/\/gratistidning.com\/pitea\/wp-json\/wp\/v2\/comments?post=8366"}],"version-history":[{"count":0,"href":"https:\/\/gratistidning.com\/pitea\/wp-json\/wp\/v2\/posts\/8366\/revisions"}],"wp:featuredmedia":[{"embeddable":true,"href":"https:\/\/gratistidning.com\/pitea\/wp-json\/wp\/v2\/media\/2495"}],"wp:attachment":[{"href":"https:\/\/gratistidning.com\/pitea\/wp-json\/wp\/v2\/media?parent=8366"}],"wp:term":[{"taxonomy":"category","embeddable":true,"href":"https:\/\/gratistidning.com\/pitea\/wp-json\/wp\/v2\/categories?post=8366"},{"taxonomy":"post_tag","embeddable":true,"href":"https:\/\/gratistidning.com\/pitea\/wp-json\/wp\/v2\/tags?post=8366"}],"curies":[{"name":"wp","href":"https:\/\/api.w.org\/{rel}","templated":true}]}}