{"id":8516,"date":"2026-08-31T08:00:00","date_gmt":"2026-08-31T06:00:00","guid":{"rendered":"https:\/\/gratistidning.com\/pitea\/blog\/2026\/08\/31\/familjens-hus-och-samvaron-inviger-gemensamma-lokaler\/"},"modified":"2026-08-31T08:00:00","modified_gmt":"2026-08-31T06:00:00","slug":"familjens-hus-och-samvaron-inviger-gemensamma-lokaler","status":"publish","type":"post","link":"https:\/\/gratistidning.com\/pitea\/blog\/2026\/08\/31\/familjens-hus-och-samvaron-inviger-gemensamma-lokaler\/","title":{"rendered":"Familjens hus och Samvaron inviger gemensamma lokaler"},"content":{"rendered":"<p><\/p>\n<p>\n          <span class=\"type__highlight\">Pressmeddelande<\/span><br \/>\n<span> \u2014 <\/span><br \/>\n<time datetime=\"2026-08-31 08:00:00\">31 Augusti 2026 08:00<\/time><\/p>\n<p>            <button id=\"share-modal-open-btn\" type=\"button\" class=\"headline-share-btn ghost-btn-with-icon-inline cursor svg-fill\"><br \/>\n    <svg xmlns=\"http:\/\/www.w3.org\/2000\/svg\" aria-hidden=\"true\" width=\"24\" height=\"24\" viewbox=\"0 0 24 24\" fill=\"defaultColor\"><path fill-rule=\"evenodd\" clip-rule=\"evenodd\" d=\"M22.7071 1.29289C22.9788 1.56453 23.0708 1.96776 22.9439 2.33035L15.9439 22.3303C15.8084 22.7173 15.4504 22.9825 15.0408 22.9992C14.6311 23.0159 14.2527 22.7808 14.0862 22.4061L10.2424 13.7576L1.59387 9.91381C1.21919 9.74728 0.984122 9.36891 1.00084 8.95923C1.01755 8.54956 1.28265 8.19159 1.66965 8.05614L21.6697 1.05614C22.0322 0.929234 22.4355 1.02125 22.7071 1.29289ZM12.1928 13.2215L14.8894 19.2889L19.6085 5.80568L12.1928 13.2215ZM18.1943 4.39147L4.71108 9.1106L10.7785 11.8073L18.1943 4.39147Z\" stroke=\"none\"\/><\/svg><br \/>\n    <span class=\"label-effect\">Dela<\/span><br \/>\n  <\/button><\/p>\n<p>  <dialog id=\"share-dialog\" class=\"social-share-dialog\" aria-labelledby=\"dialog-label\"><\/p>\n<div class=\"dialog-content-wrapper\">\n<div class=\"dialog-body-upper\">\n<p>\n          L\u00e4nk kopierad!\n        <\/p>\n<p>          <a class=\"ghost-btn-with-icon svg-stroke\" target=\"_blank\" rel=\"nofollow noopener\" aria-label=\"Ladda ned som PDF\" href=\"https:\/\/www.mynewsdesk.com\/se\/pitea\/pressreleases\/familjens-hus-och-samvaron-inviger-gemensamma-lokaler-3463398.pdf\"><br \/>\n            <svg xmlns=\"http:\/\/www.w3.org\/2000\/svg\" aria-hidden=\"true\" viewbox=\"0 0 24 24\" fill=\"none\"><path d=\"M21 15v4a2 2 0 01-2 2H5a2 2 0 01-2-2v-4M7 10l5 5 5-5M12 15V3\" stroke-width=\"2\" stroke-linecap=\"round\" stroke-linejoin=\"round\"\/><\/svg><\/p>\n<p>            <span aria-hidden=\"true\" class=\"label-effect\">Ladda ner<\/span><br \/>\n<\/a>      <\/div>\n<\/p><\/div>\n<p>  <\/dialog><\/p>\n<div>\n<p>Den 1 september invigs Familjens hus och Samvarons gemensamma lokaler p\u00e5 Hamnplan 4. H\u00e4r skapas en generations\u00f6verskridande m\u00f6tesplats d\u00e4r barnfamiljer och \u00e4ldre f\u00e5r m\u00f6jlighet att m\u00f6tas, umg\u00e5s och delta i aktiviteter under samma tak.<\/p>\n<p>Familjens hus har under sommaren flyttat in p\u00e5 Hamnplan 4, d\u00e4r verksamheten nu \u00e4r granne med samvaroverksamheten f\u00f6r \u00e4ldre. Verksamheterna delar entr\u00e9 och s\u00e4llskapsyta.<\/p>\n<p>F\u00f6rhoppningen \u00e4r att n\u00e4rheten ska skapa naturliga m\u00f6ten mellan generationerna och nya m\u00f6jligheter till gemensamma aktiviteter.<\/p>\n<p>\u2013 Det k\u00e4nns v\u00e4ldigt roligt att vi nu \u00e4r p\u00e5 plats och kan b\u00f6rja utveckla m\u00f6jligheterna som finns n\u00e4r v\u00e5ra verksamheter m\u00f6ts. H\u00e4r kan barn, f\u00f6r\u00e4ldrar och \u00e4ldre tr\u00e4ffas p\u00e5 ett naturligt s\u00e4tt och f\u00f6rhoppningsvis berika varandras vardag, s\u00e4ger Louise Nilsson, Familjens Hus, Pite\u00e5 kommun.<\/p>\n<p>Flytten inneb\u00e4r ocks\u00e5 att Familjens hus f\u00e5r lokaler som \u00e4r b\u00e4ttre anpassade till verksamheten. Den \u00f6ppna f\u00f6rskolan finns nu samlad p\u00e5 markplan och lokalerna har rustats upp inf\u00f6r inflyttningen.<\/p>\n<p>Samvaroverksamheten forts\u00e4tter som tidigare i matsalen enligt schema. Den gemensamma s\u00e4llskapsytan finns kvar f\u00f6r boende och bes\u00f6kare och matsalen \u00e4r fortsatt bokningsbar f\u00f6r f\u00f6reningar och grupper.<\/p>\n<p>\u2013 Vi har sett fram emot att f\u00e5 Familjens hus som grannar. Det h\u00e4r ger oss m\u00f6jlighet att skapa fler m\u00f6ten mellan yngre och \u00e4ldre, s\u00e4ger Jennifer Sj\u00f6lund enhetschef, seniortorg och samvaroverksamhet, Pite\u00e5 kommun.<\/p>\n<h2><strong>Invigning den 1 september<\/strong><\/h2>\n<p>De nya gemensamma lokalerna invigs den 1 september och alla som vill \u00e4r v\u00e4lkomna att vara med och fira. P\u00e5 plats f\u00f6r att inviga \u00e4r Anton Li Nilsson, barn- och utbildningsn\u00e4mndens ordf\u00f6rande.<\/p>\n<p>Tid: 10.00\u201315.30 (invigning klockan 10)<br \/>Plats: Hamnplan 4<br \/>V\u00e5ffelf\u00f6rs\u00e4ljning: 10.30\u201312.30<\/p>\n<h3><strong>Media h\u00e4lsas v\u00e4lkommen till invigningen.<\/strong><\/h3>\n<p><strong><br \/>Kontaktperson:<\/strong><\/p>\n<p>Louise Nilsson, Familjens Hus 0911-69 76 60, 070-696 04 05<\/p>\n<\/div>\n<p>&#8212;&#8212;&#8212;&#8212;&#8212;&#8212;&#8212;&#8212;&#8212;&#8212;&#8212;&#8212;&#8212;&#8212;&#8212;&#8212;&#8212;&#8212;&#8212;&#8211;<br \/>\n<a href=\"https:\/\/www.mynewsdesk.com\/se\/pitea\/pressreleases\/familjens-hus-och-samvaron-inviger-gemensamma-lokaler-3463398?utm_source=rss&#038;utm_medium=rss&#038;utm_campaign=Subscription&#038;utm_content=current_news\">Klicka h\u00e4r &#8211; l\u00e4nk till originalinl\u00e4gget<\/a><br \/>\n<br \/>\nK\u00e4lla: Pite\u00e5 kommun \/ Pressmeddelanden (RSS)<br \/>\n&#8212;&#8212;&#8212;&#8212;&#8212;&#8212;&#8212;&#8212;&#8212;&#8212;&#8212;&#8212;&#8212;&#8212;&#8212;&#8212;&#8212;&#8212;&#8212;&#8211;<\/p>\n","protected":false},"excerpt":{"rendered":"<p>Pressmeddelande \u2014 31 Augusti 2026 08:00 Dela L\u00e4nk kopierad! Ladda ner Den 1 september invigs Familjens hus och Samvarons gemensamma lokaler p\u00e5 Hamnplan 4. H\u00e4r skapas en generations\u00f6verskridande m\u00f6tesplats d\u00e4r barnfamiljer och \u00e4ldre f\u00e5r m\u00f6jlighet att m\u00f6tas, umg\u00e5s och delta i aktiviteter under samma tak. Familjens hus har under sommaren flyttat in p\u00e5 Hamnplan 4, [&hellip;]<\/p>\n","protected":false},"author":18,"featured_media":8517,"comment_status":"closed","ping_status":"closed","sticky":false,"template":"","format":"standard","meta":{"_acf_changed":false,"footnotes":"","_links_to":"","_links_to_target":""},"categories":[49,50],"tags":[],"class_list":["post-8516","post","type-post","status-publish","format-standard","has-post-thumbnail","category-pitea-kommun","category-kommunen"],"featured_image_src":"https:\/\/gratistidning.com\/pitea\/wp-content\/uploads\/sites\/8\/2026\/08\/e7ptdfbvzoqqgowyqeg2qb-1024x538.jpeg","blog_images":{"medium":"https:\/\/gratistidning.com\/pitea\/wp-content\/uploads\/sites\/8\/2026\/08\/e7ptdfbvzoqqgowyqeg2qb-300x158.jpeg","large":"https:\/\/gratistidning.com\/pitea\/wp-content\/uploads\/sites\/8\/2026\/08\/e7ptdfbvzoqqgowyqeg2qb-1024x538.jpeg"},"acf":[],"ams_acf":[],"publishpress_future_action":{"enabled":false,"date":"2026-09-11 19:22:35","action":"change-status","newStatus":"draft","terms":[],"taxonomy":"category","extraData":[]},"publishpress_future_workflow_manual_trigger":{"enabledWorkflows":[]},"_links":{"self":[{"href":"https:\/\/gratistidning.com\/pitea\/wp-json\/wp\/v2\/posts\/8516","targetHints":{"allow":["GET"]}}],"collection":[{"href":"https:\/\/gratistidning.com\/pitea\/wp-json\/wp\/v2\/posts"}],"about":[{"href":"https:\/\/gratistidning.com\/pitea\/wp-json\/wp\/v2\/types\/post"}],"author":[{"embeddable":true,"href":"https:\/\/gratistidning.com\/pitea\/wp-json\/wp\/v2\/users\/18"}],"replies":[{"embeddable":true,"href":"https:\/\/gratistidning.com\/pitea\/wp-json\/wp\/v2\/comments?post=8516"}],"version-history":[{"count":0,"href":"https:\/\/gratistidning.com\/pitea\/wp-json\/wp\/v2\/posts\/8516\/revisions"}],"wp:featuredmedia":[{"embeddable":true,"href":"https:\/\/gratistidning.com\/pitea\/wp-json\/wp\/v2\/media\/8517"}],"wp:attachment":[{"href":"https:\/\/gratistidning.com\/pitea\/wp-json\/wp\/v2\/media?parent=8516"}],"wp:term":[{"taxonomy":"category","embeddable":true,"href":"https:\/\/gratistidning.com\/pitea\/wp-json\/wp\/v2\/categories?post=8516"},{"taxonomy":"post_tag","embeddable":true,"href":"https:\/\/gratistidning.com\/pitea\/wp-json\/wp\/v2\/tags?post=8516"}],"curies":[{"name":"wp","href":"https:\/\/api.w.org\/{rel}","templated":true}]}}