{"id":3630,"date":"2026-01-22T08:26:36","date_gmt":"2026-01-22T07:26:36","guid":{"rendered":"https:\/\/gratistidning.com.hemsida.eu\/umea\/?p=3630"},"modified":"2026-01-22T10:31:14","modified_gmt":"2026-01-22T09:31:14","slug":"the-red-barn-arena-varldsklass-byggd-i-sno-av-unga-krafter","status":"publish","type":"post","link":"https:\/\/gratistidning.com\/umea\/blog\/2026\/01\/22\/the-red-barn-arena-varldsklass-byggd-i-sno-av-unga-krafter\/","title":{"rendered":"The Red Barn Arena \u2013 v\u00e4rldsklass byggd i sn\u00f6 av unga krafter"},"content":{"rendered":"<p><em><span style=\"font-weight: 400;\">Byggansvarige <\/span><b>Michael Pihlgren<\/b><span style=\"font-weight: 400;\"> \u00e4r stolt \u00f6ver bygget till Rally Sweden &#8211; The Red Barn Arena. Foto: Robert Ekblom.<\/span><\/em><\/p>\n<h4><span style=\"font-weight: 400;\">N\u00e4r <\/span><b>Rally Sweden<\/b><span style=\"font-weight: 400;\"> avg\u00f6rs i Ume\u00e5 \u00e4r det inte bara v\u00e4rldens b\u00e4sta rallyf\u00f6rare som st\u00e5r i centrum. Minst lika avg\u00f6rande \u00e4r arbetet bakom kulisserna \u2013 och hj\u00e4rtat i evenemanget: <\/span><b>The Red Barn Arena<\/b><span style=\"font-weight: 400;\">. En arena som \u00e5r efter \u00e5r byggs upp fr\u00e5n grunden i sn\u00f6 och is, genom ett unikt samarbete mellan arrang\u00f6ren och elever fr\u00e5n Forslundagymnasiet mark- och anl\u00e4ggningsprogram. <\/span><span style=\"font-weight: 400;\">Byggansvarige <\/span><b>Michael Pihlgren<\/b><span style=\"font-weight: 400;\"> ser tillbaka p\u00e5 arbetet med b\u00e5de stolthet och \u00f6dmjukhet.<\/span><\/h4>\n<p><span style=\"font-weight: 400;\">\u2013 <\/span><i><span style=\"font-weight: 400;\">\u201dDet h\u00e4r \u00e4r n\u00e5got alldeles extra. Arenan \u00e4r byggd av elever under fem \u00e5rs tid. Sista veckan \u00e4r vi runt 65\u201370 elever som jobbar samtidigt. Det \u00e4r deras arena lika mycket som v\u00e5r,\u201d<\/span><\/i><span style=\"font-weight: 400;\"> s\u00e4ger han.<\/span><\/p>\n<h4>Ett samarbete som blivit en framg\u00e5ngsmodell<\/h4>\n<p><span style=\"font-weight: 400;\">Eleverna fr\u00e5n <\/span><b>Forslundagymnasiet<\/b><span style=\"font-weight: 400;\"> f\u00e5r h\u00e4r en praktisk utbildning i skarpt l\u00e4ge \u2013 med krav, deadlines och ansvar p\u00e5 internationell niv\u00e5.<\/span><\/p>\n<p><span style=\"font-weight: 400;\">\u2013 <\/span><i><span style=\"font-weight: 400;\">\u201dDet h\u00e4r samarbetet \u00e4r helt avg\u00f6rande. Eleverna f\u00e5r en erfarenhet de aldrig kan l\u00e4sa sig till. Samtidigt f\u00e5r vi en enorm arbetskraft med r\u00e4tt kompetens,\u201d<\/span><\/i><span style=\"font-weight: 400;\"> s\u00e4ger Michael Pihlgren.<\/span><\/p>\n<p><span style=\"font-weight: 400;\">Att bygga en fullskalig rallyarena i sn\u00f6 mitt i en stad var dock l\u00e5ngt ifr\u00e5n sj\u00e4lvklart i b\u00f6rjan.<\/span><\/p>\n<p><span style=\"font-weight: 400;\">\u2013 <\/span><i><span style=\"font-weight: 400;\">\u201dF\u00f6rsta \u00e5ret skrattade FIA och promotorn Simon Larkin n\u00e4r jag sa att vi skulle bygga v\u00e4rldens b\u00e4sta arena i sn\u00f6n \u2013 i december,\u201d<\/span><\/i><span style=\"font-weight: 400;\"> ber\u00e4ttar han.<\/span><span style=\"font-weight: 400;\"><br \/>\n<\/span><span style=\"font-weight: 400;\"> \u2013 <\/span><i><span style=\"font-weight: 400;\">\u201dN\u00e4r de kom tillbaka och s\u00e5g resultatet blev de chockade. De bad faktiskt om urs\u00e4kt. I dag tittar andra VM-arrang\u00f6rer p\u00e5 Ume\u00e5 som ett f\u00f6red\u00f6me.\u201d<\/span><\/i><\/p>\n<h4>Logistik, s\u00e4kerhet och detaljer publiken aldrig ser<\/h4>\n<p><span style=\"font-weight: 400;\">Bakom publikfesten d\u00f6ljer sig ett minuti\u00f6st logistikarbete. Material ska fram i r\u00e4tt tid, m\u00e4nniskor ska r\u00f6ra sig s\u00e4kert \u2013 och s\u00e4kerheten \u00e4r alltid h\u00f6gsta prioritet.<\/span><\/p>\n<p><span style=\"font-weight: 400;\">\u2013 <\/span><i><span style=\"font-weight: 400;\">\u201dVi bygger sex meter breda och upp till 80 centimeter h\u00f6ga sn\u00f6vallar runt banan. Allt f\u00f6r att skydda publiken,\u201d<\/span><\/i><span style=\"font-weight: 400;\"> f\u00f6rklarar Michael Pihlgren.<\/span><\/p>\n<p><span style=\"font-weight: 400;\">Banstr\u00e4ckningen ritas om f\u00f6r att ge publiken maximal upplevelse. Med smart planering kan \u00e5sk\u00e5darna se bilarna passera tv\u00e5 g\u00e5nger p\u00e5 samma plats. Samtidigt gr\u00e4vs el och fiber ner under sn\u00f6n \u2013 ett arbete som f\u00e5 m\u00e4rker men som \u00e4r helt avg\u00f6rande f\u00f6r TV-s\u00e4ndningar och teknik.<\/span><\/p>\n<h4>Extremt v\u00e4der \u2013 och extrem beredskap<\/h4>\n<p><span style=\"font-weight: 400;\">Rally-VM i V\u00e4sterbotten \u00e4r helt beroende av v\u00e4dret. Snabba omslag \u00e4r en del av vardagen.<\/span><\/p>\n<p><span style=\"font-weight: 400;\">\u2013 <\/span><i><span style=\"font-weight: 400;\">\u201dEtt \u00e5r hade vi vattnat banan som sedan fr\u00f6s. Det blev som en skridskobana. Sedan kom det sn\u00f6 och d\u00e5 fick sex traktorer jobba konstant f\u00f6r att ploga,\u201d<\/span><\/i><span style=\"font-weight: 400;\"> s\u00e4ger Pihlgren.<\/span><\/p>\n<p><span style=\"font-weight: 400;\">En annan g\u00e5ng slog en kraftig storm till under t\u00e4vlingshelgen.<\/span><\/p>\n<p><span style=\"font-weight: 400;\">\u2013 <\/span><i><span style=\"font-weight: 400;\">\u201dT\u00e4lt och reklamskyltar h\u00f6ll p\u00e5 att bl\u00e5sa bort. Vi jobbade hela natten f\u00f6r att s\u00e4kra allt. Trots det hade vi v\u00e4ldigt f\u00e5 skador \u2013 vilket jag \u00e4r extremt stolt \u00f6ver.\u201d<\/span><\/i><\/p>\n<p><span style=\"font-weight: 400;\">Planeringen f\u00f6r n\u00e4sta rally startar redan i april, direkt efter avslutat evenemang. Varje detalj utv\u00e4rderas.<\/span><\/p>\n<p><span style=\"font-weight: 400;\">\u2013 <\/span><i><span style=\"font-weight: 400;\">\u201dVi fr\u00e5gar oss alltid: hur kan vi bli \u00e4nnu b\u00e4ttre?\u201d<\/span><\/i><\/p>\n<h4>Ume\u00e5 i v\u00e4rldens blickf\u00e5ng<\/h4>\n<p><span style=\"font-weight: 400;\">Rally Sweden \u00e4r inte bara ett idrottsevenemang \u2013 det \u00e4r global marknadsf\u00f6ring av Ume\u00e5 och V\u00e4sterbotten.<\/span><\/p>\n<p><span style=\"font-weight: 400;\">\u2013 <\/span><i><span style=\"font-weight: 400;\">\u201dVi har haft upp till 120\u2013130 miljoner tittare som sett rallyt under en enda dag,\u201d<\/span><\/i><span style=\"font-weight: 400;\"> s\u00e4ger Michael Pihlgren.<\/span><\/p>\n<p><span style=\"font-weight: 400;\">Han minns s\u00e4rskilt ett \u00f6gonblick n\u00e4r promotorn Simon Larkin l\u00e4t en helikopter f\u00f6lja f\u00f6rarna Oliver Solberg, Neville och Craig Breen hela v\u00e4gen in p\u00e5 arenan.<\/span><\/p>\n<p><span style=\"font-weight: 400;\">\u2013 <\/span><i><span style=\"font-weight: 400;\">\u201dDet var Ume\u00e5 uppifr\u00e5n, mitt i centrum. Det var m\u00e4ktigt. D\u00e5 f\u00f6rstod man vilken enorm exponering det h\u00e4r ger.\u201d<\/span><\/i><\/p>\n<p><span style=\"font-weight: 400;\">\u00c4ven f\u00f6rarna sj\u00e4lva visar sin uppskattning.<\/span><\/p>\n<p><span style=\"font-weight: 400;\">\u2013 <\/span><i><span style=\"font-weight: 400;\">\u201dDe tackar oss ofta personligen. De ser hur mycket arbete som ligger bakom.\u201d<\/span><\/i><\/p>\n<h4>Snabb avetablering \u2013 och blicken mot framtiden<\/h4>\n<p><span style=\"font-weight: 400;\">S\u00e5 fort sista bilen g\u00e5tt i m\u00e5l p\u00e5 s\u00f6ndagen b\u00f6rjar n\u00e4sta fas. Arenan ska bort.<\/span><\/p>\n<p><span style=\"font-weight: 400;\">\u2013 <\/span><i><span style=\"font-weight: 400;\">\u201dScen och t\u00e4lt rivs redan under natten. P\u00e5 m\u00e5ndagen \u00e4r eleverna tillbaka och jobbar vidare. P\u00e5 fredagen ska omr\u00e5det vara helt tomt,\u201d<\/span><\/i><span style=\"font-weight: 400;\"> s\u00e4ger Pihlgren.<\/span><\/p>\n<p><span style=\"font-weight: 400;\">Bakom allt st\u00e5r ett k\u00e4rnteam p\u00e5 nio personer \u2013 tillsammans med sina familjer.<\/span><\/p>\n<p><span style=\"font-weight: 400;\">\u2013 <\/span><i><span style=\"font-weight: 400;\">\u201dDet \u00e4r gemenskapen som driver oss. Vi g\u00f6r det h\u00e4r tillsammans och vi vill hela tiden utvecklas.\u201d<\/span><\/i><\/p>\n<p><span style=\"font-weight: 400;\">Och framtiden?<\/span><\/p>\n<p><span style=\"font-weight: 400;\">\u2013 <\/span><i><span style=\"font-weight: 400;\">\u201dVi ser fram emot nya utmaningar. Rally Sweden i Ume\u00e5 har blivit en familjefest, ett skyltf\u00f6nster f\u00f6r regionen \u2013 och n\u00e5got vi \u00e4r otroligt stolta \u00f6ver.\u201d<\/span><\/i><\/p>\n<p>&nbsp;<\/p>\n<h3><b>Fakta: The Red Barn Arena<\/b><\/h3>\n<ul>\n<li style=\"font-weight: 400;\" aria-level=\"1\"><b>Plats:<\/b><span style=\"font-weight: 400;\"> Ume\u00e5 centrum (I20-omr\u00e5det)<\/span><span style=\"font-weight: 400;\"><br \/>\n<\/span><\/li>\n<li style=\"font-weight: 400;\" aria-level=\"1\"><b>Evenemang:<\/b> <b>Rally Sweden<\/b><span style=\"font-weight: 400;\"> (VM i rally)<\/span><\/li>\n<li style=\"font-weight: 400;\" aria-level=\"1\"><b>Typ:<\/b><span style=\"font-weight: 400;\"> Tillf\u00e4llig sn\u00f6- och isarena<\/span><span style=\"font-weight: 400;\"><br \/>\n<\/span><\/li>\n<li style=\"font-weight: 400;\" aria-level=\"1\"><b>Byggs av:<\/b><span style=\"font-weight: 400;\"> Arrang\u00f6rsteamet tillsammans med elever fr\u00e5n Forslunds mark- och anl\u00e4ggningsprogram<\/span><span style=\"font-weight: 400;\"><br \/>\n<\/span><\/li>\n<li style=\"font-weight: 400;\" aria-level=\"1\"><b>Byggperiod:<\/b><span style=\"font-weight: 400;\"> Uppbyggnad \u00e5rligen inf\u00f6r rallyveckan, planering startar redan p\u00e5 v\u00e5ren<\/span><span style=\"font-weight: 400;\"><br \/>\n<\/span><\/li>\n<li style=\"font-weight: 400;\" aria-level=\"1\"><b>S\u00e4kerhet:<\/b><span style=\"font-weight: 400;\"> Sn\u00f6vallar upp till ca 6 meter breda och 80 cm h\u00f6ga runt banan<\/span><span style=\"font-weight: 400;\"><br \/>\n<\/span><\/li>\n<li style=\"font-weight: 400;\" aria-level=\"1\"><b>Publikupplevelse:<\/b><span style=\"font-weight: 400;\"> Utformad f\u00f6r att ge publiken m\u00f6jlighet att se bilarna passera flera g\u00e5nger. H\u00e4r h\u00e5lls torsdagens invigningsceremoni, och varje t\u00e4vlingsdag avslutas med spektakul\u00e4ra hopp och h\u00f6ghastighetsk\u00f6rningar.\u00a0<\/span><span style=\"font-weight: 400;\"><br \/>\n<\/span><\/li>\n<li style=\"font-weight: 400;\" aria-level=\"1\"><b>TV-produktion:<\/b><span style=\"font-weight: 400;\"> Anpassad f\u00f6r internationella lives\u00e4ndningar till en global publik<\/span><span style=\"font-weight: 400;\"><br \/>\n<\/span><\/li>\n<li style=\"font-weight: 400;\" aria-level=\"1\"><b>Avetablering:<\/b><span style=\"font-weight: 400;\"> P\u00e5b\u00f6rjas direkt efter sista t\u00e4vlingsbil \u2013 omr\u00e5det t\u00f6mt inom cirka en vecka<\/span><\/li>\n<\/ul>\n<p><strong>K\u00e4lla: Ume\u00e5 Gratistidning<\/strong><\/p>\n","protected":false},"excerpt":{"rendered":"<p>Byggansvarige Michael Pihlgren \u00e4r stolt \u00f6ver bygget till Rally Sweden &#8211; The Red Barn Arena. Foto: Robert Ekblom. N\u00e4r Rally Sweden avg\u00f6rs i Ume\u00e5 \u00e4r det inte bara v\u00e4rldens b\u00e4sta rallyf\u00f6rare som st\u00e5r i centrum. Minst lika avg\u00f6rande \u00e4r arbetet bakom kulisserna \u2013 och hj\u00e4rtat i evenemanget: The Red Barn Arena. En arena som \u00e5r [&hellip;]<\/p>\n","protected":false},"author":119,"featured_media":3632,"comment_status":"closed","ping_status":"closed","sticky":false,"template":"","format":"standard","meta":{"_acf_changed":false,"footnotes":"","_links_to":"","_links_to_target":""},"categories":[14,13],"tags":[],"class_list":{"0":"post-3630","1":"post","2":"type-post","3":"status-publish","4":"format-standard","5":"has-post-thumbnail","7":"category-naringsliv","8":"category-sport"},"featured_image_src":"https:\/\/gratistidning.com\/umea\/wp-content\/uploads\/sites\/22\/2026\/01\/rallyartikel-michael-byggansvarig-dp-low-1024x683.jpg","blog_images":{"medium":"https:\/\/gratistidning.com\/umea\/wp-content\/uploads\/sites\/22\/2026\/01\/rallyartikel-michael-byggansvarig-dp-low-300x200.jpg","large":"https:\/\/gratistidning.com\/umea\/wp-content\/uploads\/sites\/22\/2026\/01\/rallyartikel-michael-byggansvarig-dp-low-1024x683.jpg"},"acf":[],"ams_acf":[],"publishpress_future_action":{"enabled":false,"date":"2026-05-09 06:23:00","action":"change-status","newStatus":"draft","terms":[],"taxonomy":"category","extraData":[]},"publishpress_future_workflow_manual_trigger":{"enabledWorkflows":[]},"_links":{"self":[{"href":"https:\/\/gratistidning.com\/umea\/wp-json\/wp\/v2\/posts\/3630","targetHints":{"allow":["GET"]}}],"collection":[{"href":"https:\/\/gratistidning.com\/umea\/wp-json\/wp\/v2\/posts"}],"about":[{"href":"https:\/\/gratistidning.com\/umea\/wp-json\/wp\/v2\/types\/post"}],"author":[{"embeddable":true,"href":"https:\/\/gratistidning.com\/umea\/wp-json\/wp\/v2\/users\/119"}],"replies":[{"embeddable":true,"href":"https:\/\/gratistidning.com\/umea\/wp-json\/wp\/v2\/comments?post=3630"}],"version-history":[{"count":5,"href":"https:\/\/gratistidning.com\/umea\/wp-json\/wp\/v2\/posts\/3630\/revisions"}],"predecessor-version":[{"id":3639,"href":"https:\/\/gratistidning.com\/umea\/wp-json\/wp\/v2\/posts\/3630\/revisions\/3639"}],"wp:featuredmedia":[{"embeddable":true,"href":"https:\/\/gratistidning.com\/umea\/wp-json\/wp\/v2\/media\/3632"}],"wp:attachment":[{"href":"https:\/\/gratistidning.com\/umea\/wp-json\/wp\/v2\/media?parent=3630"}],"wp:term":[{"taxonomy":"category","embeddable":true,"href":"https:\/\/gratistidning.com\/umea\/wp-json\/wp\/v2\/categories?post=3630"},{"taxonomy":"post_tag","embeddable":true,"href":"https:\/\/gratistidning.com\/umea\/wp-json\/wp\/v2\/tags?post=3630"}],"curies":[{"name":"wp","href":"https:\/\/api.w.org\/{rel}","templated":true}]}}