{"id":3631,"date":"2026-01-22T07:41:00","date_gmt":"2026-01-22T06:41:00","guid":{"rendered":"https:\/\/gratistidning.com.hemsida.eu\/umea\/blog\/2026\/01\/22\/hojt-stod-till-foreningars-lokalhyror-ska-starka-barn-och-ungdomsverksamhet\/"},"modified":"2026-01-22T07:41:00","modified_gmt":"2026-01-22T06:41:00","slug":"hojt-stod-till-foreningars-lokalhyror-ska-starka-barn-och-ungdomsverksamhet","status":"publish","type":"post","link":"https:\/\/gratistidning.com\/umea\/blog\/2026\/01\/22\/hojt-stod-till-foreningars-lokalhyror-ska-starka-barn-och-ungdomsverksamhet\/","title":{"rendered":"H\u00f6jt st\u00f6d till f\u00f6reningars lokalhyror ska st\u00e4rka barn- och ungdomsverksamhet"},"content":{"rendered":"<div>\n<p><strong>Fritidsn\u00e4mnden har beslutat att h\u00f6ja st\u00f6det f\u00f6r lokalhyra fr\u00e5n och med 2026. Syftet med st\u00f6det \u00e4r att st\u00f6tta ideella f\u00f6reningar som hyr externa lokaler f\u00f6r barn- och ungdomsverksamhet, till exempel i de fall d\u00e4r kommunen har sv\u00e5rt att erbjuda l\u00e4mpliga lokaler.<\/strong><\/p>\n<p>St\u00f6d f\u00f6r lokalhyra riktar sig till ideella f\u00f6reningar med barn- och ungdomsverksamhet och utg\u00f6r ett komplement till de omfattande subventioner som kommunen erbjuder vid uthyrning av sina egna lokaler och anl\u00e4ggningar. St\u00f6det ber\u00e4knas utifr\u00e5n antal genomf\u00f6rda sammankomster per termin samt den faktiska lokalkostnaden. Under 2025 uppgick st\u00f6det till 75 kronor per sammankomst. Fr\u00e5n och med den 1 januari 2026 h\u00f6js beloppet till 90 kronor per sammankomst. <\/p>\n<p>\u2013 Det h\u00e4r \u00e4r en viktig justering som s\u00e4kerst\u00e4ller att st\u00f6det fortsatt fyller sitt syfte. N\u00e4r kostnaderna \u00f6kar m\u00e5ste vi se till att v\u00e5ra st\u00f6d h\u00e4nger med, s\u00e4ger Ari Leinonen (S), ordf\u00f6rande i fritidsn\u00e4mnden.<\/p>\n<p>Enligt f\u00f6rvaltningens analys inneb\u00e4r h\u00f6jningen en uppskattad kostnads\u00f6kning p\u00e5 cirka 175 000\u2013225 000 kronor per \u00e5r, samtidigt som st\u00f6det b\u00e4ttre speglar dagens kostnadsl\u00e4ge. Eftersom det inte \u00e4r indexreglerat har st\u00f6dets reella v\u00e4rde minskat i takt med stigande lokalkostnader.<\/p>\n<p>Efter ett yrkande fr\u00e5n Moderaterna och Centerpartiet h\u00f6jdes det maximala beloppet f\u00f6r st\u00f6det fr\u00e5n 125 000 kronor till 135 000 kronor per f\u00f6rening och termin. F\u00f6rvaltningen fick ocks\u00e5, efter ett yrkande fr\u00e5n Socialdemokraterna, i uppdrag att utreda hur en eventuell allm\u00e4n indexeringsprincip skulle kunna utformas och implementeras. Moderaterna och Centerpartiet hade ytterligare yrkanden som avslogs, de reserverade sig till f\u00f6rm\u00e5n f\u00f6r dessa.<\/p>\n<p>\u2013 H\u00f6jningen av st\u00f6det \u00e4r viktigt f\u00f6r att st\u00e4rka de f\u00f6reningar som kontinuerligt hyr externa lokaler. Det \u00e4r positivt att n\u00e4mnden kunde enas om att \u00e4ven h\u00f6ja maxbeloppet, s\u00e5 att \u00e4ven de f\u00f6reningar som idag n\u00e5r den maximala niv\u00e5n f\u00e5r ett ut\u00f6kat st\u00f6d, s\u00e4ger Joline G\u00f6ttfert (M), vice ordf\u00f6rande i fritidsn\u00e4mnden.<\/p>\n<h2>Mer information<\/h2>\n<p>Ari Leinonen (S)<br \/>ordf\u00f6rande<br \/>fritidsn\u00e4mnden <br \/>070-567 92 14<br \/><a href=\"https:\/\/www.mynewsdesk.com\/se\/umea\/news\/mailto:ari.leinonen@umea.se\" target=\"_blank\" rel=\"nofollow noopener\">ari.leinonen@umea.se<\/a><\/p>\n<p>Joline G\u00f6ttfert (M)<br \/>vice ordf\u00f6rande<br \/>fritidsn\u00e4mnden<br \/>070-750 08 13<br \/><a href=\"https:\/\/www.mynewsdesk.com\/se\/umea\/news\/mailto:joline.gottfert@umea.se\" target=\"_blank\" rel=\"nofollow noopener\">joline.gottfert@umea.se<\/a><\/p>\n<p>Monica Svonni<br \/>verksamhetschef F\u00f6reningsbyr\u00e5n<br \/>090-16 34 88<br \/>070-445 34 12<br \/><a href=\"https:\/\/www.mynewsdesk.com\/se\/umea\/news\/mailto:monica.svonni@umea.se\" target=\"_blank\" rel=\"nofollow noopener\">monica.svonni@umea.se<\/a><\/p>\n<\/div>\n<p>&#8212;&#8212;&#8212;&#8212;&#8212;&#8212;&#8212;&#8212;&#8212;&#8212;&#8212;&#8212;&#8212;&#8212;&#8212;&#8212;&#8212;&#8212;&#8212;&#8211;<br \/>\n<a href=\"https:\/\/www.mynewsdesk.com\/se\/umea\/news\/hoejt-stoed-till-foereningars-lokalhyror-ska-staerka-barn-och-ungdomsverksamhet-505383?utm_source=rss&#038;utm_medium=rss&#038;utm_campaign=Subscription&#038;utm_content=current_news\" target=\"_blank\">Klicka h\u00e4r &#8211; l\u00e4nk till originalinl\u00e4gget<\/a><br \/>\n<br \/>\nK\u00e4lla: Ume\u00e5 kommun<br \/>\n&#8212;&#8212;&#8212;&#8212;&#8212;&#8212;&#8212;&#8212;&#8212;&#8212;&#8212;&#8212;&#8212;&#8212;&#8212;&#8212;&#8212;&#8212;&#8212;&#8211;<\/p>\n","protected":false},"excerpt":{"rendered":"<p>Fritidsn\u00e4mnden har beslutat att h\u00f6ja st\u00f6det f\u00f6r lokalhyra fr\u00e5n och med 2026. Syftet med st\u00f6det \u00e4r att st\u00f6tta ideella f\u00f6reningar som hyr externa lokaler f\u00f6r barn- och ungdomsverksamhet, till exempel i de fall d\u00e4r kommunen har sv\u00e5rt att erbjuda l\u00e4mpliga lokaler. St\u00f6d f\u00f6r lokalhyra riktar sig till ideella f\u00f6reningar med barn- och ungdomsverksamhet och utg\u00f6r [&hellip;]<\/p>\n","protected":false},"author":59,"featured_media":2986,"comment_status":"closed","ping_status":"closed","sticky":false,"template":"","format":"standard","meta":{"_acf_changed":false,"footnotes":"","_links_to":"","_links_to_target":""},"categories":[52,51],"tags":[],"class_list":{"0":"post-3631","1":"post","2":"type-post","3":"status-publish","4":"format-standard","5":"has-post-thumbnail","7":"category-umea-kommun","8":"category-kommunen"},"featured_image_src":"https:\/\/gratistidning.com\/umea\/wp-content\/uploads\/sites\/22\/2025\/10\/xnavad3tfyon9vvuokyd.png","blog_images":{"medium":"https:\/\/gratistidning.com\/umea\/wp-content\/uploads\/sites\/22\/2025\/10\/xnavad3tfyon9vvuokyd-300x124.png","large":"https:\/\/gratistidning.com\/umea\/wp-content\/uploads\/sites\/22\/2025\/10\/xnavad3tfyon9vvuokyd.png"},"acf":[],"ams_acf":[],"publishpress_future_action":{"enabled":false,"date":"2026-05-09 07:39:19","action":"change-status","newStatus":"draft","terms":[],"taxonomy":"category","extraData":[]},"publishpress_future_workflow_manual_trigger":{"enabledWorkflows":[]},"_links":{"self":[{"href":"https:\/\/gratistidning.com\/umea\/wp-json\/wp\/v2\/posts\/3631","targetHints":{"allow":["GET"]}}],"collection":[{"href":"https:\/\/gratistidning.com\/umea\/wp-json\/wp\/v2\/posts"}],"about":[{"href":"https:\/\/gratistidning.com\/umea\/wp-json\/wp\/v2\/types\/post"}],"author":[{"embeddable":true,"href":"https:\/\/gratistidning.com\/umea\/wp-json\/wp\/v2\/users\/59"}],"replies":[{"embeddable":true,"href":"https:\/\/gratistidning.com\/umea\/wp-json\/wp\/v2\/comments?post=3631"}],"version-history":[{"count":0,"href":"https:\/\/gratistidning.com\/umea\/wp-json\/wp\/v2\/posts\/3631\/revisions"}],"wp:featuredmedia":[{"embeddable":true,"href":"https:\/\/gratistidning.com\/umea\/wp-json\/wp\/v2\/media\/2986"}],"wp:attachment":[{"href":"https:\/\/gratistidning.com\/umea\/wp-json\/wp\/v2\/media?parent=3631"}],"wp:term":[{"taxonomy":"category","embeddable":true,"href":"https:\/\/gratistidning.com\/umea\/wp-json\/wp\/v2\/categories?post=3631"},{"taxonomy":"post_tag","embeddable":true,"href":"https:\/\/gratistidning.com\/umea\/wp-json\/wp\/v2\/tags?post=3631"}],"curies":[{"name":"wp","href":"https:\/\/api.w.org\/{rel}","templated":true}]}}