{"id":4264,"date":"2026-04-26T11:59:00","date_gmt":"2026-04-26T09:59:00","guid":{"rendered":"https:\/\/gratistidning.com\/umea\/blog\/2026\/04\/26\/kaptenen-stannar-ottosson-forlanger\/"},"modified":"2026-04-26T11:59:00","modified_gmt":"2026-04-26T09:59:00","slug":"kaptenen-stannar-ottosson-forlanger","status":"publish","type":"post","link":"https:\/\/gratistidning.com\/umea\/blog\/2026\/04\/26\/kaptenen-stannar-ottosson-forlanger\/","title":{"rendered":"Kaptenen stannar \u2013 Ottosson f\u00f6rl\u00e4nger"},"content":{"rendered":"<div data-v-8da1fb46=\"\">\n<div class=\"img-container min-h-190 lg:min-h-400 md:min-h-400 sm:min-h-190\" data-v-8da1fb46=\"\" data-v-28f3395a=\"\"><!--[--><!--]--><\/p>\n<div class=\"video-renderer\" data-v-28f3395a=\"\" data-v-e04bef58=\"\"><!----><!----><!----><\/div>\n<\/div>\n<p><!----><\/p>\n<div class=\"headline class-editor\" data-v-8da1fb46=\"\" data-v-7040d6fb=\"\">\n<p class=\"article-intro\" data-v-7040d6fb=\"\">Bj\u00f6rkl\u00f6ven s\u00e4krar kontinuitet i lagbygget. Lagkapten Axel Ottosson har skrivit p\u00e5 en kontraktsf\u00f6rl\u00e4ngning som str\u00e4cker sig \u00f6ver tv\u00e5 nya s\u00e4songer.<\/p>\n<p><!----><!--[--><\/p>\n<div data-v-5f3380b5=\"\"><!----><\/p>\n<div class=\"html-render-container\" data-v-5f3380b5=\"\">\n<p class=\"paragraph text-left\"> Bj\u00f6rkl\u00f6ven kan meddela att lagkapten <a target=\"_blank\" href=\"https:\/\/www.eliteprospects.com\/player\/438\/axel-ottosson\">Axel Ottosson<\/a> blir kvar i klubben. Den 28-\u00e5rige centern har f\u00f6rl\u00e4ngt sitt avtal med ytterligare tv\u00e5 s\u00e4songer och forts\u00e4tter d\u00e4rmed sin resa i moderklubben. <\/p>\n<p class=\"paragraph text-left\"> Ottosson, som \u00e5terv\u00e4nde till Bj\u00f6rkl\u00f6ven efter spel i Finland, har vuxit in i rollen som en tydlig ledare b\u00e5de p\u00e5 och utanf\u00f6r isen. <\/p>\n<p class=\"paragraph text-left\"> Sportchef Per Kentt\u00e4 ser f\u00f6rl\u00e4ngningen som en viktig del i det fortsatta lagbygget: <\/p>\n<p class=\"paragraph text-left\"> \u2013 Axel \u00e4r en ledare som vuxit enormt sedan han kom tillbaka fr\u00e5n Finland. Han \u00e4r en viktig pusselbit i v\u00e5rt framtida lagbygge, s\u00e4ger Kentt\u00e4. <\/p>\n<\/div>\n<\/div>\n<p><!--]--><\/div>\n<\/div>\n<p>&#8212;&#8212;&#8212;&#8212;&#8212;&#8212;&#8212;&#8212;&#8212;&#8212;&#8212;&#8212;&#8212;&#8212;&#8212;&#8212;&#8212;&#8212;&#8212;&#8211;<br \/>\n<a href=\"http:\/\/www.bjorkloven.com\/article\/iehate3-2e4ad\/view\" target=\"_blank\">Klicka h\u00e4r &#8211; l\u00e4nk till originalinl\u00e4gget<\/a><br \/>\n<br \/>\nK\u00e4lla: Bj\u00f6rkl\u00f6ven<br \/>\n&#8212;&#8212;&#8212;&#8212;&#8212;&#8212;&#8212;&#8212;&#8212;&#8212;&#8212;&#8212;&#8212;&#8212;&#8212;&#8212;&#8212;&#8212;&#8212;&#8211;<\/p>\n","protected":false},"excerpt":{"rendered":"<p>Bj\u00f6rkl\u00f6ven s\u00e4krar kontinuitet i lagbygget. Lagkapten Axel Ottosson har skrivit p\u00e5 en kontraktsf\u00f6rl\u00e4ngning som str\u00e4cker sig \u00f6ver tv\u00e5 nya s\u00e4songer. Bj\u00f6rkl\u00f6ven kan meddela att lagkapten Axel Ottosson blir kvar i klubben. Den 28-\u00e5rige centern har f\u00f6rl\u00e4ngt sitt avtal med ytterligare tv\u00e5 s\u00e4songer och forts\u00e4tter d\u00e4rmed sin resa i moderklubben. Ottosson, som \u00e5terv\u00e4nde till Bj\u00f6rkl\u00f6ven efter [&hellip;]<\/p>\n","protected":false},"author":122,"featured_media":4265,"comment_status":"closed","ping_status":"closed","sticky":false,"template":"","format":"standard","meta":{"_acf_changed":false,"footnotes":"","_links_to":"","_links_to_target":""},"categories":[56,13],"tags":[],"class_list":{"0":"post-4264","1":"post","2":"type-post","3":"status-publish","4":"format-standard","5":"has-post-thumbnail","7":"category-bjorkloven","8":"category-sport"},"featured_image_src":"https:\/\/gratistidning.com\/umea\/wp-content\/uploads\/sites\/22\/2026\/04\/c9fa0e8e-c935-44fd-a01e-9d7cce4d401cotto-1024x576.jpg","blog_images":{"medium":"https:\/\/gratistidning.com\/umea\/wp-content\/uploads\/sites\/22\/2026\/04\/c9fa0e8e-c935-44fd-a01e-9d7cce4d401cotto-300x169.jpg","large":"https:\/\/gratistidning.com\/umea\/wp-content\/uploads\/sites\/22\/2026\/04\/c9fa0e8e-c935-44fd-a01e-9d7cce4d401cotto-1024x576.jpg"},"acf":[],"ams_acf":[],"publishpress_future_action":{"enabled":false,"date":"2026-05-04 19:49:02","action":"change-status","newStatus":"draft","terms":[],"taxonomy":"category","extraData":[]},"publishpress_future_workflow_manual_trigger":{"enabledWorkflows":[]},"_links":{"self":[{"href":"https:\/\/gratistidning.com\/umea\/wp-json\/wp\/v2\/posts\/4264","targetHints":{"allow":["GET"]}}],"collection":[{"href":"https:\/\/gratistidning.com\/umea\/wp-json\/wp\/v2\/posts"}],"about":[{"href":"https:\/\/gratistidning.com\/umea\/wp-json\/wp\/v2\/types\/post"}],"author":[{"embeddable":true,"href":"https:\/\/gratistidning.com\/umea\/wp-json\/wp\/v2\/users\/122"}],"replies":[{"embeddable":true,"href":"https:\/\/gratistidning.com\/umea\/wp-json\/wp\/v2\/comments?post=4264"}],"version-history":[{"count":0,"href":"https:\/\/gratistidning.com\/umea\/wp-json\/wp\/v2\/posts\/4264\/revisions"}],"wp:featuredmedia":[{"embeddable":true,"href":"https:\/\/gratistidning.com\/umea\/wp-json\/wp\/v2\/media\/4265"}],"wp:attachment":[{"href":"https:\/\/gratistidning.com\/umea\/wp-json\/wp\/v2\/media?parent=4264"}],"wp:term":[{"taxonomy":"category","embeddable":true,"href":"https:\/\/gratistidning.com\/umea\/wp-json\/wp\/v2\/categories?post=4264"},{"taxonomy":"post_tag","embeddable":true,"href":"https:\/\/gratistidning.com\/umea\/wp-json\/wp\/v2\/tags?post=4264"}],"curies":[{"name":"wp","href":"https:\/\/api.w.org\/{rel}","templated":true}]}}