{"id":4875,"date":"2026-08-31T08:00:00","date_gmt":"2026-08-31T06:00:00","guid":{"rendered":"https:\/\/gratistidning.com\/umea\/blog\/2026\/08\/31\/yrkesmassa-for-att-starka-elevernas-valkompetens\/"},"modified":"2026-08-31T08:00:00","modified_gmt":"2026-08-31T06:00:00","slug":"yrkesmassa-for-att-starka-elevernas-valkompetens","status":"publish","type":"post","link":"https:\/\/gratistidning.com\/umea\/blog\/2026\/08\/31\/yrkesmassa-for-att-starka-elevernas-valkompetens\/","title":{"rendered":"Yrkesm\u00e4ssa f\u00f6r att st\u00e4rka elevernas valkompetens"},"content":{"rendered":"<p><\/p>\n<p>\n          <span class=\"type__highlight\">Pressmeddelande<\/span><br \/>\n<span> \u2014 <\/span><br \/>\n<time datetime=\"2026-08-31 08:00:00\">31 Augusti 2026 08:00<\/time><\/p>\n<p>            <button id=\"share-modal-open-btn\" type=\"button\" class=\"headline-share-btn ghost-btn-with-icon-inline cursor svg-fill\"><br \/>\n    <svg xmlns=\"http:\/\/www.w3.org\/2000\/svg\" aria-hidden=\"true\" width=\"24\" height=\"24\" viewbox=\"0 0 24 24\" fill=\"defaultColor\"><path fill-rule=\"evenodd\" clip-rule=\"evenodd\" d=\"M22.7071 1.29289C22.9788 1.56453 23.0708 1.96776 22.9439 2.33035L15.9439 22.3303C15.8084 22.7173 15.4504 22.9825 15.0408 22.9992C14.6311 23.0159 14.2527 22.7808 14.0862 22.4061L10.2424 13.7576L1.59387 9.91381C1.21919 9.74728 0.984122 9.36891 1.00084 8.95923C1.01755 8.54956 1.28265 8.19159 1.66965 8.05614L21.6697 1.05614C22.0322 0.929234 22.4355 1.02125 22.7071 1.29289ZM12.1928 13.2215L14.8894 19.2889L19.6085 5.80568L12.1928 13.2215ZM18.1943 4.39147L4.71108 9.1106L10.7785 11.8073L18.1943 4.39147Z\" stroke=\"none\"\/><\/svg><br \/>\n    <span class=\"label-effect\">Dela<\/span><br \/>\n  <\/button><\/p>\n<p>  <dialog id=\"share-dialog\" class=\"social-share-dialog\" aria-labelledby=\"dialog-label\"><\/p>\n<div class=\"dialog-content-wrapper\">\n<div class=\"dialog-body-upper\">\n<p>\n          L\u00e4nk kopierad!\n        <\/p>\n<p>          <a class=\"ghost-btn-with-icon svg-stroke\" target=\"_blank\" rel=\"nofollow noopener\" aria-label=\"Ladda ned som PDF\" href=\"https:\/\/www.mynewsdesk.com\/se\/umea\/pressreleases\/yrkesmaessa-foer-att-staerka-elevernas-valkompetens-3462712.pdf\"><br \/>\n            <svg xmlns=\"http:\/\/www.w3.org\/2000\/svg\" aria-hidden=\"true\" viewbox=\"0 0 24 24\" fill=\"none\"><path d=\"M21 15v4a2 2 0 01-2 2H5a2 2 0 01-2-2v-4M7 10l5 5 5-5M12 15V3\" stroke-width=\"2\" stroke-linecap=\"round\" stroke-linejoin=\"round\"\/><\/svg><\/p>\n<p>            <span aria-hidden=\"true\" class=\"label-effect\">Ladda ner<\/span><br \/>\n<\/a>      <\/div>\n<\/p><\/div>\n<p>  <\/dialog><\/p>\n<div>\n<p><strong>Tisdag och onsdag den 1\u20132 september f\u00e5r alla niondeklassare i kommunala skolor tr\u00e4ffa ett 70-tal yrkespersoner i olika branscher p\u00e5 Nolia och bredda sin kunskap om yrken, arbetsmarknad och m\u00f6jliga utbildningsv\u00e4gar. F\u00f6r att m\u00f6ta det stora behovet av ingenj\u00f6rer och andra kompetenser inom teknik, naturvetenskap och matematik byggs en egen v\u00e4rld med fokus p\u00e5 STEM-\u00e4mnena. <\/strong><\/p>\n<p>Syftet \u00e4r att skapa en m\u00f6tesplats mellan skola och arbetsliv d\u00e4r upplevelser av arbetsliv och arbetsmarknadskunskap kopplas ihop med undervisningen som ska st\u00e4rka elevernas valkompetens.<\/p>\n<p>\u2013 Yrkesm\u00e4ssan ger eleverna m\u00f6jlighet att m\u00f6ta f\u00f6retr\u00e4dare f\u00f6r olika branscher och yrken, bredda sina perspektiv samt utveckla tankar kring framtida studie- och yrkesval. De f\u00f6rberedande och uppf\u00f6ljande insatser som genomf\u00f6rs i anslutning till m\u00e4ssan bidrar till att st\u00e4rka elevernas kunskap om arbetsmarknaden och de utbildnings- och karri\u00e4rv\u00e4gar som finns tillg\u00e4ngliga. Genom en \u00f6kad f\u00f6rst\u00e5else f\u00f6r olika yrkesomr\u00e5den och kompetensbehov ges eleverna b\u00e4ttre f\u00f6ruts\u00e4ttningar att fatta v\u00e4lgrundade beslut inf\u00f6r gymnasievalet och sin framtida etablering i arbetslivet, s\u00e4ger Christopher Granberg, bitr\u00e4dande utbildningsdirekt\u00f6r.<\/p>\n<p>Under dagen f\u00e5r drygt 1 200 elever m\u00f6ta flera olika yrkespersoner, st\u00e4lla fr\u00e5gor och testa yrken inom bland annat STEM, bl\u00e5ljusverksamhet, v\u00e5rd, bygg, energi, restaurang, transport, it, l\u00e4rande, skog och industri. Samarbetet mellan skola och arbetsliv \u00e4r viktigt f\u00f6r att motivera och vidga elevernas perspektiv p\u00e5 utbildning och arbete och m\u00e5nga f\u00f6retag och branscher vill delta och m\u00f6ta eleverna. <\/p>\n<h2><strong>V\u00e5rdnadshavare s\u00e4rskilt inbjudna<\/strong><\/h2>\n<p>P\u00e5 tisdagkv\u00e4ll den 1 september kl. 18.00 f\u00e5r v\u00e5rdnadshavare chansen att bes\u00f6ka m\u00e4ssan f\u00f6r att m\u00f6ta yrkesf\u00f6retr\u00e4dare och f\u00e5 mer information om utbildning och valm\u00f6jligheter. <\/p>\n<p>\u2013 Genom m\u00e4ssan f\u00e5r v\u00e5rdnadshavare m\u00f6jlighet att tr\u00e4ffa f\u00f6retr\u00e4dare f\u00f6r olika yrkesomr\u00e5den samt ta del av information om utbildningsv\u00e4gar och tillg\u00e4ngliga valm\u00f6jligheter. Det ger dem b\u00e4ttre f\u00f6ruts\u00e4ttningar att st\u00f6dja sina ungdomar i valet till gymnasiet, s\u00e4ger Karin Thysell, omr\u00e5deschef f\u00f6r grundskolans \u00e5rskurs 7\u20139.<\/p>\n<h3><strong>Information<\/strong><\/h3>\n<p>Yrkesm\u00e4ssan \u00e4r en av flera aktiviteter som ing\u00e5r i skolans undervisning och \u00e4r en del av skolans arbetss\u00e4tt kring modern arbetslivsorientering: <a href=\"http:\/\/www.umea.se\/moa\" target=\"_blank\" rel=\"nofollow noopener\">www.umea.se\/moa<\/a><\/p>\n<p>Yrkesm\u00e4ssan \u00e4r inte \u00f6ppen f\u00f6r allm\u00e4nheten. Medier som vill bes\u00f6ka m\u00e4ssan, kontakta <a href=\"https:\/\/www.mynewsdesk.com\/se\/umea\/pressreleases\/mailto:christopher.granberg@umea.se\" target=\"_blank\" rel=\"nofollow noopener\">christopher.granberg@umea.se<\/a> f\u00f6r att f\u00f6ranm\u00e4la n\u00e4rvaro.<\/p>\n<p><strong>Kontakt <br \/><\/strong><strong\/><br \/>Christopher Granberg<strong\/><br \/>bitr\u00e4dande utbildningsdirekt\u00f6r<br \/>F\u00f6r- och grundskolef\u00f6rvaltningen<br \/>070-377 35 92<br \/><a href=\"https:\/\/www.mynewsdesk.com\/se\/umea\/pressreleases\/mailto:christopher.granberg@umea.se\" target=\"_blank\" rel=\"nofollow noopener\">christopher.granberg@umea.se<\/a><\/p>\n<\/div>\n<p>&#8212;&#8212;&#8212;&#8212;&#8212;&#8212;&#8212;&#8212;&#8212;&#8212;&#8212;&#8212;&#8212;&#8212;&#8212;&#8212;&#8212;&#8212;&#8212;&#8211;<br \/>\n<a href=\"https:\/\/www.mynewsdesk.com\/se\/umea\/pressreleases\/yrkesmaessa-foer-att-staerka-elevernas-valkompetens-3462712?utm_source=rss&#038;utm_medium=rss&#038;utm_campaign=Subscription&#038;utm_content=current_news\" target=\"_blank\">Klicka h\u00e4r &#8211; l\u00e4nk till originalinl\u00e4gget<\/a><br \/>\n<br \/>\nK\u00e4lla: Ume\u00e5 kommun<br \/>\n&#8212;&#8212;&#8212;&#8212;&#8212;&#8212;&#8212;&#8212;&#8212;&#8212;&#8212;&#8212;&#8212;&#8212;&#8212;&#8212;&#8212;&#8212;&#8212;&#8211;<\/p>\n","protected":false},"excerpt":{"rendered":"<p>Pressmeddelande \u2014 31 Augusti 2026 08:00 Dela L\u00e4nk kopierad! Ladda ner Tisdag och onsdag den 1\u20132 september f\u00e5r alla niondeklassare i kommunala skolor tr\u00e4ffa ett 70-tal yrkespersoner i olika branscher p\u00e5 Nolia och bredda sin kunskap om yrken, arbetsmarknad och m\u00f6jliga utbildningsv\u00e4gar. F\u00f6r att m\u00f6ta det stora behovet av ingenj\u00f6rer och andra kompetenser inom teknik, [&hellip;]<\/p>\n","protected":false},"author":59,"featured_media":4876,"comment_status":"closed","ping_status":"closed","sticky":false,"template":"","format":"standard","meta":{"_acf_changed":false,"footnotes":"","_links_to":"","_links_to_target":""},"categories":[52,51],"tags":[],"class_list":["post-4875","post","type-post","status-publish","format-standard","has-post-thumbnail","category-umea-kommun","category-kommunen"],"featured_image_src":"https:\/\/gratistidning.com\/umea\/wp-content\/uploads\/sites\/22\/2026\/08\/nqdiqzmaoqvps7vivhmx07-1024x538.jpeg","blog_images":{"medium":"https:\/\/gratistidning.com\/umea\/wp-content\/uploads\/sites\/22\/2026\/08\/nqdiqzmaoqvps7vivhmx07-300x158.jpeg","large":"https:\/\/gratistidning.com\/umea\/wp-content\/uploads\/sites\/22\/2026\/08\/nqdiqzmaoqvps7vivhmx07-1024x538.jpeg"},"acf":[],"ams_acf":[],"publishpress_future_action":{"enabled":false,"date":"2026-09-07 12:55:56","action":"change-status","newStatus":"draft","terms":[],"taxonomy":"category","extraData":[]},"publishpress_future_workflow_manual_trigger":{"enabledWorkflows":[]},"_links":{"self":[{"href":"https:\/\/gratistidning.com\/umea\/wp-json\/wp\/v2\/posts\/4875","targetHints":{"allow":["GET"]}}],"collection":[{"href":"https:\/\/gratistidning.com\/umea\/wp-json\/wp\/v2\/posts"}],"about":[{"href":"https:\/\/gratistidning.com\/umea\/wp-json\/wp\/v2\/types\/post"}],"author":[{"embeddable":true,"href":"https:\/\/gratistidning.com\/umea\/wp-json\/wp\/v2\/users\/59"}],"replies":[{"embeddable":true,"href":"https:\/\/gratistidning.com\/umea\/wp-json\/wp\/v2\/comments?post=4875"}],"version-history":[{"count":0,"href":"https:\/\/gratistidning.com\/umea\/wp-json\/wp\/v2\/posts\/4875\/revisions"}],"wp:featuredmedia":[{"embeddable":true,"href":"https:\/\/gratistidning.com\/umea\/wp-json\/wp\/v2\/media\/4876"}],"wp:attachment":[{"href":"https:\/\/gratistidning.com\/umea\/wp-json\/wp\/v2\/media?parent=4875"}],"wp:term":[{"taxonomy":"category","embeddable":true,"href":"https:\/\/gratistidning.com\/umea\/wp-json\/wp\/v2\/categories?post=4875"},{"taxonomy":"post_tag","embeddable":true,"href":"https:\/\/gratistidning.com\/umea\/wp-json\/wp\/v2\/tags?post=4875"}],"curies":[{"name":"wp","href":"https:\/\/api.w.org\/{rel}","templated":true}]}}