{"id":4881,"date":"2026-09-01T08:16:00","date_gmt":"2026-09-01T06:16:00","guid":{"rendered":"https:\/\/gratistidning.com\/umea\/blog\/2026\/09\/01\/ledamoterna-fran-vasterbotten-hors-mest-i-riksdagen\/"},"modified":"2026-09-01T08:16:00","modified_gmt":"2026-09-01T06:16:00","slug":"ledamoterna-fran-vasterbotten-hors-mest-i-riksdagen","status":"publish","type":"post","link":"https:\/\/gratistidning.com\/umea\/blog\/2026\/09\/01\/ledamoterna-fran-vasterbotten-hors-mest-i-riksdagen\/","title":{"rendered":"Ledam\u00f6terna fr\u00e5n V\u00e4sterbotten h\u00f6rs mest i riksdagen"},"content":{"rendered":"<div itemprop=\"articleBody\"><meta content=\"ledamotsfacit\" data-region=\"V\u00e4sterbottens l\u00e4n\" data-role=\"featured-image\" data-tag=\"ledamotsfacit\" data-type=\"imageFromBank\" property=\"imageFromBank\"\/><\/p>\n<p class=\"lead\">En mandatperiod \u00e4r till \u00e4nda \u2013 och ledam\u00f6terna fr\u00e5n V\u00e4sterbottens l\u00e4ns valkrets \u00e4r de som talat mest i riksdagen. <br \/>\u2713 Han har h\u00f6rts mest i talarstolen.<br \/>\u2713 Hon har undertecknat flest motioner.<br \/>\n<br \/>\u2713 Han har varit mest fr\u00e5gvis. <\/p>\n<p>De h\u00f6rs ofta, riksdagsledam\u00f6terna fr\u00e5n V\u00e4sterbottens l\u00e4ns valkrets. Totalt 78\u00a0timmar och 19\u00a0minuter har de st\u00e5tt i kammarens talarstol under den senaste mandatperioden.<br \/>\nDet motsvarar i genomsnitt \u00e5tta\u00a0timmar och 42\u00a0minuter per mandat, vilket g\u00f6r valkretsen till den mest pratsamma i riksdagen. <\/p>\n<p><meta content=\"cutoff\" name=\"cutoff\"\/><\/p>\n<h3>Isak From (S) bland de som pratar mest i riksdagen<\/h3>\n<p> Dessutom  tillh\u00f6r <strong>Isak From<\/strong> (S) de allra mest talf\u00f6ra ledam\u00f6terna i riksdagen, med 18\u00a0timmar, 19\u00a0minuter och tv\u00e5\u00a0sekunder i talartid. <\/p>\n<p> Senast Isak From gjorde sin st\u00e4mma h\u00f6rd var den 11\u00a0augusti 2026, d\u00e5 han  diskuterade <em>F\u00f6rtroende f\u00f6r jakttider<\/em> med  Peter Kullgren (KD) i kammaren. Som mest pratade han dock i december 2024: 30\u00a0minuter och 54\u00a0sekunder i en debatt om <em>Utgiftsomr\u00e5de 19 Regional utveckling<\/em> med bland andra Eric Palmqvist (SD), Ann-Charlotte Hammar Johnsson (M) och Birger Lahti (V). <\/p>\n<h3>Ministrarna h\u00f6rs \u00e4nnu mer<\/h3>\n<p>Mest av alla riksdagsledam\u00f6ter har <strong>Eva Lindh<\/strong> (S) fr\u00e5n \u00d6sterg\u00f6tlands l\u00e4ns valkrets talat under mandatperioden. Men hennes 30\u00a0timmar, 23\u00a0minuter och 3\u00a0sekunder n\u00e5r \u00e4nd\u00e5 inte upp till en topposition om man tar med ministrarna i ber\u00e4kningen. <strong>Gunnar Str\u00f6mmers<\/strong> (M) r\u00f6st har h\u00f6rts i 45\u00a0timmar, 37\u00a0minuter och fem\u00a0sekunder under mandatperioden, vilket \u00e4r tre\u00a0timmar, 45\u00a0minuter och 23\u00a0sekunder mer \u00e4n den n\u00e4st mest taltr\u00e4ngde ministern, <strong>Andreas Carlson<\/strong> (KD).<\/p>\n<h3>Ingen AI-bump i fr\u00e5gest\u00e4llandet<\/h3>\n<p> Det \u00e4r inte s\u00e4llan de mest pratsamma ledam\u00f6terna som har l\u00e4mnat in flest interpellationer, allts\u00e5 fr\u00e5gor till regeringen som  besvaras och diskuteras i kammaren. I V\u00e4sterbottens l\u00e4ns valkrets \u00e4r det ocks\u00e5 Isak From som ligger i topp n\u00e4r det g\u00e4ller interpellationer, med 65 stycken under mandatperioden. <\/p>\n<p>Skriftliga fr\u00e5gor \u2013 som ledam\u00f6terna kan st\u00e4lla till regeringen och som besvaras skriftligt utan debatt \u2013 \u00e4r en annan del av riksdagens kontrollmakt. <strong>Isak From<\/strong> (S) har st\u00e4llt 43 skriftliga fr\u00e5gor, vilket \u00e4r flest i valkretsen. <\/p>\n<p> Under mandatperioden uppm\u00e4rksammades att socialdemokraten <strong>Olle Thorell<\/strong> med <a href=\"https:\/\/www.dn.se\/sverige\/riksdagsledamot-anvander-ai-for-ministerfragor-stallt-180-pa-tva-manader\/\" target=\"_blank\">hj\u00e4lp av AI-verktyg<\/a> l\u00e4mnat in 180 skriftliga fr\u00e5gor p\u00e5 ett par m\u00e5nader \u2013 vilket motsvarade n\u00e4stan 40 procent av alla fr\u00e5gor under den perioden. Sett \u00f6ver hela mandatperioden \u00e4r han ocks\u00e5 den ledamot som l\u00e4mnat in flest skriftliga fr\u00e5gor, 325 stycken, men frekvensen har sjunkit sedan den mest intensiva perioden. <\/p>\n<p>Siffrorna visar ingen generell \u00f6kning av antalet skriftliga fr\u00e5gor efter AI-verktygens int\u00e5g. <\/p>\n<h3>Hon har l\u00e4mnat flest motioner<\/h3>\n<p><strong>Helena Lindahl<\/strong> (C) har undertecknat flest motioner  av riksdagsledam\u00f6terna fr\u00e5n valkretsen. Hon har under mandatperioden undertecknat 195, varav 22 som ensam undertecknare. Den senaste var i maj 2026: <em>med anledning av skr. 2025\/26:259 Nationell planering f\u00f6r transportinfrastrukturen 2026\u20132037<\/em>. <\/p>\n<p>Det placerar henne l\u00e5ngt utanf\u00f6r topplistan \u00f6ver riksdagens flitigaste motion\u00e4rer. Den riksdagsledamot som satt sitt namn p\u00e5 flest motioner under mandatperioden \u00e4r <strong>Sten Bergheden<\/strong> (M) fr\u00e5n V\u00e4stra G\u00f6talands l\u00e4ns \u00f6stra valkrets. Han har undertecknat 613 motioner. <\/p>\n<figure class=\"has-table-wrapper\"><figcaption>Riksdagsaktivitet f\u00f6r ledam\u00f6terna fr\u00e5n V\u00e4sterbottens l\u00e4ns valkrets<\/figcaption><div class=\"table-wrapper\" style=\"overflow-x:auto; \">\n<table class=\"table responsive\">\n<thead>\n<tr>\n<th scope=\"col\">Ledamot<\/th>\n<th scope=\"col\">Talartid<\/th>\n<th scope=\"col\">Fr\u00e5nvaro<\/th>\n<th scope=\"col\">Motioner<\/th>\n<th scope=\"col\">Interpellationer<\/th>\n<th scope=\"col\">Skriftliga fr\u00e5gor<\/th>\n<\/tr>\n<\/thead>\n<tbody>\n<tr>\n<th scope=\"row\">Isak From (S)<\/th>\n<td class=\"value\" data-title=\"Talartid\" data-value=\"65942\">18\u00a0tim 19\u00a0min 2\u00a0sek<\/td>\n<td class=\"value\" data-title=\"Fr\u00e5nvaro\" data-value=\"0.1245688003066309\">12\u00a0%<\/td>\n<td class=\"value\" data-title=\"Motioner\" data-value=\"124\">124<\/td>\n<td class=\"value\" data-title=\"Interpellationer\" data-value=\"65\">65<\/td>\n<td class=\"value\" data-title=\"Skriftliga fr\u00e5gor\" data-value=\"43\">43<\/td>\n<\/tr>\n<tr>\n<th scope=\"row\">Gudrun Nordborg (V)<\/th>\n<td class=\"value\" data-title=\"Talartid\" data-value=\"58002\">16\u00a0tim 6\u00a0min 42\u00a0sek<\/td>\n<td class=\"value\" data-title=\"Fr\u00e5nvaro\" data-value=\"0.21303841676367868\">21\u00a0%<\/td>\n<td class=\"value\" data-title=\"Motioner\" data-value=\"142\">142<\/td>\n<td class=\"value\" data-title=\"Interpellationer\" data-value=\"1\">1<\/td>\n<td class=\"value\" data-title=\"Skriftliga fr\u00e5gor\" data-value=\"1\">1<\/td>\n<\/tr>\n<tr>\n<th scope=\"row\">Elin S\u00f6derberg (MP)<\/th>\n<td class=\"value\" data-title=\"Talartid\" data-value=\"40994\">11\u00a0tim 23\u00a0min 14\u00a0sek<\/td>\n<td class=\"value\" data-title=\"Fr\u00e5nvaro\" data-value=\"0.1837748344370861\">18\u00a0%<\/td>\n<td class=\"value\" data-title=\"Motioner\" data-value=\"153\">153<\/td>\n<td class=\"value\" data-title=\"Interpellationer\" data-value=\"19\">19<\/td>\n<td class=\"value\" data-title=\"Skriftliga fr\u00e5gor\" data-value=\"13\">13<\/td>\n<\/tr>\n<tr>\n<th scope=\"row\">Edward Riedl (M)<\/th>\n<td class=\"value\" data-title=\"Talartid\" data-value=\"28358\">7\u00a0tim 52\u00a0min 38\u00a0sek<\/td>\n<td class=\"value\" data-title=\"Fr\u00e5nvaro\" data-value=\"0.13836719049444232\">14\u00a0%<\/td>\n<td class=\"value\" data-title=\"Motioner\" data-value=\"4\">4<\/td>\n<td class=\"value\" data-title=\"Interpellationer\" data-value=\"null\">\u2013<\/td>\n<td class=\"value\" data-title=\"Skriftliga fr\u00e5gor\" data-value=\"null\">\u2013<\/td>\n<\/tr>\n<tr>\n<th scope=\"row\">Nils Seye Larsen (MP)<\/th>\n<td class=\"value\" data-title=\"Talartid\" data-value=\"26867\">7\u00a0tim 27\u00a0min 47\u00a0sek<\/td>\n<td class=\"value\" data-title=\"Fr\u00e5nvaro\" data-value=\"0.11420413990007137\">11\u00a0%<\/td>\n<td class=\"value\" data-title=\"Motioner\" data-value=\"165\">165<\/td>\n<td class=\"value\" data-title=\"Interpellationer\" data-value=\"3\">3<\/td>\n<td class=\"value\" data-title=\"Skriftliga fr\u00e5gor\" data-value=\"5\">5<\/td>\n<\/tr>\n<tr>\n<th scope=\"row\">Pontus Andersson Garpvall (SD)<\/th>\n<td class=\"value\" data-title=\"Talartid\" data-value=\"25222\">7\u00a0tim 22\u00a0sek<\/td>\n<td class=\"value\" data-title=\"Fr\u00e5nvaro\" data-value=\"0.04369490226140284\">4\u00a0%<\/td>\n<td class=\"value\" data-title=\"Motioner\" data-value=\"36\">36<\/td>\n<td class=\"value\" data-title=\"Interpellationer\" data-value=\"15\">15<\/td>\n<td class=\"value\" data-title=\"Skriftliga fr\u00e5gor\" data-value=\"29\">29<\/td>\n<\/tr>\n<tr>\n<th scope=\"row\">Helena Lindahl (C)<\/th>\n<td class=\"value\" data-title=\"Talartid\" data-value=\"19130\">5\u00a0tim 18\u00a0min 50\u00a0sek<\/td>\n<td class=\"value\" data-title=\"Fr\u00e5nvaro\" data-value=\"0.0854733614411652\">9\u00a0%<\/td>\n<td class=\"value\" data-title=\"Motioner\" data-value=\"195\">195<\/td>\n<td class=\"value\" data-title=\"Interpellationer\" data-value=\"1\">1<\/td>\n<td class=\"value\" data-title=\"Skriftliga fr\u00e5gor\" data-value=\"12\">12<\/td>\n<\/tr>\n<tr>\n<th scope=\"row\">Bj\u00f6rn Wiechel (S)<\/th>\n<td class=\"value\" data-title=\"Talartid\" data-value=\"9398\">2\u00a0tim 36\u00a0min 38\u00a0sek<\/td>\n<td class=\"value\" data-title=\"Fr\u00e5nvaro\" data-value=\"0.17381590705987487\">17\u00a0%<\/td>\n<td class=\"value\" data-title=\"Motioner\" data-value=\"52\">52<\/td>\n<td class=\"value\" data-title=\"Interpellationer\" data-value=\"3\">3<\/td>\n<td class=\"value\" data-title=\"Skriftliga fr\u00e5gor\" data-value=\"4\">4<\/td>\n<\/tr>\n<tr>\n<th scope=\"row\">\u00c5sa Karlsson (S)<\/th>\n<td class=\"value\" data-title=\"Talartid\" data-value=\"6661\">1\u00a0tim 51\u00a0min 1\u00a0sek<\/td>\n<td class=\"value\" data-title=\"Fr\u00e5nvaro\" data-value=\"0.0772804054054054\">8\u00a0%<\/td>\n<td class=\"value\" data-title=\"Motioner\" data-value=\"93\">93<\/td>\n<td class=\"value\" data-title=\"Interpellationer\" data-value=\"10\">10<\/td>\n<td class=\"value\" data-title=\"Skriftliga fr\u00e5gor\" data-value=\"8\">8<\/td>\n<\/tr>\n<tr>\n<th scope=\"row\">Hel\u00e9n Pettersson (S)<\/th>\n<td class=\"value\" data-title=\"Talartid\" data-value=\"754\">12\u00a0min 34\u00a0sek<\/td>\n<td class=\"value\" data-title=\"Fr\u00e5nvaro\" data-value=\"0.13376772709850518\">13\u00a0%<\/td>\n<td class=\"value\" data-title=\"Motioner\" data-value=\"101\">101<\/td>\n<td class=\"value\" data-title=\"Interpellationer\" data-value=\"null\">\u2013<\/td>\n<td class=\"value\" data-title=\"Skriftliga fr\u00e5gor\" data-value=\"1\">1<\/td>\n<\/tr>\n<tr>\n<th scope=\"row\">Fredrik Stenberg (S)<\/th>\n<td class=\"value\" data-title=\"Talartid\" data-value=\"576\">9\u00a0min 36\u00a0sek<\/td>\n<td class=\"value\" data-title=\"Fr\u00e5nvaro\" data-value=\"null\">\u2013<\/td>\n<td class=\"value\" data-title=\"Motioner\" data-value=\"null\">\u2013<\/td>\n<td class=\"value\" data-title=\"Interpellationer\" data-value=\"null\">\u2013<\/td>\n<td class=\"value\" data-title=\"Skriftliga fr\u00e5gor\" data-value=\"3\">3<\/td>\n<\/tr>\n<tr>\n<th scope=\"row\">Caroline T\u00e4ljeblad (V)<\/th>\n<td class=\"value\" data-title=\"Talartid\" data-value=\"62\">1\u00a0min 2\u00a0sek<\/td>\n<td class=\"value\" data-title=\"Fr\u00e5nvaro\" data-value=\"0.34375\">34\u00a0%<\/td>\n<td class=\"value\" data-title=\"Motioner\" data-value=\"1\">1<\/td>\n<td class=\"value\" data-title=\"Interpellationer\" data-value=\"null\">\u2013<\/td>\n<td class=\"value\" data-title=\"Skriftliga fr\u00e5gor\" data-value=\"null\">\u2013<\/td>\n<\/tr>\n<\/tbody>\n<\/table>\n<\/div>\n<div aria-hidden=\"true\" class=\"fignote\" style=\"font-size:80%;padding-top:1em;\">K\u00e4lla: Riksdagens \u00f6ppna data<\/p>\n<div class=\"chart-download\" style=\"font-size:80%;margin-top:1.333em;\">\n<details style=\"text-align:left;\">\n<summary>Kopiera tabellen (f\u00f6r eget CMS, Datawrapper, Infogram, etc.)<\/summary>\n<div class=\"DetailsEdSlim\" style=\"margin-top:1em;\">\n<p>Os\u00e4ker p\u00e5 hur du kopierar en tabell? L\u00e4s mer p\u00e5 <a href=\"https:\/\/www.newsworthy.se\/kopiera-tabeller-och-grafer\">www.newsworthy.se\/kopiera-tabeller-och-grafer<\/a>.<\/p>\n<p>I vissa CMS finns ett tabellverktyg d\u00e4r du kan klistra in tabelldata direkt i tabellredigeringsverktyget (ofta som csv eller tsv).<br \/>I andra CMS m\u00e5ste du v\u00e4xla till \u201dk\u00e4llredigering\u201d, \u201dkodl\u00e4ge\u201d eller liknande, och klistra in tabellen som html.<\/p>\n<\/div>\n<\/details>\n<\/div>\n<\/div>\n<\/figure>\n<figure class=\"has-table-wrapper\"><figcaption>Riksdagens mest talf\u00f6ra 2022\u20132026<\/figcaption><div class=\"table-wrapper\" style=\"overflow-x:auto; \">\n<table class=\"table responsive\">\n<thead>\n<tr>\n<th scope=\"col\">Ledamot<\/th>\n<th scope=\"col\">Talartid<\/th>\n<\/tr>\n<\/thead>\n<tbody>\n<tr>\n<th scope=\"row\">Eva Lindh (S)<\/th>\n<td class=\"value\" data-title=\"Talartid\" data-value=\"109383\">30\u00a0tim 23\u00a0min 3\u00a0sek<\/td>\n<\/tr>\n<tr>\n<th scope=\"row\">Annika Hirvonen (MP)<\/th>\n<td class=\"value\" data-title=\"Talartid\" data-value=\"103469\">28\u00a0tim 44\u00a0min 29\u00a0sek<\/td>\n<\/tr>\n<tr>\n<th scope=\"row\">Linus Sk\u00f6ld (S)<\/th>\n<td class=\"value\" data-title=\"Talartid\" data-value=\"76595\">21\u00a0tim 16\u00a0min 35\u00a0sek<\/td>\n<\/tr>\n<tr>\n<th scope=\"row\">H\u00e5kan Svenneling (V)<\/th>\n<td class=\"value\" data-title=\"Talartid\" data-value=\"73506\">20\u00a0tim 25\u00a0min 6\u00a0sek<\/td>\n<\/tr>\n<tr>\n<th scope=\"row\">Sofia Amloh (S)<\/th>\n<td class=\"value\" data-title=\"Talartid\" data-value=\"70151\">19\u00a0tim 29\u00a0min 11\u00a0sek<\/td>\n<\/tr>\n<tr>\n<th scope=\"row\">Jacob Risberg (MP)<\/th>\n<td class=\"value\" data-title=\"Talartid\" data-value=\"68585\">19\u00a0tim 3\u00a0min 5\u00a0sek<\/td>\n<\/tr>\n<tr>\n<th scope=\"row\">Christofer Bergenblock (C)<\/th>\n<td class=\"value\" data-title=\"Talartid\" data-value=\"66132\">18\u00a0tim 22\u00a0min 12\u00a0sek<\/td>\n<\/tr>\n<tr class=\"highlight\">\n<th scope=\"row\">Isak From (S)<\/th>\n<td class=\"value\" data-title=\"Talartid\" data-value=\"65942\">18\u00a0tim 19\u00a0min 2\u00a0sek<\/td>\n<\/tr>\n<tr>\n<th scope=\"row\">Fredrik Malm (L)<\/th>\n<td class=\"value\" data-title=\"Talartid\" data-value=\"64759\">17\u00a0tim 59\u00a0min 19\u00a0sek<\/td>\n<\/tr>\n<tr>\n<th scope=\"row\">Lotta Johnsson Fornarve (V)<\/th>\n<td class=\"value\" data-title=\"Talartid\" data-value=\"60990\">16\u00a0tim 56\u00a0min 30\u00a0sek<\/td>\n<\/tr>\n<\/tbody>\n<\/table>\n<\/div>\n<div aria-hidden=\"true\" class=\"fignote\" style=\"font-size:80%;padding-top:1em;\">K\u00e4lla: Riksdagens \u00f6ppna data<\/p>\n<div class=\"chart-download\" style=\"font-size:80%;margin-top:1.333em;\">\n<details style=\"text-align:left;\">\n<summary>Kopiera tabellen (f\u00f6r eget CMS, Datawrapper, Infogram, etc.)<\/summary>\n<div class=\"DetailsEdSlim\" style=\"margin-top:1em;\">\n<p>Os\u00e4ker p\u00e5 hur du kopierar en tabell? L\u00e4s mer p\u00e5 <a href=\"https:\/\/www.newsworthy.se\/kopiera-tabeller-och-grafer\">www.newsworthy.se\/kopiera-tabeller-och-grafer<\/a>.<\/p>\n<p>I vissa CMS finns ett tabellverktyg d\u00e4r du kan klistra in tabelldata direkt i tabellredigeringsverktyget (ofta som csv eller tsv).<br \/>I andra CMS m\u00e5ste du v\u00e4xla till \u201dk\u00e4llredigering\u201d, \u201dkodl\u00e4ge\u201d eller liknande, och klistra in tabellen som html.<\/p>\n<\/div>\n<\/details>\n<\/div>\n<\/div>\n<\/figure>\n<figure class=\"has-table-wrapper\"><figcaption>Riksdagens mesta motion\u00e4rer 2022\u20132026<\/figcaption><div class=\"table-wrapper\" style=\"overflow-x:auto; \">\n<table class=\"table responsive\">\n<thead>\n<tr>\n<th scope=\"col\">Ledamot<\/th>\n<th scope=\"col\">Motioner<\/th>\n<\/tr>\n<\/thead>\n<tbody>\n<tr>\n<th scope=\"row\">Sten Bergheden (M)<\/th>\n<td class=\"value\" data-title=\"Motioner\" data-value=\"613\">613<\/td>\n<\/tr>\n<tr>\n<th scope=\"row\">Ann-Sofie Lifvenhage (M)<\/th>\n<td class=\"value\" data-title=\"Motioner\" data-value=\"530\">530<\/td>\n<\/tr>\n<tr>\n<th scope=\"row\">Markus Wiechel (SD)<\/th>\n<td class=\"value\" data-title=\"Motioner\" data-value=\"508\">508<\/td>\n<\/tr>\n<tr>\n<th scope=\"row\">Annika Hirvonen (MP)<\/th>\n<td class=\"value\" data-title=\"Motioner\" data-value=\"419\">419<\/td>\n<\/tr>\n<tr>\n<th scope=\"row\">Ulrika Westerlund (MP)<\/th>\n<td class=\"value\" data-title=\"Motioner\" data-value=\"402\">402<\/td>\n<\/tr>\n<tr>\n<th scope=\"row\">Janine Alm Ericson (MP)<\/th>\n<td class=\"value\" data-title=\"Motioner\" data-value=\"323\">323<\/td>\n<\/tr>\n<tr>\n<th scope=\"row\">Niels Paarup-Petersen (C)<\/th>\n<td class=\"value\" data-title=\"Motioner\" data-value=\"311\">311<\/td>\n<\/tr>\n<tr>\n<th scope=\"row\">Jan Riise (MP)<\/th>\n<td class=\"value\" data-title=\"Motioner\" data-value=\"287\">287<\/td>\n<\/tr>\n<tr>\n<th scope=\"row\">Katarina Luhr (MP)<\/th>\n<td class=\"value\" data-title=\"Motioner\" data-value=\"283\">283<\/td>\n<\/tr>\n<tr>\n<th scope=\"row\">Camilla Hans\u00e9n (MP)<\/th>\n<td class=\"value\" data-title=\"Motioner\" data-value=\"271\">271<\/td>\n<\/tr>\n<\/tbody>\n<\/table>\n<\/div>\n<div aria-hidden=\"true\" class=\"fignote\" style=\"font-size:80%;padding-top:1em;\">K\u00e4lla: Riksdagens \u00f6ppna data. Motioner som ledamoten skrivit under.<\/p>\n<div class=\"chart-download\" style=\"font-size:80%;margin-top:1.333em;\">\n<details style=\"text-align:left;\">\n<summary>Kopiera tabellen (f\u00f6r eget CMS, Datawrapper, Infogram, etc.)<\/summary>\n<div class=\"DetailsEdSlim\" style=\"margin-top:1em;\">\n<p>Os\u00e4ker p\u00e5 hur du kopierar en tabell? L\u00e4s mer p\u00e5 <a href=\"https:\/\/www.newsworthy.se\/kopiera-tabeller-och-grafer\">www.newsworthy.se\/kopiera-tabeller-och-grafer<\/a>.<\/p>\n<p>I vissa CMS finns ett tabellverktyg d\u00e4r du kan klistra in tabelldata direkt i tabellredigeringsverktyget (ofta som csv eller tsv).<br \/>I andra CMS m\u00e5ste du v\u00e4xla till \u201dk\u00e4llredigering\u201d, \u201dkodl\u00e4ge\u201d eller liknande, och klistra in tabellen som html.<\/p>\n<\/div>\n<\/details>\n<\/div>\n<\/div>\n<\/figure>\n<figure class=\"has-table-wrapper\"><figcaption>Riksdagens flitigaste fr\u00e5gest\u00e4llare 2022\u20132026<\/figcaption><div class=\"table-wrapper\" style=\"overflow-x:auto; \">\n<table class=\"table responsive\">\n<thead>\n<tr>\n<th scope=\"col\">Ledamot<\/th>\n<th scope=\"col\">Skriftliga fr\u00e5gor<\/th>\n<\/tr>\n<\/thead>\n<tbody>\n<tr>\n<th scope=\"row\">Olle Thorell (S)<\/th>\n<td class=\"value\" data-title=\"Skriftliga fr\u00e5gor\" data-value=\"325\">325<\/td>\n<\/tr>\n<tr>\n<th scope=\"row\">Markus Wiechel (SD)<\/th>\n<td class=\"value\" data-title=\"Skriftliga fr\u00e5gor\" data-value=\"244\">244<\/td>\n<\/tr>\n<tr>\n<th scope=\"row\">Bj\u00f6rn S\u00f6der (SD)<\/th>\n<td class=\"value\" data-title=\"Skriftliga fr\u00e5gor\" data-value=\"192\">192<\/td>\n<\/tr>\n<tr>\n<th scope=\"row\">Rickard Nordin (C)<\/th>\n<td class=\"value\" data-title=\"Skriftliga fr\u00e5gor\" data-value=\"168\">168<\/td>\n<\/tr>\n<tr>\n<th scope=\"row\">Laila Naraghi (S)<\/th>\n<td class=\"value\" data-title=\"Skriftliga fr\u00e5gor\" data-value=\"110\">110<\/td>\n<\/tr>\n<tr>\n<th scope=\"row\">Serkan K\u00f6se (S)<\/th>\n<td class=\"value\" data-title=\"Skriftliga fr\u00e5gor\" data-value=\"92\">92<\/td>\n<\/tr>\n<tr>\n<th scope=\"row\">Johanna Haraldsson (S)<\/th>\n<td class=\"value\" data-title=\"Skriftliga fr\u00e5gor\" data-value=\"75\">75<\/td>\n<\/tr>\n<tr>\n<th scope=\"row\">Tobias Andersson (SD)<\/th>\n<td class=\"value\" data-title=\"Skriftliga fr\u00e5gor\" data-value=\"72\">72<\/td>\n<\/tr>\n<tr>\n<th scope=\"row\">Adrian Magnusson (S)<\/th>\n<td class=\"value\" data-title=\"Skriftliga fr\u00e5gor\" data-value=\"70\">70<\/td>\n<\/tr>\n<tr>\n<th scope=\"row\">Mikael Larsson (C)<\/th>\n<td class=\"value\" data-title=\"Skriftliga fr\u00e5gor\" data-value=\"65\">65<\/td>\n<\/tr>\n<\/tbody>\n<\/table>\n<\/div>\n<div aria-hidden=\"true\" class=\"fignote\" style=\"font-size:80%;padding-top:1em;\">K\u00e4lla: Riksdagens \u00f6ppna data<\/p>\n<div class=\"chart-download\" style=\"font-size:80%;margin-top:1.333em;\">\n<details style=\"text-align:left;\">\n<summary>Kopiera tabellen (f\u00f6r eget CMS, Datawrapper, Infogram, etc.)<\/summary>\n<div class=\"DetailsEdSlim\" style=\"margin-top:1em;\">\n<p>Os\u00e4ker p\u00e5 hur du kopierar en tabell? L\u00e4s mer p\u00e5 <a href=\"https:\/\/www.newsworthy.se\/kopiera-tabeller-och-grafer\">www.newsworthy.se\/kopiera-tabeller-och-grafer<\/a>.<\/p>\n<p>I vissa CMS finns ett tabellverktyg d\u00e4r du kan klistra in tabelldata direkt i tabellredigeringsverktyget (ofta som csv eller tsv).<br \/>I andra CMS m\u00e5ste du v\u00e4xla till \u201dk\u00e4llredigering\u201d, \u201dkodl\u00e4ge\u201d eller liknande, och klistra in tabellen som html.<\/p>\n<\/div>\n<\/details>\n<\/div>\n<\/div>\n<\/figure>\n<figure class=\"has-table-wrapper\"><figcaption>S\u00e5 l\u00e4nge talade ministrarna 2022\u20132026<\/figcaption><div class=\"table-wrapper\" style=\"overflow-x:auto; \">\n<table class=\"table responsive\">\n<thead>\n<tr>\n<th scope=\"col\">Minister<\/th>\n<th scope=\"col\">Talartid<\/th>\n<\/tr>\n<\/thead>\n<tbody>\n<tr>\n<th scope=\"row\">Gunnar Str\u00f6mmer (M)<\/th>\n<td class=\"value\" data-title=\"Talartid\" data-value=\"164225\">45\u00a0tim 37\u00a0min 5\u00a0sek<\/td>\n<\/tr>\n<tr>\n<th scope=\"row\">Andreas Carlson (KD)<\/th>\n<td class=\"value\" data-title=\"Talartid\" data-value=\"150702\">41\u00a0tim 51\u00a0min 42\u00a0sek<\/td>\n<\/tr>\n<tr>\n<th scope=\"row\">Elisabeth Svantesson (M)<\/th>\n<td class=\"value\" data-title=\"Talartid\" data-value=\"115415\">32\u00a0tim 3\u00a0min 35\u00a0sek<\/td>\n<\/tr>\n<tr>\n<th scope=\"row\">Anna Tenje (M)<\/th>\n<td class=\"value\" data-title=\"Talartid\" data-value=\"106673\">29\u00a0tim 37\u00a0min 53\u00a0sek<\/td>\n<\/tr>\n<tr>\n<th scope=\"row\">Romina Pourmokhtari (L)<\/th>\n<td class=\"value\" data-title=\"Talartid\" data-value=\"100899\">28\u00a0tim 1\u00a0min 39\u00a0sek<\/td>\n<\/tr>\n<tr>\n<th scope=\"row\">Ebba Busch (KD)<\/th>\n<td class=\"value\" data-title=\"Talartid\" data-value=\"95062\">26\u00a0tim 24\u00a0min 22\u00a0sek<\/td>\n<\/tr>\n<tr>\n<th scope=\"row\">Ulf Kristersson (M)<\/th>\n<td class=\"value\" data-title=\"Talartid\" data-value=\"92124\">25\u00a0tim 35\u00a0min 24\u00a0sek<\/td>\n<\/tr>\n<tr>\n<th scope=\"row\">Erik Slottner (KD)<\/th>\n<td class=\"value\" data-title=\"Talartid\" data-value=\"84261\">23\u00a0tim 24\u00a0min 21\u00a0sek<\/td>\n<\/tr>\n<tr>\n<th scope=\"row\">Maria Malmer Stenergard (M)<\/th>\n<td class=\"value\" data-title=\"Talartid\" data-value=\"78468\">21\u00a0tim 47\u00a0min 48\u00a0sek<\/td>\n<\/tr>\n<tr>\n<th scope=\"row\">Peter Kullgren (KD)<\/th>\n<td class=\"value\" data-title=\"Talartid\" data-value=\"76906\">21\u00a0tim 21\u00a0min 46\u00a0sek<\/td>\n<\/tr>\n<tr>\n<th scope=\"row\">Johan Pehrson (L)<\/th>\n<td class=\"value\" data-title=\"Talartid\" data-value=\"71854\">19\u00a0tim 57\u00a0min 34\u00a0sek<\/td>\n<\/tr>\n<tr>\n<th scope=\"row\">Lotta Edholm (L)<\/th>\n<td class=\"value\" data-title=\"Talartid\" data-value=\"66166\">18\u00a0tim 22\u00a0min 46\u00a0sek<\/td>\n<\/tr>\n<tr>\n<th scope=\"row\">Acko Ankarberg Johansson (KD)<\/th>\n<td class=\"value\" data-title=\"Talartid\" data-value=\"58160\">16\u00a0tim 9\u00a0min 20\u00a0sek<\/td>\n<\/tr>\n<tr>\n<th scope=\"row\">Paulina Brandberg (L)<\/th>\n<td class=\"value\" data-title=\"Talartid\" data-value=\"57547\">15\u00a0tim 59\u00a0min 7\u00a0sek<\/td>\n<\/tr>\n<tr>\n<th scope=\"row\">Camilla Waltersson Gr\u00f6nvall (M)<\/th>\n<td class=\"value\" data-title=\"Talartid\" data-value=\"57313\">15\u00a0tim 55\u00a0min 13\u00a0sek<\/td>\n<\/tr>\n<tr>\n<th scope=\"row\">Jakob Forssmed (KD)<\/th>\n<td class=\"value\" data-title=\"Talartid\" data-value=\"56958\">15\u00a0tim 49\u00a0min 18\u00a0sek<\/td>\n<\/tr>\n<tr>\n<th scope=\"row\">Johan Forssell (M)<\/th>\n<td class=\"value\" data-title=\"Talartid\" data-value=\"48021\">13\u00a0tim 20\u00a0min 21\u00a0sek<\/td>\n<\/tr>\n<tr>\n<th scope=\"row\">P\u00e5l Jonson (M)<\/th>\n<td class=\"value\" data-title=\"Talartid\" data-value=\"46562\">12\u00a0tim 56\u00a0min 2\u00a0sek<\/td>\n<\/tr>\n<tr>\n<th scope=\"row\">Mats Persson (L)<\/th>\n<td class=\"value\" data-title=\"Talartid\" data-value=\"42923\">11\u00a0tim 55\u00a0min 23\u00a0sek<\/td>\n<\/tr>\n<tr>\n<th scope=\"row\">Tobias Billstr\u00f6m (M)<\/th>\n<td class=\"value\" data-title=\"Talartid\" data-value=\"40273\">11\u00a0tim 11\u00a0min 13\u00a0sek<\/td>\n<\/tr>\n<tr>\n<th scope=\"row\">Benjamin Dousa (M)<\/th>\n<td class=\"value\" data-title=\"Talartid\" data-value=\"40029\">11\u00a0tim 7\u00a0min 9\u00a0sek<\/td>\n<\/tr>\n<tr>\n<th scope=\"row\">Niklas Wykman (M)<\/th>\n<td class=\"value\" data-title=\"Talartid\" data-value=\"39832\">11\u00a0tim 3\u00a0min 52\u00a0sek<\/td>\n<\/tr>\n<tr>\n<th scope=\"row\">Parisa Liljestrand (M)<\/th>\n<td class=\"value\" data-title=\"Talartid\" data-value=\"34657\">9\u00a0tim 37\u00a0min 37\u00a0sek<\/td>\n<\/tr>\n<tr>\n<th scope=\"row\">Johan Britz (L)<\/th>\n<td class=\"value\" data-title=\"Talartid\" data-value=\"32587\">9\u00a0tim 3\u00a0min 7\u00a0sek<\/td>\n<\/tr>\n<tr>\n<th scope=\"row\">Carl-Oskar Bohlin (M)<\/th>\n<td class=\"value\" data-title=\"Talartid\" data-value=\"28526\">7\u00a0tim 55\u00a0min 26\u00a0sek<\/td>\n<\/tr>\n<tr>\n<th scope=\"row\">Jessica Rosencrantz (M)<\/th>\n<td class=\"value\" data-title=\"Talartid\" data-value=\"22364\">6\u00a0tim 12\u00a0min 44\u00a0sek<\/td>\n<\/tr>\n<tr>\n<th scope=\"row\">Nina Larsson (L)<\/th>\n<td class=\"value\" data-title=\"Talartid\" data-value=\"20765\">5\u00a0tim 46\u00a0min 5\u00a0sek<\/td>\n<\/tr>\n<tr>\n<th scope=\"row\">Elisabet Lann (KD)<\/th>\n<td class=\"value\" data-title=\"Talartid\" data-value=\"19145\">5\u00a0tim 19\u00a0min 5\u00a0sek<\/td>\n<\/tr>\n<tr>\n<th scope=\"row\">Jessika Roswall (M)<\/th>\n<td class=\"value\" data-title=\"Talartid\" data-value=\"16008\">4\u00a0tim 26\u00a0min 48\u00a0sek<\/td>\n<\/tr>\n<tr>\n<th scope=\"row\">Simona Mohamsson (L)<\/th>\n<td class=\"value\" data-title=\"Talartid\" data-value=\"15729\">4\u00a0tim 22\u00a0min 9\u00a0sek<\/td>\n<\/tr>\n<\/tbody>\n<\/table>\n<\/div>\n<div aria-hidden=\"true\" class=\"fignote\" style=\"font-size:80%;padding-top:1em;\">K\u00e4lla: Riksdagens \u00f6ppna data. H\u00e4r \u00e4r partiledardebatterna bortr\u00e4knade.<\/p>\n<div class=\"chart-download\" style=\"font-size:80%;margin-top:1.333em;\">\n<details style=\"text-align:left;\">\n<summary>Kopiera tabellen (f\u00f6r eget CMS, Datawrapper, Infogram, etc.)<\/summary>\n<div class=\"DetailsEdSlim\" style=\"margin-top:1em;\">\n<p>Os\u00e4ker p\u00e5 hur du kopierar en tabell? L\u00e4s mer p\u00e5 <a href=\"https:\/\/www.newsworthy.se\/kopiera-tabeller-och-grafer\">www.newsworthy.se\/kopiera-tabeller-och-grafer<\/a>.<\/p>\n<p>I vissa CMS finns ett tabellverktyg d\u00e4r du kan klistra in tabelldata direkt i tabellredigeringsverktyget (ofta som csv eller tsv).<br \/>I andra CMS m\u00e5ste du v\u00e4xla till \u201dk\u00e4llredigering\u201d, \u201dkodl\u00e4ge\u201d eller liknande, och klistra in tabellen som html.<\/p>\n<\/div>\n<\/details>\n<\/div>\n<\/div>\n<\/figure>\n<aside class=\"Details\">\n<div class=\"Typography--article\">\n<h2 class=\"Typography--h3\">K\u00e4lla och metod<\/h2>\n<p>All data kommer fr\u00e5n <a href=\"https:\/\/www.riksdagen.se\/sv\/dokument-och-lagar\/riksdagens-oppna-data\/\" target=\"_blank\">Riksdagens \u00f6ppna data<\/a>. G\u00e4ller till och med den 13 augusti 2026. <\/p>\n<\/div>\n<\/aside>\n<h2>De har suttit i riksdagen f\u00f6r V\u00e4sterbottens l\u00e4ns valkrets 2022\u20132026<\/h2>\n<aside class=\"Details\">\n<div class=\"Typography--article\">\n<h2 class=\"Typography--h3\">Hel\u00e9n Pettersson<\/h2>\n<p> Riksdagsledamot <em>(september 2022\u2013september 2026)<\/em><\/p>\n<p>Parti: Socialdemokraterna <\/p>\n<p>Talartid: 12\u00a0min 34\u00a0sek<\/p>\n<p>Undertecknade motioner: 101<\/p>\n<p>Interpellationer: \u2013<\/p>\n<p>Skriftliga fr\u00e5gor: 1<\/p>\n<p>Fr\u00e5nvaro vid voteringar: 13 %<\/p>\n<p>Utskott: <\/p>\n<p>F\u00f6rsvarsutskottet, ledamot oktober 2022\u2013september 2026<\/p>\n<p>Arbetsmarknadsutskottet, suppleant oktober 2022\u2013september 2026<\/p>\n<p>Utrikesutskottet, suppleant november 2024\u2013september 2026<\/p>\n<p>F\u00f6rsvarsutskottet, ordf\u00f6rande oktober 2022<\/p>\n<p>F\u00f6rsvarsutskottet, ledamot oktober 2022<\/p>\n<p>Utrikes- och f\u00f6rsvarsutskottet, deputerad mars 2025<\/p>\n<p>Utrikes- och f\u00f6rsvarsutskottet, deputerad november 2024<\/p>\n<p>Utrikes- och f\u00f6rsvarsutskottet, deputerad maj 2024<\/p>\n<\/div>\n<\/aside>\n<aside class=\"Details\">\n<div class=\"Typography--article\">\n<h2 class=\"Typography--h3\">Isak From<\/h2>\n<p> Riksdagsledamot <em>(september 2022\u2013september 2026)<\/em><\/p>\n<p>Parti: Socialdemokraterna <\/p>\n<p>Talartid: 18\u00a0tim 19\u00a0min 2\u00a0sek<\/p>\n<p>Undertecknade motioner: 124<\/p>\n<p>Interpellationer: 65<\/p>\n<p>Skriftliga fr\u00e5gor: 43<\/p>\n<p>Fr\u00e5nvaro vid voteringar: 12 %<\/p>\n<p>Utskott: <\/p>\n<p>N\u00e4ringsutskottet, ledamot oktober 2022\u2013september 2026<\/p>\n<p>Milj\u00f6- och jordbruksutskottet, suppleant oktober 2022\u2013september 2026<\/p>\n<\/div>\n<\/aside>\n<aside class=\"Details\">\n<div class=\"Typography--article\">\n<h2 class=\"Typography--h3\">Helena Lindahl<\/h2>\n<p> Riksdagsledamot <em>(september 2022\u2013september 2026)<\/em><\/p>\n<p>Parti: Centerpartiet <\/p>\n<p>Talartid: 5\u00a0tim 18\u00a0min 50\u00a0sek<\/p>\n<p>Undertecknade motioner: 195<\/p>\n<p>Interpellationer: 1<\/p>\n<p>Skriftliga fr\u00e5gor: 12<\/p>\n<p>Fr\u00e5nvaro vid voteringar: 9 %<\/p>\n<p>Utskott: <\/p>\n<p>Milj\u00f6- och jordbruksutskottet, suppleant september 2024\u2013september 2026<\/p>\n<p>Skatteutskottet, ledamot oktober 2022\u2013september 2024<\/p>\n<\/div>\n<\/aside>\n<aside class=\"Details\">\n<div class=\"Typography--article\">\n<h2 class=\"Typography--h3\">Edward Riedl<\/h2>\n<p> Riksdagsledamot <em>(september 2022\u2013september 2026)<\/em><\/p>\n<p>Parti: Moderaterna <\/p>\n<p>Talartid: 7\u00a0tim 52\u00a0min 38\u00a0sek<\/p>\n<p>Undertecknade motioner: 4<\/p>\n<p>Interpellationer: \u2013<\/p>\n<p>Skriftliga fr\u00e5gor: \u2013<\/p>\n<p>Fr\u00e5nvaro vid voteringar: 14 %<\/p>\n<p>Utskott: <\/p>\n<p>Finansutskottet, ordf\u00f6rande oktober 2022\u2013september 2026<\/p>\n<p>Skatteutskottet, suppleant oktober 2022<\/p>\n<p>Finansutskottet, ordf\u00f6rande oktober 2022<\/p>\n<p>Finansutskottet, ledamot oktober 2022<\/p>\n<\/div>\n<\/aside>\n<aside class=\"Details\">\n<div class=\"Typography--article\">\n<h2 class=\"Typography--h3\">Bj\u00f6rn Wiechel<\/h2>\n<p> Tj\u00e4nstg\u00f6rande riksdagsledamot <em>(ledig april 2023\u2013september 2023          )<\/em><\/p>\n<p>Parti: Socialdemokraterna <\/p>\n<p>Talartid: 2\u00a0tim 36\u00a0min 38\u00a0sek<\/p>\n<p>Undertecknade motioner: 52<\/p>\n<p>Interpellationer: 3<\/p>\n<p>Skriftliga fr\u00e5gor: 4<\/p>\n<p>Fr\u00e5nvaro vid voteringar: 17 %<\/p>\n<p>Utskott: <\/p>\n<p>Kulturutskottet, ledamot oktober 2025\u2013september 2026<\/p>\n<p>Finansutskottet, ledamot oktober 2022\u2013oktober 2025<\/p>\n<p>Konstitutionsutskottet, suppleant oktober 2022\u2013oktober 2025<\/p>\n<p>EU-n\u00e4mnden, ledamot oktober 2022\u2013september 2024<\/p>\n<p>EU-n\u00e4mnden, vice ordf\u00f6rande oktober 2022<\/p>\n<p>EU-n\u00e4mnden, ledamot oktober 2022<\/p>\n<\/div>\n<\/aside>\n<aside class=\"Details\">\n<div class=\"Typography--article\">\n<h2 class=\"Typography--h3\">\u00c5sa Karlsson<\/h2>\n<p> Tj\u00e4nstg\u00f6rande riksdagsledamot <em>(ledig januari 2025\u2013april 2025          )<\/em><\/p>\n<p>Parti: Socialdemokraterna <\/p>\n<p>Talartid: 1\u00a0tim 51\u00a0min 1\u00a0sek<\/p>\n<p>Undertecknade motioner: 93<\/p>\n<p>Interpellationer: 10<\/p>\n<p>Skriftliga fr\u00e5gor: 8<\/p>\n<p>Fr\u00e5nvaro vid voteringar: 8 %<\/p>\n<p>Utskott: <\/p>\n<p>Trafikutskottet, ledamot oktober 2022\u2013september 2026<\/p>\n<\/div>\n<\/aside>\n<aside class=\"Details\">\n<div class=\"Typography--article\">\n<h2 class=\"Typography--h3\">Fredrik Stenberg<\/h2>\n<p> Tillg\u00e4nglig ers\u00e4ttare <em>(tj\u00e4nstg\u00f6rande april 2023\u2013september 2023, januari 2025\u2013april 2025)<\/em><\/p>\n<p>Parti: Socialdemokraterna <\/p>\n<p>Talartid: 9\u00a0min 36\u00a0sek<\/p>\n<p>Undertecknade motioner: \u2013<\/p>\n<p>Interpellationer: \u2013<\/p>\n<p>Skriftliga fr\u00e5gor: 3<\/p>\n<p>Fr\u00e5nvaro vid voteringar: \u2013<\/p>\n<p>Utskott: <\/p>\n<p>Trafikutskottet, extra suppleant januari 2025<\/p>\n<p>Finansutskottet, extra suppleant april 2023<\/p>\n<p>Konstitutionsutskottet, extra suppleant april 2023<\/p>\n<p>EU-n\u00e4mnden, extra suppleant april 2023<\/p>\n<\/div>\n<\/aside>\n<aside class=\"Details\">\n<div class=\"Typography--article\">\n<h2 class=\"Typography--h3\">Caroline T\u00e4ljeblad<\/h2>\n<p> Tillg\u00e4nglig ers\u00e4ttare <em>(tj\u00e4nstg\u00f6rande november 2025\u2013december 2025)<\/em><\/p>\n<p>Parti: V\u00e4nsterpartiet <\/p>\n<p>Talartid: 1\u00a0min 2\u00a0sek<\/p>\n<p>Undertecknade motioner: 1<\/p>\n<p>Interpellationer: \u2013<\/p>\n<p>Skriftliga fr\u00e5gor: \u2013<\/p>\n<p>Fr\u00e5nvaro vid voteringar: 34 %<\/p>\n<p>Utskott: <\/p>\n<p>Justitieutskottet, extra suppleant december 2025<\/p>\n<\/div>\n<\/aside>\n<aside class=\"Details\">\n<div class=\"Typography--article\">\n<h2 class=\"Typography--h3\">Gudrun Nordborg<\/h2>\n<p> Tj\u00e4nstg\u00f6rande riksdagsledamot <em>(ledig november 2025\u2013december 2025          )<\/em><\/p>\n<p>Parti: V\u00e4nsterpartiet <\/p>\n<p>Talartid: 16\u00a0tim 6\u00a0min 42\u00a0sek<\/p>\n<p>Undertecknade motioner: 142<\/p>\n<p>Interpellationer: 1<\/p>\n<p>Skriftliga fr\u00e5gor: 1<\/p>\n<p>Fr\u00e5nvaro vid voteringar: 21 %<\/p>\n<p>Utskott: <\/p>\n<p>Justitieutskottet, ledamot oktober 2022\u2013september 2026<\/p>\n<p>Socialutskottet, suppleant februari 2023<\/p>\n<\/div>\n<\/aside>\n<aside class=\"Details\">\n<div class=\"Typography--article\">\n<h2 class=\"Typography--h3\">Pontus Andersson Garpvall<\/h2>\n<p> Riksdagsledamot <em>(september 2022\u2013september 2026)<\/em><\/p>\n<p>Parti: Sverigedemokraterna <\/p>\n<p>Talartid: 7\u00a0tim 22\u00a0sek<\/p>\n<p>Undertecknade motioner: 36<\/p>\n<p>Interpellationer: 15<\/p>\n<p>Skriftliga fr\u00e5gor: 29<\/p>\n<p>Fr\u00e5nvaro vid voteringar: 4 %<\/p>\n<p>Utskott: <\/p>\n<p>Justitieutskottet, ledamot februari 2025\u2013september 2026<\/p>\n<p>Justitieutskottet, ledamot oktober 2022\u2013februari 2025<\/p>\n<\/div>\n<\/aside>\n<aside class=\"Details\">\n<div class=\"Typography--article\">\n<h2 class=\"Typography--h3\">Elin S\u00f6derberg<\/h2>\n<p> Riksdagsledamot <em>(september 2022\u2013december 2024)<\/em><\/p>\n<p>Parti: Milj\u00f6partiet <\/p>\n<p>Talartid: 11\u00a0tim 23\u00a0min 14\u00a0sek<\/p>\n<p>Undertecknade motioner: 153<\/p>\n<p>Interpellationer: 19<\/p>\n<p>Skriftliga fr\u00e5gor: 13<\/p>\n<p>Fr\u00e5nvaro vid voteringar: 18 %<\/p>\n<p>Utskott: <\/p>\n<p>N\u00e4ringsutskottet, ledamot oktober 2022\u2013december 2024<\/p>\n<p>Milj\u00f6- och jordbruksutskottet, suppleant oktober 2022\u2013december 2024<\/p>\n<p>Skatteutskottet, suppleant oktober 2022\u2013december 2024<\/p>\n<p>Trafikutskottet, suppleant januari 2024<\/p>\n<p>Finansutskottet, suppleant oktober 2022\u2013januari 2024<\/p>\n<p>EU-n\u00e4mnden, suppleant oktober 2022\u2013december 2024<\/p>\n<\/div>\n<\/aside>\n<aside class=\"Details\">\n<div class=\"Typography--article\">\n<h2 class=\"Typography--h3\">Nils Seye Larsen<\/h2>\n<p> Riksdagsledamot <em>(december 2024\u2013september 2026)<\/em><\/p>\n<p>Parti: Milj\u00f6partiet <\/p>\n<p>Talartid: 7\u00a0tim 27\u00a0min 47\u00a0sek<\/p>\n<p>Undertecknade motioner: 165<\/p>\n<p>Interpellationer: 3<\/p>\n<p>Skriftliga fr\u00e5gor: 5<\/p>\n<p>Fr\u00e5nvaro vid voteringar: 11 %<\/p>\n<p>Utskott: <\/p>\n<p>Socialutskottet, ledamot februari 2025\u2013september 2026<\/p>\n<p>Justitieutskottet, suppleant februari 2025\u2013september 2026<\/p>\n<p>N\u00e4ringsutskottet, ledamot december 2024\u2013februari 2025<\/p>\n<\/div>\n<\/aside>\n<\/div>\n<p>&#8212;&#8212;&#8212;&#8212;&#8212;&#8212;&#8212;&#8212;&#8212;&#8212;&#8212;&#8212;&#8212;&#8212;&#8212;&#8212;&#8212;&#8212;&#8212;&#8211;<br \/>\n<a href=\"https:\/\/www.newsworthy.se\/artikel\/445661?utm_campaign=rss&#038;utm_source=ume%C3%A5-kommun\" target=\"_blank\">Klicka h\u00e4r &#8211; l\u00e4nk till originalinl\u00e4gget<\/a><br \/>\n<br \/>\nK\u00e4lla: Newsworthy (Ume\u00e5)<br \/>\n&#8212;&#8212;&#8212;&#8212;&#8212;&#8212;&#8212;&#8212;&#8212;&#8212;&#8212;&#8212;&#8212;&#8212;&#8212;&#8212;&#8212;&#8212;&#8212;&#8211;<\/p>\n","protected":false},"excerpt":{"rendered":"<p>En mandatperiod \u00e4r till \u00e4nda \u2013 och ledam\u00f6terna fr\u00e5n V\u00e4sterbottens l\u00e4ns valkrets \u00e4r de som talat mest i riksdagen. \u2713 Han har h\u00f6rts mest i talarstolen.\u2713 Hon har undertecknat flest motioner. \u2713 Han har varit mest fr\u00e5gvis. De h\u00f6rs ofta, riksdagsledam\u00f6terna fr\u00e5n V\u00e4sterbottens l\u00e4ns valkrets. Totalt 78\u00a0timmar och 19\u00a0minuter har de st\u00e5tt i kammarens talarstol [&hellip;]<\/p>\n","protected":false},"author":58,"featured_media":4882,"comment_status":"closed","ping_status":"closed","sticky":false,"template":"","format":"standard","meta":{"_acf_changed":false,"footnotes":"","_links_to":"","_links_to_target":""},"categories":[12],"tags":[],"class_list":["post-4881","post","type-post","status-publish","format-standard","has-post-thumbnail","category-allmant"],"featured_image_src":"https:\/\/gratistidning.com\/umea\/wp-content\/uploads\/sites\/22\/2026\/09\/pressbilder-kammaren-under-votering-2023.jpg_1200x630-1024x538.jpg","blog_images":{"medium":"https:\/\/gratistidning.com\/umea\/wp-content\/uploads\/sites\/22\/2026\/09\/pressbilder-kammaren-under-votering-2023.jpg_1200x630-300x158.jpg","large":"https:\/\/gratistidning.com\/umea\/wp-content\/uploads\/sites\/22\/2026\/09\/pressbilder-kammaren-under-votering-2023.jpg_1200x630-1024x538.jpg"},"acf":[],"ams_acf":[],"publishpress_future_action":{"enabled":false,"date":"2026-09-08 14:19:21","action":"change-status","newStatus":"draft","terms":[],"taxonomy":"category","extraData":[]},"publishpress_future_workflow_manual_trigger":{"enabledWorkflows":[]},"_links":{"self":[{"href":"https:\/\/gratistidning.com\/umea\/wp-json\/wp\/v2\/posts\/4881","targetHints":{"allow":["GET"]}}],"collection":[{"href":"https:\/\/gratistidning.com\/umea\/wp-json\/wp\/v2\/posts"}],"about":[{"href":"https:\/\/gratistidning.com\/umea\/wp-json\/wp\/v2\/types\/post"}],"author":[{"embeddable":true,"href":"https:\/\/gratistidning.com\/umea\/wp-json\/wp\/v2\/users\/58"}],"replies":[{"embeddable":true,"href":"https:\/\/gratistidning.com\/umea\/wp-json\/wp\/v2\/comments?post=4881"}],"version-history":[{"count":0,"href":"https:\/\/gratistidning.com\/umea\/wp-json\/wp\/v2\/posts\/4881\/revisions"}],"wp:featuredmedia":[{"embeddable":true,"href":"https:\/\/gratistidning.com\/umea\/wp-json\/wp\/v2\/media\/4882"}],"wp:attachment":[{"href":"https:\/\/gratistidning.com\/umea\/wp-json\/wp\/v2\/media?parent=4881"}],"wp:term":[{"taxonomy":"category","embeddable":true,"href":"https:\/\/gratistidning.com\/umea\/wp-json\/wp\/v2\/categories?post=4881"},{"taxonomy":"post_tag","embeddable":true,"href":"https:\/\/gratistidning.com\/umea\/wp-json\/wp\/v2\/tags?post=4881"}],"curies":[{"name":"wp","href":"https:\/\/api.w.org\/{rel}","templated":true}]}}