{"id":805,"date":"2024-01-24T15:32:04","date_gmt":"2024-01-24T14:32:04","guid":{"rendered":"https:\/\/gratistidning.com.hemsida.eu\/umea\/blog\/2024\/01\/24\/individ-och-familjenamnden-forlanger-avtalet-med-hjalteforeningen\/"},"modified":"2024-01-24T15:32:04","modified_gmt":"2024-01-24T14:32:04","slug":"individ-och-familjenamnden-forlanger-avtalet-med-hjalteforeningen","status":"publish","type":"post","link":"https:\/\/gratistidning.com\/umea\/blog\/2024\/01\/24\/individ-och-familjenamnden-forlanger-avtalet-med-hjalteforeningen\/","title":{"rendered":"Individ- och familjen\u00e4mnden f\u00f6rl\u00e4nger avtalet med Hj\u00e4ltef\u00f6reningen"},"content":{"rendered":"<div>\n<p><strong>Individ- och familjen\u00e4mnden beslutade att f\u00f6rl\u00e4nga samverkansavtalet med Hj\u00e4ltef\u00f6reningen ytterligare tv\u00e5 \u00e5r till och med 31 december 2025. Under avtalsperioden kommer samverkan att ut\u00f6kas fr\u00e5n tv\u00e5 till fyra tr\u00e4ffar per \u00e5r.<\/strong><\/p>\n<p>Hj\u00e4ltef\u00f6reningens verksamhet handlar framf\u00f6r allt om att bedriva och sprida Hj\u00e4ltetr\u00e4ningen, vilket \u00e4r tr\u00e4ning med och f\u00f6r personer med funktionsvariation. Hj\u00e4ltef\u00f6reningen har i dagsl\u00e4get drygt 200 medlemmar.  <\/p>\n<p>&#8211; Otroligt roligt att vi kan f\u00f6rnya och utveckla samarbetet med Hj\u00e4ltef\u00f6reningen. Det h\u00e4r \u00e4r ett unikt samarbete som bidrar inte bara till att f\u00f6rb\u00e4ttra h\u00e4lsan f\u00f6r personer med en funktionsneds\u00e4ttning, utan \u00e4ven till att utmana normer och f\u00f6r\u00e4ndra samh\u00e4llets syn p\u00e5 vad som \u00e4r m\u00f6jligt, s\u00e4ger Andreas Lundgren (S), ordf\u00f6rande i individ- och familjen\u00e4mnden.<\/p>\n<p>&#8211; Det k\u00e4nns sj\u00e4lvklart att n\u00e4mnden ska f\u00f6rl\u00e4nga samverkansavtalet med Hj\u00e4ltef\u00f6reningen. F\u00f6reningen har verkligen bidragit till social integration och skapat m\u00f6jligheter f\u00f6r gemenskap och deltagande, inte bara i Ume\u00e5 kommun utan \u00e4ven p\u00e5 andra platser i landet, s\u00e4ger Hanna Lundin Jernberg (L), vice ordf\u00f6rande individ- och familjen\u00e4mnden.<\/p>\n<p>P\u00e5 den uppf\u00f6ljningstr\u00e4ff som \u00e4gt rum mellan funktionshinderomsorgen och Hj\u00e4ltef\u00f6reningen inf\u00f6r avtalsf\u00f6rnyelsen lyftes behovet av ut\u00f6kad samverkan, detta f\u00f6r att f\u00e5 mer utrymme till n\u00f6dv\u00e4ndig dialog. Det nya avtalet inneb\u00e4r fyra samverkanstr\u00e4ffar per \u00e5r i styrgruppsform i st\u00e4llet f\u00f6r tv\u00e5. Parterna kom \u00e4ven \u00f6verens om att ta fram information till personal och till den enskilde kring vad som g\u00e4ller p\u00e5 Hj\u00e4ltetr\u00e4ningen, s\u00e5 att det blir tryggt och tydligt f\u00f6r alla. F\u00f6r ett mer fokuserat arbete kring h\u00e4lsofr\u00e4mjande insatser anst\u00e4llde funktionshinderomsorgen 2022 en h\u00e4lsocoach p\u00e5 50 % och under 2023 \u00f6kade tj\u00e4nstg\u00f6ringsgraden till 100 %. F\u00f6rhoppningen \u00e4r att fortsatt kunna hitta finansiering f\u00f6r uppdraget \u00e4ven under kommande avtalsperiod.<\/p>\n<p><strong>Mer information:<\/strong><\/p>\n<p>Andreas Lundgren (S)<br \/>ordf\u00f6rande<br \/>individ- och familjen\u00e4mnden<br \/>Ume\u00e5 kommun<br \/>070-533 58 24<br \/><a href=\"https:\/\/www.mynewsdesk.com\/se\/umea\/pressreleases\/mailto:andreas.lundgren@umea.se\" target=\"_blank\" rel=\"nofollow noopener\">andreas.lundgren@umea.se<\/a><\/p>\n<p>Hanna Lundin Jernberg (L) <br \/>vice ordf\u00f6rande <br \/>individ- och familjen\u00e4mnden <br \/>Ume\u00e5 kommun <br \/>070-812 90 69 <br \/><a href=\"https:\/\/www.mynewsdesk.com\/se\/umea\/pressreleases\/mailto:hanna.lundinjernberg@umea.se\" target=\"_blank\" rel=\"nofollow noopener\">hanna.lundinjernberg@umea.se<\/a><\/p>\n<\/div>\n<p>&#8212;&#8212;&#8212;&#8212;&#8212;&#8212;&#8212;&#8212;&#8212;&#8212;&#8212;&#8212;&#8212;&#8212;&#8212;&#8212;&#8212;&#8212;&#8212;&#8211;<br \/>\n<a href=\"https:\/\/www.mynewsdesk.com\/se\/umea\/pressreleases\/individ-och-familjenaemnden-foerlaenger-avtalet-med-hjaeltefoereningen-3299209?utm_source=rss&#038;utm_medium=rss&#038;utm_campaign=Subscription&#038;utm_content=current_news\" target=\"_blank\" rel=\"noopener\">Klicka h\u00e4r &#8211; l\u00e4nk till originalinl\u00e4gget<\/a><br \/>\n<br \/>\nK\u00e4lla: Ume\u00e5 kommun<br \/>\n&#8212;&#8212;&#8212;&#8212;&#8212;&#8212;&#8212;&#8212;&#8212;&#8212;&#8212;&#8212;&#8212;&#8212;&#8212;&#8212;&#8212;&#8212;&#8212;&#8211;<\/p>\n","protected":false},"excerpt":{"rendered":"<p>Individ- och familjen\u00e4mnden beslutade att f\u00f6rl\u00e4nga samverkansavtalet med Hj\u00e4ltef\u00f6reningen ytterligare tv\u00e5 \u00e5r till och med 31 december 2025. Under avtalsperioden kommer samverkan att ut\u00f6kas fr\u00e5n tv\u00e5 till fyra tr\u00e4ffar per \u00e5r. Hj\u00e4ltef\u00f6reningens verksamhet handlar framf\u00f6r allt om att bedriva och sprida Hj\u00e4ltetr\u00e4ningen, vilket \u00e4r tr\u00e4ning med och f\u00f6r personer med funktionsvariation. Hj\u00e4ltef\u00f6reningen har i dagsl\u00e4get [&hellip;]<\/p>\n","protected":false},"author":59,"featured_media":703,"comment_status":"closed","ping_status":"closed","sticky":false,"template":"","format":"standard","meta":{"_acf_changed":false,"footnotes":"","_links_to":"","_links_to_target":""},"categories":[52,51],"tags":[],"class_list":{"0":"post-805","1":"post","2":"type-post","3":"status-publish","4":"format-standard","5":"has-post-thumbnail","7":"category-umea-kommun","8":"category-kommunen"},"featured_image_src":"https:\/\/gratistidning.com\/umea\/wp-content\/uploads\/sites\/22\/2023\/10\/xnavad3tfyon9vvuokyd.png","blog_images":{"medium":"https:\/\/gratistidning.com\/umea\/wp-content\/uploads\/sites\/22\/2023\/10\/xnavad3tfyon9vvuokyd-300x124.png","large":"https:\/\/gratistidning.com\/umea\/wp-content\/uploads\/sites\/22\/2023\/10\/xnavad3tfyon9vvuokyd.png"},"acf":[],"ams_acf":[],"publishpress_future_action":{"enabled":false,"date":"2026-05-04 19:49:43","action":"change-status","newStatus":"draft","terms":[],"taxonomy":"category","extraData":[]},"publishpress_future_workflow_manual_trigger":{"enabledWorkflows":[]},"_links":{"self":[{"href":"https:\/\/gratistidning.com\/umea\/wp-json\/wp\/v2\/posts\/805","targetHints":{"allow":["GET"]}}],"collection":[{"href":"https:\/\/gratistidning.com\/umea\/wp-json\/wp\/v2\/posts"}],"about":[{"href":"https:\/\/gratistidning.com\/umea\/wp-json\/wp\/v2\/types\/post"}],"author":[{"embeddable":true,"href":"https:\/\/gratistidning.com\/umea\/wp-json\/wp\/v2\/users\/59"}],"replies":[{"embeddable":true,"href":"https:\/\/gratistidning.com\/umea\/wp-json\/wp\/v2\/comments?post=805"}],"version-history":[{"count":0,"href":"https:\/\/gratistidning.com\/umea\/wp-json\/wp\/v2\/posts\/805\/revisions"}],"wp:featuredmedia":[{"embeddable":true,"href":"https:\/\/gratistidning.com\/umea\/wp-json\/wp\/v2\/media\/703"}],"wp:attachment":[{"href":"https:\/\/gratistidning.com\/umea\/wp-json\/wp\/v2\/media?parent=805"}],"wp:term":[{"taxonomy":"category","embeddable":true,"href":"https:\/\/gratistidning.com\/umea\/wp-json\/wp\/v2\/categories?post=805"},{"taxonomy":"post_tag","embeddable":true,"href":"https:\/\/gratistidning.com\/umea\/wp-json\/wp\/v2\/tags?post=805"}],"curies":[{"name":"wp","href":"https:\/\/api.w.org\/{rel}","templated":true}]}}