{"id":809,"date":"2024-01-24T16:52:39","date_gmt":"2024-01-24T15:52:39","guid":{"rendered":"https:\/\/gratistidning.com.hemsida.eu\/umea\/blog\/2024\/01\/24\/nya-stadsdelsgranser-for-ett-vaxande-klockarbacken\/"},"modified":"2024-01-24T16:52:39","modified_gmt":"2024-01-24T15:52:39","slug":"nya-stadsdelsgranser-for-ett-vaxande-klockarbacken","status":"publish","type":"post","link":"https:\/\/gratistidning.com\/umea\/blog\/2024\/01\/24\/nya-stadsdelsgranser-for-ett-vaxande-klockarbacken\/","title":{"rendered":"Nya stadsdelsgr\u00e4nser f\u00f6r ett v\u00e4xande Klockarb\u00e4cken"},"content":{"rendered":"<div>\n<p>P\u00e5 Klockarb\u00e4cken p\u00e5g\u00e5r infrastruktur\u00adsatsningar och planering f\u00f6r fler industrier och verksamheter. N\u00e4r omr\u00e5det v\u00e4xer g\u00f6r det att gr\u00e4nserna f\u00f6r stadsdelen beh\u00f6ver justeras.<\/p>\n<p>\u2013 Det h\u00e4nder otroligt mycket p\u00e5 Klockarb\u00e4cken just nu. Stora ytor planl\u00e4ggs och det g\u00f6rs satsningar p\u00e5 elkapacitet och infrastruktur som ska bidra till den gr\u00f6na omst\u00e4llningen. I den \u00f6stra delen kliver vi utanf\u00f6r befintlig stadsdelsgr\u00e4ns och d\u00e4rf\u00f6r beh\u00f6ver vi ta beslut om att ut\u00f6ka gr\u00e4nserna f\u00f6r Klockarb\u00e4cken, s\u00e4ger Mikael Berglund (S), byggnadsn\u00e4mndens ordf\u00f6rande. <\/p>\n<p>\u00d6ster om Norra Kullav\u00e4gen, d\u00e4r bland annat sn\u00f6tippen \u00e4r idag, ligger ett av de omr\u00e5den d\u00e4r detaljplanering p\u00e5g\u00e5r. H\u00e4r planeras f\u00f6r sm\u00e5 till medelstora verksamheter och industrier med inslag av handel. D\u00e5 detta nya omr\u00e5de kommer att f\u00e5 liknande karakt\u00e4r som resten av Klockarb\u00e4cken \u00e4r det l\u00e4mpligt att gr\u00e4nserna f\u00f6r stadsdelen ut\u00f6kas till att \u00e4ven inneh\u00e5lla det nya verksamhetsomr\u00e5det. Kommunfullm\u00e4ktige fastst\u00e4ller de nya gr\u00e4nserna.<\/p>\n<p><strong>Mer information<\/strong><\/p>\n<p>Mikael Berglund (S)<br \/>ordf\u00f6rande<br \/>byggnadsn\u00e4mnden<br \/>070-559 71 84<br \/><a href=\"https:\/\/www.mynewsdesk.com\/se\/umea\/pressreleases\/mailto:mikael.berglund@umea.se\" target=\"_blank\" rel=\"nofollow noopener\">mikael.berglund@umea.se<\/a><\/p>\n<p>Robert Axebro (C)<br \/>vice ordf\u00f6rande<br \/>byggnadsn\u00e4mnden<br \/>072-501 95 59<br \/><a href=\"https:\/\/www.mynewsdesk.com\/se\/umea\/pressreleases\/mailto:robert.axebro@umea.se\" target=\"_blank\" rel=\"nofollow noopener\">robert.axebro@umea.se<\/a><\/p>\n<\/div>\n<p>&#8212;&#8212;&#8212;&#8212;&#8212;&#8212;&#8212;&#8212;&#8212;&#8212;&#8212;&#8212;&#8212;&#8212;&#8212;&#8212;&#8212;&#8212;&#8212;&#8211;<br \/>\n<a href=\"https:\/\/www.mynewsdesk.com\/se\/umea\/pressreleases\/nya-stadsdelsgraenser-foer-ett-vaexande-klockarbaecken-3299298?utm_source=rss&#038;utm_medium=rss&#038;utm_campaign=Subscription&#038;utm_content=current_news\" target=\"_blank\" rel=\"noopener\">Klicka h\u00e4r &#8211; l\u00e4nk till originalinl\u00e4gget<\/a><br \/>\n<br \/>\nK\u00e4lla: Ume\u00e5 kommun<br \/>\n&#8212;&#8212;&#8212;&#8212;&#8212;&#8212;&#8212;&#8212;&#8212;&#8212;&#8212;&#8212;&#8212;&#8212;&#8212;&#8212;&#8212;&#8212;&#8212;&#8211;<\/p>\n","protected":false},"excerpt":{"rendered":"<p>P\u00e5 Klockarb\u00e4cken p\u00e5g\u00e5r infrastruktur\u00adsatsningar och planering f\u00f6r fler industrier och verksamheter. N\u00e4r omr\u00e5det v\u00e4xer g\u00f6r det att gr\u00e4nserna f\u00f6r stadsdelen beh\u00f6ver justeras. \u2013 Det h\u00e4nder otroligt mycket p\u00e5 Klockarb\u00e4cken just nu. Stora ytor planl\u00e4ggs och det g\u00f6rs satsningar p\u00e5 elkapacitet och infrastruktur som ska bidra till den gr\u00f6na omst\u00e4llningen. I den \u00f6stra delen kliver vi [&hellip;]<\/p>\n","protected":false},"author":59,"featured_media":810,"comment_status":"closed","ping_status":"closed","sticky":false,"template":"","format":"standard","meta":{"_acf_changed":false,"footnotes":"","_links_to":"","_links_to_target":""},"categories":[52,51],"tags":[],"class_list":{"0":"post-809","1":"post","2":"type-post","3":"status-publish","4":"format-standard","5":"has-post-thumbnail","7":"category-umea-kommun","8":"category-kommunen"},"featured_image_src":"https:\/\/gratistidning.com\/umea\/wp-content\/uploads\/sites\/22\/2024\/01\/psn5kb0fntxyu3gh9uyk-1024x576.jpeg","blog_images":{"medium":"https:\/\/gratistidning.com\/umea\/wp-content\/uploads\/sites\/22\/2024\/01\/psn5kb0fntxyu3gh9uyk-300x169.jpeg","large":"https:\/\/gratistidning.com\/umea\/wp-content\/uploads\/sites\/22\/2024\/01\/psn5kb0fntxyu3gh9uyk-1024x576.jpeg"},"acf":[],"ams_acf":[],"publishpress_future_action":{"enabled":false,"date":"2026-05-04 22:41:37","action":"change-status","newStatus":"draft","terms":[],"taxonomy":"category","extraData":[]},"publishpress_future_workflow_manual_trigger":{"enabledWorkflows":[]},"_links":{"self":[{"href":"https:\/\/gratistidning.com\/umea\/wp-json\/wp\/v2\/posts\/809","targetHints":{"allow":["GET"]}}],"collection":[{"href":"https:\/\/gratistidning.com\/umea\/wp-json\/wp\/v2\/posts"}],"about":[{"href":"https:\/\/gratistidning.com\/umea\/wp-json\/wp\/v2\/types\/post"}],"author":[{"embeddable":true,"href":"https:\/\/gratistidning.com\/umea\/wp-json\/wp\/v2\/users\/59"}],"replies":[{"embeddable":true,"href":"https:\/\/gratistidning.com\/umea\/wp-json\/wp\/v2\/comments?post=809"}],"version-history":[{"count":0,"href":"https:\/\/gratistidning.com\/umea\/wp-json\/wp\/v2\/posts\/809\/revisions"}],"wp:featuredmedia":[{"embeddable":true,"href":"https:\/\/gratistidning.com\/umea\/wp-json\/wp\/v2\/media\/810"}],"wp:attachment":[{"href":"https:\/\/gratistidning.com\/umea\/wp-json\/wp\/v2\/media?parent=809"}],"wp:term":[{"taxonomy":"category","embeddable":true,"href":"https:\/\/gratistidning.com\/umea\/wp-json\/wp\/v2\/categories?post=809"},{"taxonomy":"post_tag","embeddable":true,"href":"https:\/\/gratistidning.com\/umea\/wp-json\/wp\/v2\/tags?post=809"}],"curies":[{"name":"wp","href":"https:\/\/api.w.org\/{rel}","templated":true}]}}