{"id":815,"date":"2024-01-25T12:53:40","date_gmt":"2024-01-25T11:53:40","guid":{"rendered":"https:\/\/gratistidning.com.hemsida.eu\/umea\/blog\/2024\/01\/25\/overskott-i-for-och-grundskolan-till-foljd-av-minskat-barnafodande\/"},"modified":"2024-01-25T12:53:40","modified_gmt":"2024-01-25T11:53:40","slug":"overskott-i-for-och-grundskolan-till-foljd-av-minskat-barnafodande","status":"publish","type":"post","link":"https:\/\/gratistidning.com\/umea\/blog\/2024\/01\/25\/overskott-i-for-och-grundskolan-till-foljd-av-minskat-barnafodande\/","title":{"rendered":"\u00d6verskott i f\u00f6r- och grundskolan till f\u00f6ljd av minskat barnaf\u00f6dande"},"content":{"rendered":"<div>\n<p><strong>F\u00f6r- och grundskolen\u00e4mnden redovisar ett \u00f6verskott p\u00e5 drygt 37 miljoner kronor i bokslutet f\u00f6r 2023. Den st\u00f6rsta delen av \u00f6verskottet beror p\u00e5 l\u00e4gre antal barn i f\u00f6rskolan, samtidigt har personalkostnaderna \u00f6kat f\u00f6r n\u00f6dv\u00e4ndiga insatser att f\u00f6rb\u00e4ttra n\u00e4rvaron. <\/strong><\/p>\n<p>N\u00e4mndens budget bygger p\u00e5 en tidigare befolkningsprognos och d\u00e5 antalet barn i f\u00f6rskolan \u00e4r l\u00e4gre \u00e4n f\u00f6rv\u00e4ntat uppst\u00e5r ett positivt resultat. <br \/>\u2013 Det \u00e4r en f\u00f6ljd av n\u00e4mndens ansvarstagande, att medlen f\u00f6r volymer inte nyttjas till andra behov, s\u00e4ger Moa Brydsten (S), ordf\u00f6rande i f\u00f6r- och grundskolen\u00e4mnden. <\/p>\n<p>En justering har gjorts i befolkningsprognosen mellan \u00e5r 2022 och 2023, framf\u00f6r allt f\u00f6r barn i f\u00f6rskole\u00e5ldern. Riktade statsbidrag som bland annat anv\u00e4nds till att minska barngruppernas storlek bidrog till relativt goda resultat f\u00f6r f\u00f6rskolorna. <\/p>\n<p>Under \u00e5ret har n\u00f6dv\u00e4ndiga insatser genomf\u00f6rts f\u00f6r att f\u00f6rb\u00e4ttra n\u00e4rvaron, till exempel ett st\u00f6djande n\u00e4rvaroteam och en rad andra kompensatoriska \u00e5tg\u00e4rder, vilket medf\u00f6rt \u00f6kade personalkostnader. Under l\u00e4s\u00e5ret 2022\u20132023 har andelen elever med mer \u00e4n 20 procents fr\u00e5nvaro minskat n\u00e5got sedan f\u00f6reg\u00e5ende \u00e5r, men \u00e4r fortfarande dubbelt s\u00e5 h\u00f6g som l\u00e4s\u00e5ret f\u00f6re pandemin. <br \/>\u2013 Den viktigaste skyddsfaktorn f\u00f6r att barn och elever inte ska hamna i utanf\u00f6rskap \u00e4r en fullf\u00f6ljd utbildning. Varje missad skoldag inneb\u00e4r en utmaning f\u00f6r elevens l\u00e4rande och f\u00f6r skolans undervisning, s\u00e4ger Moa Brydsten.<\/p>\n<p>Andelen elever i \u00e5rskurs 3 som n\u00e5r godk\u00e4nda resultat p\u00e5 nationella prov i b\u00e5de svenska och matematik var 76 procent vilket inneb\u00e4r en minskning med en procentenhet j\u00e4mf\u00f6rt med f\u00f6reg\u00e5ende \u00e5r. Resultaten i svenska \u00e4r of\u00f6r\u00e4ndrat medan resultaten i matematik minskat n\u00e5got.<\/p>\n<p>Studieresultaten f\u00f6r eleverna i \u00e5rskurs 9 \u00e4r likv\u00e4rdigt med f\u00f6reg\u00e5ende \u00e5r, beh\u00f6righeten till gymnasieskolans yrkesprogram \u00e4r 89 procent. Elevernas beh\u00f6righet till gymnasiet ligger \u00f6ver genomsnittet i j\u00e4mf\u00f6relse med st\u00f6rre st\u00e4der och riket. <\/p>\n<p>Det genomsnittliga meritv\u00e4rdet f\u00f6r \u00e5rskurs 9 har \u00f6kat n\u00e5got j\u00e4mf\u00f6rt med f\u00f6reg\u00e5ende \u00e5r. Pojkarnas meritv\u00e4rde \u00e4r det h\u00f6gsta p\u00e5 fem \u00e5r medan flickornas \u00e4r det l\u00e4gsta. Andelen godk\u00e4nda betyg i svenska som andraspr\u00e5k har \u00f6kat v\u00e4sentligt j\u00e4mf\u00f6rt med f\u00f6reg\u00e5ende \u00e5r, men \u00e4r fortfarande l\u00e5gt j\u00e4mf\u00f6rt med genomsnitt f\u00f6r riket. Andelen elever som g\u00e5r ut med betyg i alla \u00e4mnen minskar f\u00f6r tredje \u00e5ret i rad och ligger nu p\u00e5 75 procent.<\/p>\n<p>\u2013 Ume\u00e5 kommun har goda studieresultat men det finns omr\u00e5den vi beh\u00f6ver utveckla, det sker genom v\u00e5rt \u00e5rliga kvalitetsarbete. Ett prioriterat utvecklingsomr\u00e5de \u00e4r att fr\u00e4mja skoln\u00e4rvaron, s\u00e4ger Moa Brydsten.<\/p>\n<p>En kommunal resursskola har tillskapats genom flytt av Bj\u00f6rkenskolan till st\u00f6rre lokaler. Det \u00e4r ett led i n\u00e4mndens beslut fr\u00e5n 2021 och bidrar till fler elevplatser f\u00f6r undervisning av elever med stora behov av anpassad l\u00e4rmilj\u00f6 och s\u00e4rskilt st\u00f6d. Under \u00e5ret har bland annat personalpool f\u00f6r fritidshem utvecklats och inf\u00f6randet av f\u00f6rste f\u00f6rskoll\u00e4rartj\u00e4nster har genomf\u00f6rts i f\u00f6rskolan. <\/p>\n<p>Sjukfr\u00e5nvaron forts\u00e4tter sjunka och andelen l\u00e5ngtidsfriska \u00f6kar j\u00e4mf\u00f6rt med f\u00f6reg\u00e5ende \u00e5r. \u00c5tg\u00e4rder har genomf\u00f6rts inom prioriterade omr\u00e5den f\u00f6r arbetsmilj\u00f6 och lika r\u00e4ttigheter och m\u00f6jligheter. Ett s\u00e4rskilt fokus har lagts p\u00e5 att f\u00f6rebygga och hantera situationer av hot och v\u00e5ld.<\/p>\n<p><strong>Kontakt<\/strong><\/p>\n<p>Moa Brydsten (S) <br \/>ordf\u00f6rande<br \/>076-774 73 37<br \/><a href=\"https:\/\/www.mynewsdesk.com\/se\/umea\/pressreleases\/mailto:moa.brydsten@umea.se\" target=\"_blank\" rel=\"nofollow noopener\">moa.brydsten@umea.se<\/a><\/p>\n<p>Maria Lindvall (L) <br \/>vice ordf\u00f6rande<br \/>073-50 84 301<br \/><a href=\"https:\/\/www.mynewsdesk.com\/se\/umea\/pressreleases\/mailto:maria.lindvall@umea.se\" target=\"_blank\" rel=\"nofollow noopener\">maria.lindvall@umea.se<\/a><\/p>\n<p>Tobias Holmbom (V) <br \/>2:e vice ordf\u00f6rande<br \/>073-08 68 641<br \/><a href=\"https:\/\/www.mynewsdesk.com\/se\/umea\/pressreleases\/mailto:tobias.holmbom@umea.se\" target=\"_blank\" rel=\"nofollow noopener\">tobias.holmbom@umea.se<\/a><\/p>\n<\/div>\n<p>&#8212;&#8212;&#8212;&#8212;&#8212;&#8212;&#8212;&#8212;&#8212;&#8212;&#8212;&#8212;&#8212;&#8212;&#8212;&#8212;&#8212;&#8212;&#8212;&#8211;<br \/>\n<a href=\"https:\/\/www.mynewsdesk.com\/se\/umea\/pressreleases\/oeverskott-i-foer-och-grundskolan-till-foeljd-av-minskat-barnafoedande-3299562?utm_source=rss&#038;utm_medium=rss&#038;utm_campaign=Subscription&#038;utm_content=current_news\" target=\"_blank\" rel=\"noopener\">Klicka h\u00e4r &#8211; l\u00e4nk till originalinl\u00e4gget<\/a><br \/>\n<br \/>\nK\u00e4lla: Ume\u00e5 kommun<br \/>\n&#8212;&#8212;&#8212;&#8212;&#8212;&#8212;&#8212;&#8212;&#8212;&#8212;&#8212;&#8212;&#8212;&#8212;&#8212;&#8212;&#8212;&#8212;&#8212;&#8211;<\/p>\n","protected":false},"excerpt":{"rendered":"<p>F\u00f6r- och grundskolen\u00e4mnden redovisar ett \u00f6verskott p\u00e5 drygt 37 miljoner kronor i bokslutet f\u00f6r 2023. Den st\u00f6rsta delen av \u00f6verskottet beror p\u00e5 l\u00e4gre antal barn i f\u00f6rskolan, samtidigt har personalkostnaderna \u00f6kat f\u00f6r n\u00f6dv\u00e4ndiga insatser att f\u00f6rb\u00e4ttra n\u00e4rvaron. N\u00e4mndens budget bygger p\u00e5 en tidigare befolkningsprognos och d\u00e5 antalet barn i f\u00f6rskolan \u00e4r l\u00e4gre \u00e4n f\u00f6rv\u00e4ntat uppst\u00e5r [&hellip;]<\/p>\n","protected":false},"author":59,"featured_media":703,"comment_status":"closed","ping_status":"closed","sticky":false,"template":"","format":"standard","meta":{"_acf_changed":false,"footnotes":"","_links_to":"","_links_to_target":""},"categories":[52,51],"tags":[],"class_list":{"0":"post-815","1":"post","2":"type-post","3":"status-publish","4":"format-standard","5":"has-post-thumbnail","7":"category-umea-kommun","8":"category-kommunen"},"featured_image_src":"https:\/\/gratistidning.com\/umea\/wp-content\/uploads\/sites\/22\/2023\/10\/xnavad3tfyon9vvuokyd.png","blog_images":{"medium":"https:\/\/gratistidning.com\/umea\/wp-content\/uploads\/sites\/22\/2023\/10\/xnavad3tfyon9vvuokyd-300x124.png","large":"https:\/\/gratistidning.com\/umea\/wp-content\/uploads\/sites\/22\/2023\/10\/xnavad3tfyon9vvuokyd.png"},"acf":[],"ams_acf":[],"publishpress_future_action":{"enabled":false,"date":"2026-05-05 03:13:54","action":"change-status","newStatus":"draft","terms":[],"taxonomy":"category","extraData":[]},"publishpress_future_workflow_manual_trigger":{"enabledWorkflows":[]},"_links":{"self":[{"href":"https:\/\/gratistidning.com\/umea\/wp-json\/wp\/v2\/posts\/815","targetHints":{"allow":["GET"]}}],"collection":[{"href":"https:\/\/gratistidning.com\/umea\/wp-json\/wp\/v2\/posts"}],"about":[{"href":"https:\/\/gratistidning.com\/umea\/wp-json\/wp\/v2\/types\/post"}],"author":[{"embeddable":true,"href":"https:\/\/gratistidning.com\/umea\/wp-json\/wp\/v2\/users\/59"}],"replies":[{"embeddable":true,"href":"https:\/\/gratistidning.com\/umea\/wp-json\/wp\/v2\/comments?post=815"}],"version-history":[{"count":0,"href":"https:\/\/gratistidning.com\/umea\/wp-json\/wp\/v2\/posts\/815\/revisions"}],"wp:featuredmedia":[{"embeddable":true,"href":"https:\/\/gratistidning.com\/umea\/wp-json\/wp\/v2\/media\/703"}],"wp:attachment":[{"href":"https:\/\/gratistidning.com\/umea\/wp-json\/wp\/v2\/media?parent=815"}],"wp:term":[{"taxonomy":"category","embeddable":true,"href":"https:\/\/gratistidning.com\/umea\/wp-json\/wp\/v2\/categories?post=815"},{"taxonomy":"post_tag","embeddable":true,"href":"https:\/\/gratistidning.com\/umea\/wp-json\/wp\/v2\/tags?post=815"}],"curies":[{"name":"wp","href":"https:\/\/api.w.org\/{rel}","templated":true}]}}