{"id":821,"date":"2024-01-29T08:30:00","date_gmt":"2024-01-29T07:30:00","guid":{"rendered":"https:\/\/gratistidning.com.hemsida.eu\/umea\/blog\/2024\/01\/29\/temadag-i-skolan-till-minne-av-forintelsen-och-for-alla-manniskors-lika-varde\/"},"modified":"2024-01-29T08:30:00","modified_gmt":"2024-01-29T07:30:00","slug":"temadag-i-skolan-till-minne-av-forintelsen-och-for-alla-manniskors-lika-varde","status":"publish","type":"post","link":"https:\/\/gratistidning.com\/umea\/blog\/2024\/01\/29\/temadag-i-skolan-till-minne-av-forintelsen-och-for-alla-manniskors-lika-varde\/","title":{"rendered":"Temadag i skolan till minne av F\u00f6rintelsen och f\u00f6r alla m\u00e4nniskors lika v\u00e4rde"},"content":{"rendered":"<div>\n<p><strong>M\u00e5ndag 29 januari genomf\u00f6rs en temadag f\u00f6r elever i \u00e5rskurs 9 till minne av F\u00f6rintelsen. Temadagen hedrar minnet av alla som m\u00f6rdades och de som stod emot. I F\u00f6rintelsen dog cirka 6 miljoner judar.  \u00c4ven romer och polacker utsattes f\u00f6r folkmord grundade p\u00e5 rasistiska f\u00f6rest\u00e4llningar. Nazityskland riktade ocks\u00e5 f\u00f6rf\u00f6ljelse mot funktionsnedsatta, homosexuella och politiska motst\u00e5ndare. Att uppm\u00e4rksamma F\u00f6rintelsens minnesdag \u00e4r en uppmaning att inte upprepa historiens st\u00f6rsta brott. <\/strong><\/p>\n<p>\u2013 F\u00f6rintelsen \u00e4r en skr\u00e4mmande ber\u00e4ttelse om vad som kan intr\u00e4ffa om vi inte beh\u00e5ller fokus p\u00e5 demokrati och m\u00e4nniskors lika v\u00e4rde. Temadagens syfte \u00e4r att sprida kunskap om F\u00f6rintelsen och de ofattbara brott mot m\u00e4nskligheten som begicks av Nazityskland men \u00e4ven f\u00f6r att visa vilka paralleller som finns till rasism och fr\u00e4mlingsfientlighet i v\u00e5rt samh\u00e4lle idag. Genom den \u00e5rliga temadagen visar vi att vi tar avst\u00e5nd fr\u00e5n alla former av f\u00f6rvr\u00e4ngning och f\u00f6rfalskning av F\u00f6rintelsen. Det ing\u00e5r i skolans l\u00e4roplan och i skolans demokratiuppdrag, s\u00e4ger Ann-Christine Gradin, utbildningsdirekt\u00f6r.<\/p>\n<p>Temadagen till F\u00f6rintelsens minne har h\u00e5llits i 12 \u00e5r i skolan och \u00e4r ett uppdrag fr\u00e5n f\u00f6r- och grundskolen\u00e4mnden. Den sker alltid i anslutning till den internationella minnesdagen f\u00f6r F\u00f6rintelsens offer som i \u00e5r inf\u00f6ll l\u00f6rdag 27 januari. Det \u00e4r samma datum som f\u00f6rintelsel\u00e4gret Auschwitz-Birkenau befriades 1945. <\/p>\n<p>Temadagen genomf\u00f6rs under en halvdag p\u00e5 den egna skolan och inom den egna klassen d\u00e4r tv\u00e5 filmer varvas med reflektion och diskussion. Alla skolor har ett likv\u00e4rdigt uppl\u00e4gg framtaget av l\u00e4rare, rektorer, minoritetssamordnare med st\u00f6d av organisationer och f\u00f6reningar. <\/p>\n<p>Temadagen ing\u00e5r i elevernas historieundervisning d\u00e4r ett centralt inneh\u00e5ll utifr\u00e5n kursplanen i \u00e5rskurs 7\u20139 \u00e4r: De b\u00e5da v\u00e4rldskrigen, deras orsaker och konsekvenser. F\u00f6rtryck, folkf\u00f6rdrivningar och folkmord. F\u00f6rintelsen och Gulag. M\u00e4nniskors motst\u00e5nd mot f\u00f6rtryck. Dagen inkluderar d\u00e4rf\u00f6r s\u00e5v\u00e4l f\u00f6rarbete som efterarbete inom den ordinarie undervisningen.  <\/p>\n<p><strong>Kontakt:<\/strong><\/p>\n<p><strong>F\u00f6r fr\u00e5gor om inneh\u00e5llet p\u00e5 temadagen<br \/><\/strong>Christopher Granberg<br \/>bitr. utbildningsdirekt\u00f6r grundskolan<br \/>070-377 35 92<br \/><a href=\"https:\/\/www.mynewsdesk.com\/se\/umea\/pressreleases\/mailto:christopher.granberg@umea.se\" target=\"_blank\" rel=\"nofollow noopener\">christopher.granberg@umea.se<\/a><\/p>\n<p>Ann-Christine Gradin<br \/>utbildningsdirekt\u00f6r<br \/>070-640 12 85<br \/><a href=\"https:\/\/www.mynewsdesk.com\/se\/umea\/pressreleases\/mailto:ann-christine.gradin@umea.se\" target=\"_blank\" rel=\"nofollow noopener\">ann-christine.gradin@umea.se<\/a><\/p>\n<\/div>\n<p>&#8212;&#8212;&#8212;&#8212;&#8212;&#8212;&#8212;&#8212;&#8212;&#8212;&#8212;&#8212;&#8212;&#8212;&#8212;&#8212;&#8212;&#8212;&#8212;&#8211;<br \/>\n<a href=\"https:\/\/www.mynewsdesk.com\/se\/umea\/pressreleases\/temadag-i-skolan-till-minne-av-foerintelsen-och-foer-alla-maenniskors-lika-vaerde-3299961?utm_source=rss&#038;utm_medium=rss&#038;utm_campaign=Subscription&#038;utm_content=current_news\" target=\"_blank\" rel=\"noopener\">Klicka h\u00e4r &#8211; l\u00e4nk till originalinl\u00e4gget<\/a><br \/>\n<br \/>\nK\u00e4lla: Ume\u00e5 kommun<br \/>\n&#8212;&#8212;&#8212;&#8212;&#8212;&#8212;&#8212;&#8212;&#8212;&#8212;&#8212;&#8212;&#8212;&#8212;&#8212;&#8212;&#8212;&#8212;&#8212;&#8211;<\/p>\n","protected":false},"excerpt":{"rendered":"<p>M\u00e5ndag 29 januari genomf\u00f6rs en temadag f\u00f6r elever i \u00e5rskurs 9 till minne av F\u00f6rintelsen. Temadagen hedrar minnet av alla som m\u00f6rdades och de som stod emot. I F\u00f6rintelsen dog cirka 6 miljoner judar. \u00c4ven romer och polacker utsattes f\u00f6r folkmord grundade p\u00e5 rasistiska f\u00f6rest\u00e4llningar. Nazityskland riktade ocks\u00e5 f\u00f6rf\u00f6ljelse mot funktionsnedsatta, homosexuella och politiska motst\u00e5ndare. [&hellip;]<\/p>\n","protected":false},"author":59,"featured_media":703,"comment_status":"closed","ping_status":"closed","sticky":false,"template":"","format":"standard","meta":{"_acf_changed":false,"footnotes":"","_links_to":"","_links_to_target":""},"categories":[52,51],"tags":[],"class_list":{"0":"post-821","1":"post","2":"type-post","3":"status-publish","4":"format-standard","5":"has-post-thumbnail","7":"category-umea-kommun","8":"category-kommunen"},"featured_image_src":"https:\/\/gratistidning.com\/umea\/wp-content\/uploads\/sites\/22\/2023\/10\/xnavad3tfyon9vvuokyd.png","blog_images":{"medium":"https:\/\/gratistidning.com\/umea\/wp-content\/uploads\/sites\/22\/2023\/10\/xnavad3tfyon9vvuokyd-300x124.png","large":"https:\/\/gratistidning.com\/umea\/wp-content\/uploads\/sites\/22\/2023\/10\/xnavad3tfyon9vvuokyd.png"},"acf":[],"ams_acf":[],"publishpress_future_action":{"enabled":false,"date":"2026-05-05 06:15:17","action":"change-status","newStatus":"draft","terms":[],"taxonomy":"category","extraData":[]},"publishpress_future_workflow_manual_trigger":{"enabledWorkflows":[]},"_links":{"self":[{"href":"https:\/\/gratistidning.com\/umea\/wp-json\/wp\/v2\/posts\/821","targetHints":{"allow":["GET"]}}],"collection":[{"href":"https:\/\/gratistidning.com\/umea\/wp-json\/wp\/v2\/posts"}],"about":[{"href":"https:\/\/gratistidning.com\/umea\/wp-json\/wp\/v2\/types\/post"}],"author":[{"embeddable":true,"href":"https:\/\/gratistidning.com\/umea\/wp-json\/wp\/v2\/users\/59"}],"replies":[{"embeddable":true,"href":"https:\/\/gratistidning.com\/umea\/wp-json\/wp\/v2\/comments?post=821"}],"version-history":[{"count":0,"href":"https:\/\/gratistidning.com\/umea\/wp-json\/wp\/v2\/posts\/821\/revisions"}],"wp:featuredmedia":[{"embeddable":true,"href":"https:\/\/gratistidning.com\/umea\/wp-json\/wp\/v2\/media\/703"}],"wp:attachment":[{"href":"https:\/\/gratistidning.com\/umea\/wp-json\/wp\/v2\/media?parent=821"}],"wp:term":[{"taxonomy":"category","embeddable":true,"href":"https:\/\/gratistidning.com\/umea\/wp-json\/wp\/v2\/categories?post=821"},{"taxonomy":"post_tag","embeddable":true,"href":"https:\/\/gratistidning.com\/umea\/wp-json\/wp\/v2\/tags?post=821"}],"curies":[{"name":"wp","href":"https:\/\/api.w.org\/{rel}","templated":true}]}}