{"id":832,"date":"2024-02-06T08:30:00","date_gmt":"2024-02-06T07:30:00","guid":{"rendered":"https:\/\/gratistidning.com.hemsida.eu\/umea\/blog\/2024\/02\/06\/umea-satsar-pa-arbetsintegrerad-lararutbildning-i-fritidshem\/"},"modified":"2024-02-06T08:30:00","modified_gmt":"2024-02-06T07:30:00","slug":"umea-satsar-pa-arbetsintegrerad-lararutbildning-i-fritidshem","status":"publish","type":"post","link":"https:\/\/gratistidning.com\/umea\/blog\/2024\/02\/06\/umea-satsar-pa-arbetsintegrerad-lararutbildning-i-fritidshem\/","title":{"rendered":"Ume\u00e5 satsar p\u00e5 arbetsintegrerad l\u00e4rarutbildning i fritidshem"},"content":{"rendered":"<div>\n<p><strong>Ume\u00e5 kommun forts\u00e4tter satsningen p\u00e5 arbetsintegrerad l\u00e4rarutbildning (AIL). Det \u00e4r en modell f\u00f6r att studera till l\u00e4rare och samtidigt arbeta i yrket och f\u00e5 l\u00f6n. \u00c5tta tj\u00e4nster ska tills\u00e4ttas f\u00f6r l\u00e4rare i fritidshem i Ume\u00e5 kommun. <\/strong><\/p>\n<p>Ume\u00e5 kommun \u00e4r en av flera skolhuvudm\u00e4n i V\u00e4sterbotten, Norrbotten och \u00d6rnsk\u00f6ldsvik kommun som samarbetar med L\u00e4rarh\u00f6gskolan p\u00e5 Ume\u00e5 universitet inom ramen f\u00f6r ett s\u00e4rskilt regeringsuppdrag. Genom satsningen p\u00e5 arbetsintegrerad l\u00e4rarutbildning kan man under tv\u00e5 dagar per vecka studera och samtidigt arbeta tre dagar som l\u00e4rare i fritidshem. <\/p>\n<p>\u2013 F\u00f6r den som vill karri\u00e4rv\u00e4xla, f\u00f6lja sin dr\u00f6m eller intresse \u00e4r det h\u00e4r en fantastisk m\u00f6jlighet. Att studera och samtidigt arbeta med l\u00f6n. Du f\u00e5r erfarenheter under tiden du studerar och rustas f\u00f6r ett yrke. Till st\u00f6d i arbetet f\u00e5r man en beh\u00f6rig l\u00e4rare som mentor och kollegor som ser fram emot att f\u00e5 utbilda en blivande kollega. Studenten kan i sin tur genom sina studier bidra till verksamhetsutveckling, s\u00e4ger Katarina Lindinger, VFU-samordnare inom f\u00f6r- och grundskola och kontaktperson f\u00f6r AIL. <\/p>\n<p>Den arbetsintegrerade l\u00e4rarutbildningen \u00e4r fyra \u00e5r och bedrivs p\u00e5 distans med 75 procents studietakt. Ett antal fysiska tr\u00e4ffar ing\u00e5r. Utbildningen har samma inneh\u00e5ll som den campusf\u00f6rlagda utbildningen. Efter avklarad utbildning g\u00e5r det s\u00f6ka tillsvidareanst\u00e4llning som l\u00e4rare i fritidshem med beh\u00f6righet i \u00e4mnena Bild eller Idrott och h\u00e4lsa. En f\u00f6ruts\u00e4ttning f\u00f6r tj\u00e4nst hos skolhuvudmannen \u00e4r att man s\u00f6kt och blivit antagen till arbetsintegrerad l\u00e4rarutbildning vid L\u00e4rarh\u00f6gskolan, Ume\u00e5 Universitet. <\/p>\n<p>\u2013 Det h\u00e4r \u00e4r en viktig satsning f\u00f6r att klara kompetensf\u00f6rs\u00f6rjningen och f\u00e5 fler beh\u00f6riga l\u00e4rare. Samarbetet med Ume\u00e5 universitet \u00e4r oerh\u00f6rt viktigt och v\u00e4rdefullt och vi v\u00e4lkomnar alla intresserade att s\u00f6ka de tj\u00e4nster vi erbjuder, s\u00e4ger Ann-Christine Gradin, utbildningsdirekt\u00f6r.<\/p>\n<p>Ans\u00f6kan till utbildningen p\u00e5g\u00e5r mellan 15 februari och 15 mars inf\u00f6r studiestart h\u00f6sten 2024.<\/p>\n<p><a href=\"https:\/\/www.umu.se\/lararhogskolan\/samarbeta-med-oss\/arbetsintegrerad-lararutbildning\/\" target=\"_blank\" rel=\"nofollow noopener\">L\u00e4s mer om arbetsintegrerad l\u00e4rarutbildning (AIL)<\/a><\/p>\n<p><strong>F\u00f6r mer information kontakta:<\/strong><\/p>\n<p>Katarina Lindinger<br \/>VFU-samordnare <br \/>070-688 04 70<br \/><a href=\"https:\/\/www.mynewsdesk.com\/se\/umea\/pressreleases\/mailto:katarina.lindinger@umea.se\" target=\"_blank\" rel=\"nofollow noopener\">katarina.lindinger@umea.se<\/a><\/p>\n<p>Christopher Granberg<br \/>bitr\u00e4dande utbildningsdirekt\u00f6r grundskola<br \/>090-16 47 01<br \/><a href=\"https:\/\/www.mynewsdesk.com\/se\/umea\/pressreleases\/mailto:christopher.granberg@umea.se\" target=\"_blank\" rel=\"nofollow noopener\">christopher.granberg@umea.se<\/a><\/p>\n<\/div>\n<p>&#8212;&#8212;&#8212;&#8212;&#8212;&#8212;&#8212;&#8212;&#8212;&#8212;&#8212;&#8212;&#8212;&#8212;&#8212;&#8212;&#8212;&#8212;&#8212;&#8211;<br \/>\n<a href=\"https:\/\/www.mynewsdesk.com\/se\/umea\/pressreleases\/umeaa-satsar-paa-arbetsintegrerad-laerarutbildning-i-fritidshem-3301881?utm_source=rss&#038;utm_medium=rss&#038;utm_campaign=Subscription&#038;utm_content=current_news\" target=\"_blank\" rel=\"noopener\">Klicka h\u00e4r &#8211; l\u00e4nk till originalinl\u00e4gget<\/a><br \/>\n<br \/>\nK\u00e4lla: Ume\u00e5 kommun<br \/>\n&#8212;&#8212;&#8212;&#8212;&#8212;&#8212;&#8212;&#8212;&#8212;&#8212;&#8212;&#8212;&#8212;&#8212;&#8212;&#8212;&#8212;&#8212;&#8212;&#8211;<\/p>\n","protected":false},"excerpt":{"rendered":"<p>Ume\u00e5 kommun forts\u00e4tter satsningen p\u00e5 arbetsintegrerad l\u00e4rarutbildning (AIL). Det \u00e4r en modell f\u00f6r att studera till l\u00e4rare och samtidigt arbeta i yrket och f\u00e5 l\u00f6n. \u00c5tta tj\u00e4nster ska tills\u00e4ttas f\u00f6r l\u00e4rare i fritidshem i Ume\u00e5 kommun. Ume\u00e5 kommun \u00e4r en av flera skolhuvudm\u00e4n i V\u00e4sterbotten, Norrbotten och \u00d6rnsk\u00f6ldsvik kommun som samarbetar med L\u00e4rarh\u00f6gskolan p\u00e5 Ume\u00e5 [&hellip;]<\/p>\n","protected":false},"author":59,"featured_media":703,"comment_status":"closed","ping_status":"closed","sticky":false,"template":"","format":"standard","meta":{"_acf_changed":false,"footnotes":"","_links_to":"","_links_to_target":""},"categories":[52,51],"tags":[],"class_list":{"0":"post-832","1":"post","2":"type-post","3":"status-publish","4":"format-standard","5":"has-post-thumbnail","7":"category-umea-kommun","8":"category-kommunen"},"featured_image_src":"https:\/\/gratistidning.com\/umea\/wp-content\/uploads\/sites\/22\/2023\/10\/xnavad3tfyon9vvuokyd.png","blog_images":{"medium":"https:\/\/gratistidning.com\/umea\/wp-content\/uploads\/sites\/22\/2023\/10\/xnavad3tfyon9vvuokyd-300x124.png","large":"https:\/\/gratistidning.com\/umea\/wp-content\/uploads\/sites\/22\/2023\/10\/xnavad3tfyon9vvuokyd.png"},"acf":[],"ams_acf":[],"publishpress_future_action":{"enabled":false,"date":"2026-05-05 20:45:49","action":"change-status","newStatus":"draft","terms":[],"taxonomy":"category","extraData":[]},"publishpress_future_workflow_manual_trigger":{"enabledWorkflows":[]},"_links":{"self":[{"href":"https:\/\/gratistidning.com\/umea\/wp-json\/wp\/v2\/posts\/832","targetHints":{"allow":["GET"]}}],"collection":[{"href":"https:\/\/gratistidning.com\/umea\/wp-json\/wp\/v2\/posts"}],"about":[{"href":"https:\/\/gratistidning.com\/umea\/wp-json\/wp\/v2\/types\/post"}],"author":[{"embeddable":true,"href":"https:\/\/gratistidning.com\/umea\/wp-json\/wp\/v2\/users\/59"}],"replies":[{"embeddable":true,"href":"https:\/\/gratistidning.com\/umea\/wp-json\/wp\/v2\/comments?post=832"}],"version-history":[{"count":0,"href":"https:\/\/gratistidning.com\/umea\/wp-json\/wp\/v2\/posts\/832\/revisions"}],"wp:featuredmedia":[{"embeddable":true,"href":"https:\/\/gratistidning.com\/umea\/wp-json\/wp\/v2\/media\/703"}],"wp:attachment":[{"href":"https:\/\/gratistidning.com\/umea\/wp-json\/wp\/v2\/media?parent=832"}],"wp:term":[{"taxonomy":"category","embeddable":true,"href":"https:\/\/gratistidning.com\/umea\/wp-json\/wp\/v2\/categories?post=832"},{"taxonomy":"post_tag","embeddable":true,"href":"https:\/\/gratistidning.com\/umea\/wp-json\/wp\/v2\/tags?post=832"}],"curies":[{"name":"wp","href":"https:\/\/api.w.org\/{rel}","templated":true}]}}