{"id":833,"date":"2024-02-06T10:00:00","date_gmt":"2024-02-06T09:00:00","guid":{"rendered":"https:\/\/gratistidning.com.hemsida.eu\/umea\/blog\/2024\/02\/06\/sa-blir-rallyfesten-i-umea-centrum\/"},"modified":"2024-02-06T10:00:00","modified_gmt":"2024-02-06T09:00:00","slug":"sa-blir-rallyfesten-i-umea-centrum","status":"publish","type":"post","link":"https:\/\/gratistidning.com\/umea\/blog\/2024\/02\/06\/sa-blir-rallyfesten-i-umea-centrum\/","title":{"rendered":"S\u00e5 blir rallyfesten i Ume\u00e5 centrum"},"content":{"rendered":"<div>\n<p><strong>Rally p\u00e5 storbildssk\u00e4rm, veteranbilar, rallysimulatorer, renar p\u00e5 torget och en kortege l\u00e4ngs med R\u00e5dhusesplanaden \u2013 det h\u00e4r \u00e4r n\u00e5gra av h\u00e4ndelserna under rallyveckan i Ume\u00e5 centrum<\/strong>.<\/p>\n<p>\u2013 Vi ser fram emot en fartfylld vecka med h\u00f6g puls och mycket rally, s\u00e4ger Elin Jonsson, centrumledare p\u00e5 Visit Ume\u00e5.<\/p>\n<p>15-18 februari intar Rally Sweden Ume\u00e5 d\u00e4r ett 20-tal av v\u00e4rldens b\u00e4sta rallyteam t\u00e4vlar sig genom 18 specialstr\u00e4ckor \u00e1 30 mil landsv\u00e4g i regionen. Trots att specialstr\u00e4ckorna arrangeras utanf\u00f6r de centrala delarna av Ume\u00e5 kommer det i Ume\u00e5 centrum finnas gott om rally relaterade upplevelser och aktiviteter.<\/p>\n<p>\u2013 Vi kommer att arrangera aktiviteter som g\u00f6r att b\u00e5de rallyentusiaster och bes\u00f6kare med mindre motorintresse kommer trivas och ha kul i centrum b\u00e5de innan och under rallyt\u00e4vlingarna, s\u00e4ger Elin Jonsson, centrumledare p\u00e5 Visit Ume\u00e5.<strong><br \/><\/strong><\/p>\n<p><strong>Actionfylld rally-kick off<\/strong><br \/>Redan nu<strong> <\/strong><strong\/>p\u00e5 l\u00f6rdag arrangerar Visit Ume\u00e5 en kick off p\u00e5 R\u00e5dhustorget. Rally Sweden st\u00e4ller upp sina rallysimulatorer och Ume\u00e5 Veteranbils\u00e4llskap kommer st\u00e4lla ut ett flertal veteranbilar f\u00f6r allm\u00e4n besk\u00e5dan. <\/p>\n<p>\u2013 Ume\u00e5regionen har en l\u00e5ng tradition av motorsport med m\u00e5nga duktiga f\u00f6rare och folk som brinner f\u00f6r sporten. Det \u00e4r roligt att f\u00e5 visa p\u00e5 stadens motorhistoria och den nuvarande motorkulturen genom \u00e4ldre och nyare rallybilar i sammanhang som dessa, s\u00e4ger Thomas Danielsson fr\u00e5n Ume\u00e5 Veteranbilss\u00e4llskap.<\/p>\n<p>De allra minsta bes\u00f6karna kan delta i rallyjakt i MVG-gallerian \u2013 en bokstavsjakt i gallerian med rallytema. Under l\u00f6rdagen kommer det ocks\u00e5 finnas m\u00f6jlighet att k\u00f6pa biljetter och de popul\u00e4ra rally-m\u00f6ssorna till stundande v\u00e4rldsm\u00e4sterskap.<\/p>\n<p><strong>Nyhet f\u00f6r 2024<br \/><\/strong>Under onsdag den 14 februari smygstartar Rally Sweden med en kortege genom centrum med uppst\u00e4llning av rallybilar p\u00e5 R\u00e5dhustorget. Kortegen startar kl.18.00 d\u00e4r f\u00f6rarna anl\u00e4nder till R\u00e5dhustorget ca kl. 18.10. N\u00e5gra av de t\u00e4vlande rallystj\u00e4rnorna kommer senare att fotograferas i R\u00e5dhusparken och rally kortegen avrundas vid kl19.00.<\/p>\n<p><strong>Rallyfest i centrum<br \/><\/strong>F\u00f6r alla som inte har m\u00f6jlighet att ta sig ut till specialstr\u00e4ckorna i skog och mark kommer R\u00e5dhustorget vara ett bra alternativ f\u00f6r att uppleva rallyfesten. N\u00e4r Rally-VM v\u00e4l drar i g\u00e5ng p\u00e5 torsdag den 15 februari kommer centrum-bes\u00f6kare att kunna ta del av t\u00e4vlingarna p\u00e5 storbildssk\u00e4rm. R\u00e5dhustorget g\u00e4stas av renar och det kommer finnas fika, mat och viltprodukter till f\u00f6rs\u00e4ljning och m\u00f6jlighet att ta en paus i k\u00e5torna. Under l\u00f6rdagen kan barnen delta i pyssel och rallybana med bobby cars f\u00f6r de allra minsta p\u00e5 bottenplan i MVG-gallerian. Personal fr\u00e5n Rally Sweden \u00e4r ocks\u00e5 p\u00e5 plats p\u00e5 R\u00e5dhustorget och s\u00e4ljer biljetter och rallym\u00f6ssor fr\u00e5n torsdag till l\u00f6rdag. &#8220;Rallytorget&#8221; har \u00f6ppet mellan kl. 11.00-17.00 torsdag &#8211; s\u00f6ndag. <\/p>\n<\/div>\n<p>&#8212;&#8212;&#8212;&#8212;&#8212;&#8212;&#8212;&#8212;&#8212;&#8212;&#8212;&#8212;&#8212;&#8212;&#8212;&#8212;&#8212;&#8212;&#8212;&#8211;<br \/>\n<a href=\"https:\/\/www.mynewsdesk.com\/se\/visitumea\/pressreleases\/saa-blir-rallyfesten-i-umeaa-centrum-3300540?utm_source=rss&#038;utm_medium=rss&#038;utm_campaign=Subscription&#038;utm_content=current_news\" target=\"_blank\" rel=\"noopener\">Klicka h\u00e4r &#8211; l\u00e4nk till originalinl\u00e4gget<\/a><br \/>\n<br \/>\nK\u00e4lla: Ume\u00e5 kommun<br \/>\n&#8212;&#8212;&#8212;&#8212;&#8212;&#8212;&#8212;&#8212;&#8212;&#8212;&#8212;&#8212;&#8212;&#8212;&#8212;&#8212;&#8212;&#8212;&#8212;&#8211;<\/p>\n","protected":false},"excerpt":{"rendered":"<p>Rally p\u00e5 storbildssk\u00e4rm, veteranbilar, rallysimulatorer, renar p\u00e5 torget och en kortege l\u00e4ngs med R\u00e5dhusesplanaden \u2013 det h\u00e4r \u00e4r n\u00e5gra av h\u00e4ndelserna under rallyveckan i Ume\u00e5 centrum. \u2013 Vi ser fram emot en fartfylld vecka med h\u00f6g puls och mycket rally, s\u00e4ger Elin Jonsson, centrumledare p\u00e5 Visit Ume\u00e5. 15-18 februari intar Rally Sweden Ume\u00e5 d\u00e4r ett [&hellip;]<\/p>\n","protected":false},"author":61,"featured_media":834,"comment_status":"closed","ping_status":"closed","sticky":false,"template":"","format":"standard","meta":{"_acf_changed":false,"footnotes":"","_links_to":"","_links_to_target":""},"categories":[54,28],"tags":[],"class_list":{"0":"post-833","1":"post","2":"type-post","3":"status-publish","4":"format-standard","5":"has-post-thumbnail","7":"category-visit-umea","8":"category-turism"},"featured_image_src":"https:\/\/gratistidning.com\/umea\/wp-content\/uploads\/sites\/22\/2024\/02\/tsj4itdgnpv9gj2mhbme-1024x576.jpeg","blog_images":{"medium":"https:\/\/gratistidning.com\/umea\/wp-content\/uploads\/sites\/22\/2024\/02\/tsj4itdgnpv9gj2mhbme-300x169.jpeg","large":"https:\/\/gratistidning.com\/umea\/wp-content\/uploads\/sites\/22\/2024\/02\/tsj4itdgnpv9gj2mhbme-1024x576.jpeg"},"acf":[],"ams_acf":[],"publishpress_future_action":{"enabled":false,"date":"2026-05-05 22:14:57","action":"change-status","newStatus":"draft","terms":[],"taxonomy":"category","extraData":[]},"publishpress_future_workflow_manual_trigger":{"enabledWorkflows":[]},"_links":{"self":[{"href":"https:\/\/gratistidning.com\/umea\/wp-json\/wp\/v2\/posts\/833","targetHints":{"allow":["GET"]}}],"collection":[{"href":"https:\/\/gratistidning.com\/umea\/wp-json\/wp\/v2\/posts"}],"about":[{"href":"https:\/\/gratistidning.com\/umea\/wp-json\/wp\/v2\/types\/post"}],"author":[{"embeddable":true,"href":"https:\/\/gratistidning.com\/umea\/wp-json\/wp\/v2\/users\/61"}],"replies":[{"embeddable":true,"href":"https:\/\/gratistidning.com\/umea\/wp-json\/wp\/v2\/comments?post=833"}],"version-history":[{"count":0,"href":"https:\/\/gratistidning.com\/umea\/wp-json\/wp\/v2\/posts\/833\/revisions"}],"wp:featuredmedia":[{"embeddable":true,"href":"https:\/\/gratistidning.com\/umea\/wp-json\/wp\/v2\/media\/834"}],"wp:attachment":[{"href":"https:\/\/gratistidning.com\/umea\/wp-json\/wp\/v2\/media?parent=833"}],"wp:term":[{"taxonomy":"category","embeddable":true,"href":"https:\/\/gratistidning.com\/umea\/wp-json\/wp\/v2\/categories?post=833"},{"taxonomy":"post_tag","embeddable":true,"href":"https:\/\/gratistidning.com\/umea\/wp-json\/wp\/v2\/tags?post=833"}],"curies":[{"name":"wp","href":"https:\/\/api.w.org\/{rel}","templated":true}]}}