{"id":836,"date":"2024-02-12T08:30:00","date_gmt":"2024-02-12T07:30:00","guid":{"rendered":"https:\/\/gratistidning.com.hemsida.eu\/umea\/blog\/2024\/02\/12\/kalmasken-invigs-umeas-nya-forskola\/"},"modified":"2024-02-12T08:30:00","modified_gmt":"2024-02-12T07:30:00","slug":"kalmasken-invigs-umeas-nya-forskola","status":"publish","type":"post","link":"https:\/\/gratistidning.com\/umea\/blog\/2024\/02\/12\/kalmasken-invigs-umeas-nya-forskola\/","title":{"rendered":"K\u00e5lmasken invigs &#8211; Ume\u00e5s nya f\u00f6rskola"},"content":{"rendered":"<div>\n<p><strong>I januari 2024 startade f\u00f6rskolan K\u00e5lmasken sin verksamhet p\u00e5 omr\u00e5det Tomtebo g\u00e5rd. Den \u00e4r Ume\u00e5s nya f\u00f6rskola som ska visa v\u00e4gen f\u00f6r maximal funktion och kvalitet oavsett pedagogik eller barngrupp. F\u00f6rskolan pr\u00e4glas av barnfokus, god arbetsmilj\u00f6 och h\u00e5llbart byggande utifr\u00e5n f\u00f6rskolans nya funktionsprogram. Torsdag 15 februari invigs K\u00e5lmasken med ceremoni och rundvandring i lokalerna f\u00f6r alla intresserade.<\/strong><\/p>\n<p>K\u00e5lmasken \u00e4r Ume\u00e5s f\u00f6rsta f\u00f6rskola av klimatsmart tr\u00e4stomme. Att anv\u00e4nda en stomme av tr\u00e4 i st\u00e4llet f\u00f6r en traditionell stomme av st\u00e5l och betong minskar klimatp\u00e5verkan. F\u00f6rskolan med skogsn\u00e4ra l\u00e4ge och utemilj\u00f6 pr\u00e4glas av kreativitet, r\u00f6relsegl\u00e4dje och naturen i olika lekzoner som kommer vara en lekfull m\u00f6tesplats f\u00f6r f\u00f6rskolan och familjer i n\u00e4romr\u00e5det. <\/p>\n<p>\u2013 Naturen kommer att bidra p\u00e5 ett konkret s\u00e4tt i den dagliga verksamheten. Vi ska vara en h\u00e5llbar f\u00f6rskola som bidrar till att st\u00e4rka barns positiva framtidstro. N\u00e4r barnen f\u00e5r m\u00f6jlighet att utveckla tilltro till alla sina f\u00f6rm\u00e5gor f\u00f6rst\u00e5r de sitt eget v\u00e4rde och hur de kan p\u00e5verka sitt liv och v\u00e5r milj\u00f6 f\u00f6r en h\u00e5llbar framtid, s\u00e4ger Charlotte Nyberg.<\/p>\n<p><strong>V\u00e4gledande f\u00f6r moderna f\u00f6rskolans behov<\/strong><\/p>\n<p>F\u00f6rskolan K\u00e5lmasken rymmer sex avdelningar och \u00e4r ett viktigt tillskott till fler f\u00f6rskoleplatser i ett omr\u00e5de som expanderar. Hittills har tre avdelningar startat och f\u00f6rskolan har kapacitet att ta emot fler barn. <\/p>\n<p>F\u00f6rskolan \u00e4r ocks\u00e5 Ume\u00e5s nya f\u00f6rskola enligt nya funktionsprogrammet som \u00e4r v\u00e4gledande vid om- och nybyggnation av andra f\u00f6rskolor i Ume\u00e5 kommun. <\/p>\n<p>\u2013 K\u00e5lmasken har byggts utifr\u00e5n nya funktionsprogrammet f\u00f6r f\u00f6rskolan och anpassat utifr\u00e5n den moderna f\u00f6rskolans behov i st\u00e4llet f\u00f6r trender, k\u00e4nsla eller pedagogiska inriktningar. F\u00f6rutom lagar och f\u00f6rordningar bygger programmet p\u00e5 aktuell forskning och samlade erfarenheter fr\u00e5n rektorer, pedagoger, fackliga representanter samt funktioner inom milj\u00f6- och h\u00e4lsa, fastighet, st\u00e4d och m\u00e5ltidsservice, s\u00e4ger Monika Andersson, utvecklingsledare.<\/p>\n<p>Det finns ett tydligt barnfokus och fokus p\u00e5 god arbetsmilj\u00f6, \u00f6verblickbarhet, tillg\u00e4nglighet. Det lilla sammanhanget med f\u00e4rre gemenskapsytor som kr\u00e4ver fler resurser och underh\u00e5ll. N\u00e5gra exempel: <\/p>\n<ul>\n<li>All yta utnyttjas fullt ut.<\/li>\n<li>Tydligare avskilda avdelningar. Forskning visar att det \u00e4r viktigt f\u00f6r barn att ha en tydlig gemenskap och tillh\u00f6righet. Allt n\u00e4ra barnen. Allt n\u00e4ra personalen.<\/li>\n<li>Mat p\u00e5 avdelningen i st\u00e4llet f\u00f6r matsal som kr\u00e4ver en annan planering.<\/li>\n<\/ul>\n<p><strong><br \/>Kontakt:<\/strong><br \/>Charlotte Nyberg<br \/>rektor<br \/>090-16 58 78<br \/><a href=\"https:\/\/www.mynewsdesk.com\/se\/umea\/pressreleases\/mailto:charlotte.nyberg@umea.se\" target=\"_blank\" rel=\"nofollow noopener\">charlotte.nyberg@umea.se<\/a>   <\/p>\n<p>Monika Andersson<br \/>utvecklingsledare och kontaktperson funktionsprogrammet<br \/>090-16 34 41<br \/><a href=\"https:\/\/www.mynewsdesk.com\/se\/umea\/pressreleases\/mailto:monika.andersson@umea.se\" target=\"_blank\" rel=\"nofollow noopener\">monika.andersson@umea.se<\/a><\/p>\n<p>Katarina Stillesj\u00f6 Vilhelmsson<br \/>omr\u00e5deschef<br \/>090-16 27 05<br \/><a href=\"https:\/\/www.mynewsdesk.com\/se\/umea\/pressreleases\/mailto:katarina.stillesjo@umea.se\" target=\"_blank\" rel=\"nofollow noopener\">katarina.stillesjo@umea.se<\/a><\/p>\n<p>Daniel Nordgren<br \/>bitr\u00e4dande utbildningsdirekt\u00f6r<br \/>090-16 18 02<br \/><a href=\"https:\/\/www.mynewsdesk.com\/se\/umea\/pressreleases\/mailto:daniel.nordgren@umea.se\" target=\"_blank\" rel=\"nofollow noopener\">daniel.nordgren@umea.se<\/a><\/p>\n<\/div>\n<p>&#8212;&#8212;&#8212;&#8212;&#8212;&#8212;&#8212;&#8212;&#8212;&#8212;&#8212;&#8212;&#8212;&#8212;&#8212;&#8212;&#8212;&#8212;&#8212;&#8211;<br \/>\n<a href=\"https:\/\/www.mynewsdesk.com\/se\/umea\/pressreleases\/kaalmasken-invigs-umeaas-nya-foerskola-3302800?utm_source=rss&#038;utm_medium=rss&#038;utm_campaign=Subscription&#038;utm_content=current_news\" target=\"_blank\" rel=\"noopener\">Klicka h\u00e4r &#8211; l\u00e4nk till originalinl\u00e4gget<\/a><br \/>\n<br \/>\nK\u00e4lla: Ume\u00e5 kommun<br \/>\n&#8212;&#8212;&#8212;&#8212;&#8212;&#8212;&#8212;&#8212;&#8212;&#8212;&#8212;&#8212;&#8212;&#8212;&#8212;&#8212;&#8212;&#8212;&#8212;&#8211;<\/p>\n","protected":false},"excerpt":{"rendered":"<p>I januari 2024 startade f\u00f6rskolan K\u00e5lmasken sin verksamhet p\u00e5 omr\u00e5det Tomtebo g\u00e5rd. Den \u00e4r Ume\u00e5s nya f\u00f6rskola som ska visa v\u00e4gen f\u00f6r maximal funktion och kvalitet oavsett pedagogik eller barngrupp. F\u00f6rskolan pr\u00e4glas av barnfokus, god arbetsmilj\u00f6 och h\u00e5llbart byggande utifr\u00e5n f\u00f6rskolans nya funktionsprogram. Torsdag 15 februari invigs K\u00e5lmasken med ceremoni och rundvandring i lokalerna f\u00f6r [&hellip;]<\/p>\n","protected":false},"author":59,"featured_media":837,"comment_status":"closed","ping_status":"closed","sticky":false,"template":"","format":"standard","meta":{"_acf_changed":false,"footnotes":"","_links_to":"","_links_to_target":""},"categories":[52,51],"tags":[],"class_list":{"0":"post-836","1":"post","2":"type-post","3":"status-publish","4":"format-standard","5":"has-post-thumbnail","7":"category-umea-kommun","8":"category-kommunen"},"featured_image_src":"https:\/\/gratistidning.com\/umea\/wp-content\/uploads\/sites\/22\/2024\/02\/z4uwqngdbqud36rduzah-1024x576.jpeg","blog_images":{"medium":"https:\/\/gratistidning.com\/umea\/wp-content\/uploads\/sites\/22\/2024\/02\/z4uwqngdbqud36rduzah-300x169.jpeg","large":"https:\/\/gratistidning.com\/umea\/wp-content\/uploads\/sites\/22\/2024\/02\/z4uwqngdbqud36rduzah-1024x576.jpeg"},"acf":[],"ams_acf":[],"publishpress_future_action":{"enabled":false,"date":"2026-05-06 01:42:58","action":"change-status","newStatus":"draft","terms":[],"taxonomy":"category","extraData":[]},"publishpress_future_workflow_manual_trigger":{"enabledWorkflows":[]},"_links":{"self":[{"href":"https:\/\/gratistidning.com\/umea\/wp-json\/wp\/v2\/posts\/836","targetHints":{"allow":["GET"]}}],"collection":[{"href":"https:\/\/gratistidning.com\/umea\/wp-json\/wp\/v2\/posts"}],"about":[{"href":"https:\/\/gratistidning.com\/umea\/wp-json\/wp\/v2\/types\/post"}],"author":[{"embeddable":true,"href":"https:\/\/gratistidning.com\/umea\/wp-json\/wp\/v2\/users\/59"}],"replies":[{"embeddable":true,"href":"https:\/\/gratistidning.com\/umea\/wp-json\/wp\/v2\/comments?post=836"}],"version-history":[{"count":0,"href":"https:\/\/gratistidning.com\/umea\/wp-json\/wp\/v2\/posts\/836\/revisions"}],"wp:featuredmedia":[{"embeddable":true,"href":"https:\/\/gratistidning.com\/umea\/wp-json\/wp\/v2\/media\/837"}],"wp:attachment":[{"href":"https:\/\/gratistidning.com\/umea\/wp-json\/wp\/v2\/media?parent=836"}],"wp:term":[{"taxonomy":"category","embeddable":true,"href":"https:\/\/gratistidning.com\/umea\/wp-json\/wp\/v2\/categories?post=836"},{"taxonomy":"post_tag","embeddable":true,"href":"https:\/\/gratistidning.com\/umea\/wp-json\/wp\/v2\/tags?post=836"}],"curies":[{"name":"wp","href":"https:\/\/api.w.org\/{rel}","templated":true}]}}